{"id":311766,"date":"2025-08-11T14:23:12","date_gmt":"2025-08-11T14:23:12","guid":{"rendered":"https:\/\/www.europesays.com\/fr\/311766\/"},"modified":"2025-08-11T14:23:12","modified_gmt":"2025-08-11T14:23:12","slug":"le-rhone-et-lyon-basculent-en-vigilance-rouge-mardi-plus-de-41c-annonces","status":"publish","type":"post","link":"https:\/\/www.europesays.com\/fr\/311766\/","title":{"rendered":"le Rh\u00f4ne et Lyon basculent en vigilance rouge mardi, plus de 41\u00b0C annonc\u00e9s"},"content":{"rendered":"<p>            Par<br \/>\n        <strong><br \/>\n            <a href=\"https:\/\/actu.fr\/auteur\/redaction-lyon\" title=\"Consulter tous les articles de R\u00e9daction Lyon\" target=\"_blank\" rel=\"noopener\">R\u00e9daction Lyon<\/a><br \/>\n        <\/strong><\/p>\n<p>        Publi\u00e9 le<\/p>\n<p>            11 ao\u00fbt 2025 \u00e0 16h20<br \/>\n        ; mis \u00e0 jour le 11 ao\u00fbt 2025 \u00e0 16h22    <\/p>\n<p>Quatre nouveaux d\u00e9partements vont basculer en <strong>vigilance rouge canicule<\/strong> d\u00e8s mardi 12 ao\u00fbt, dont le <a href=\"https:\/\/actu.fr\/auvergne-rhone-alpes\/lyon_69123\" target=\"_blank\" rel=\"noopener\">Rh\u00f4ne<\/a>. Le d\u00e9partement est en vigilance orange depuis vendredi dernier en raison d\u2019une intense vague de chaleur qui s\u2019accentue encore davantage cette semaine. Demain, <a href=\"https:\/\/actu.fr\/meteo\/canicule-16-departements-en-vigilance-rouge-mardi-voici-ou-la-chaleur-va-encore-frapper-fort-en-france_63022740.html\" target=\"_blank\" rel=\"noopener\">16 d\u00e9partements<\/a> seront en effet concern\u00e9s par cette premi\u00e8re vigilance rouge de l\u2019ann\u00e9e pour des fortes chaleurs.\u00a0<\/p>\n<p class=\" wall-content\">\n<p class=\" wall-content\"><a href=\"https:\/\/actu.fr\/tag\/meteo-france\" target=\"_blank\" rel=\"noopener\">M\u00e9t\u00e9o-France<\/a> a \u00e9galement plac\u00e9 le d\u00e9partement de l\u2019Is\u00e8re, de la Dr\u00f4me et de l\u2019Ard\u00e8che dans la r\u00e9gion en raison de cette <a href=\"https:\/\/actu.fr\/auvergne-rhone-alpes\/lyon_69123\/canicule-a-lyon-pourquoi-le-pire-est-encore-a-venir-cette-semaine-voici-ce-qui-est-prevu_63020571.html\" target=\"_blank\" rel=\"noopener\">canicule extr\u00eame<\/a>. Des <strong>temp\u00e9ratures maximales de 41\u00b0C<\/strong> sont redout\u00e9es \u00e0 Lyon mardi au plus fort de la journ\u00e9e. Une vigilance rouge qui pourrait se prolonger mercredi avec 40\u00b0C encore attendus sur l\u2019agglom\u00e9ration lyonnaise et la vall\u00e9e du Rh\u00f4ne.<\/p>\n<p class=\" wall-content\"><strong>Plus d\u2019informations \u00e0 suivre\u2026<\/strong><\/p>\n<p class=\" wall-content\">Suivez toute l\u2019actualit\u00e9 de vos villes et m\u00e9dias favoris en vous inscrivant \u00e0 <a href=\"https:\/\/moncompte.actu.fr\" title=\"D\u00e9couvez Mon Actu\" rel=\"nofollow noopener\" data-trk=\"{&quot;cta&quot;:{&quot;action&quot;:&quot;https:\\\/\\\/moncompte.actu.fr&quot;,&quot;category&quot;:&quot;mon compte&quot;,&quot;from&quot;:&quot;article footer&quot;,&quot;name&quot;:&quot;Mon actu&quot;,&quot;type&quot;:&quot;cta&quot;}}\" target=\"_blank\">Mon Actu<\/a>.<\/p>\n","protected":false},"excerpt":{"rendered":"Par R\u00e9daction Lyon Publi\u00e9 le 11 ao\u00fbt 2025 \u00e0 16h20 ; mis \u00e0 jour le 11 ao\u00fbt 2025&hellip;\n","protected":false},"author":2,"featured_media":311767,"comment_status":"","ping_status":"","sticky":false,"template":"","format":"standard","meta":{"footnotes":""},"categories":[1889],"tags":[1111,11,2430,6698,1777,674,1011,27,2428,2487,2357,12,25],"class_list":{"0":"post-311766","1":"post","2":"type-post","3":"status-publish","4":"format-standard","5":"has-post-thumbnail","7":"category-lyon","8":"tag-actu","9":"tag-actualites","10":"tag-auvergne-rhone-alpes","11":"tag-canicule","12":"tag-eu","13":"tag-europe","14":"tag-fr","15":"tag-france","16":"tag-lyon","17":"tag-meteo","18":"tag-meteo-france","19":"tag-news","20":"tag-republique-francaise"},"share_on_mastodon":{"url":"https:\/\/pubeurope.com\/@fr\/115010588082341362","error":""},"_links":{"self":[{"href":"https:\/\/www.europesays.com\/fr\/wp-json\/wp\/v2\/posts\/311766","targetHints":{"allow":["GET"]}}],"collection":[{"href":"https:\/\/www.europesays.com\/fr\/wp-json\/wp\/v2\/posts"}],"about":[{"href":"https:\/\/www.europesays.com\/fr\/wp-json\/wp\/v2\/types\/post"}],"author":[{"embeddable":true,"href":"https:\/\/www.europesays.com\/fr\/wp-json\/wp\/v2\/users\/2"}],"replies":[{"embeddable":true,"href":"https:\/\/www.europesays.com\/fr\/wp-json\/wp\/v2\/comments?post=311766"}],"version-history":[{"count":0,"href":"https:\/\/www.europesays.com\/fr\/wp-json\/wp\/v2\/posts\/311766\/revisions"}],"wp:featuredmedia":[{"embeddable":true,"href":"https:\/\/www.europesays.com\/fr\/wp-json\/wp\/v2\/media\/311767"}],"wp:attachment":[{"href":"https:\/\/www.europesays.com\/fr\/wp-json\/wp\/v2\/media?parent=311766"}],"wp:term":[{"taxonomy":"category","embeddable":true,"href":"https:\/\/www.europesays.com\/fr\/wp-json\/wp\/v2\/categories?post=311766"},{"taxonomy":"post_tag","embeddable":true,"href":"https:\/\/www.europesays.com\/fr\/wp-json\/wp\/v2\/tags?post=311766"}],"curies":[{"name":"wp","href":"https:\/\/api.w.org\/{rel}","templated":true}]}}