{"id":311769,"date":"2025-08-11T14:26:15","date_gmt":"2025-08-11T14:26:15","guid":{"rendered":"https:\/\/www.europesays.com\/fr\/311769\/"},"modified":"2025-08-11T14:26:15","modified_gmt":"2025-08-11T14:26:15","slug":"visites-dans-paris-et-cinema-en-plein-air-memorial-de-la-shoah","status":"publish","type":"post","link":"https:\/\/www.europesays.com\/fr\/311769\/","title":{"rendered":"visites dans Paris et cin\u00e9ma en plein air! M\u00e9morial de la Shoah"},"content":{"rendered":"<p>\t\t\t\tVISITE GUID\u00e9ES POUR ADULTES<\/p>\n<p>Le M\u00e9morial de la Shoah de Paris propose des visites guid\u00e9es en fran\u00e7ais et en anglais, gratuites dans les expositions temporaires et permanente en ao\u00fbt.<\/p>\n<p>Visites guid\u00e9es de l\u2019exposition permanente en fran\u00e7ais<\/p>\n<p>12, 13, 17, 18, 21, 25, 31 Ao\u00fbt 2025<\/p>\n<p><a class=\"btn-couleur\" href=\"https:\/\/billetterie.memorialdelashoah.org\/fr\/evenements\/visite-guidee-pour-adultes?page=1\" rel=\"nofollow noopener\" target=\"_blank\">Je r\u00e9serve\u00a0<\/a><\/p>\n<p>Guided tours in English of the permanent exhibition<\/p>\n<p>13, 19, 22, 27 August 2025<\/p>\n<p><a class=\"btn-couleur\" href=\"https:\/\/billetterie.memorialdelashoah.org\/fr\/evenements\/visite-guidee-pour-adultes?page=1\" rel=\"nofollow noopener\" target=\"_blank\">Book your visit\u00a0<\/a><\/p>\n<p>\u00a0<\/p>\n<p>PARCOURS DE M\u00e9MOIRE<br \/>\n<img loading=\"lazy\" decoding=\"async\" class=\"alignleft wp-image-23994 size-medium\" src=\"https:\/\/www.europesays.com\/fr\/wp-content\/uploads\/2025\/08\/parcours-de-memoire-vel-dhiv-1-300x300.png\" alt=\"\" width=\"300\" height=\"300\"  \/>D\u00e9couvrir les lieux de m\u00e9moire de la rafle du vel d\u2019hiv dans le 15e arr.<\/p>\n<p>Mardi 26 Ao\u00fbt 2025, 15h<\/p>\n<p>Le Me\u0301morial de la Shoah organise un parcours de me\u0301moire exceptionnel du site historique du Vel d\u2019Hiv et de ses lieux de me\u0301moire. Ce parcours abordera l\u2019histoire et la me\u0301moire de cette rafle, de\u0301sormais symbole de la Shoah en France.<\/p>\n<p><a class=\"btn-couleur\" href=\"https:\/\/billetterie.memorialdelashoah.org\/fr\/evenement\/202508-decouvrir-les-lieux-de-memoire-de-la-rafle-du-vel-dhiv\" rel=\"nofollow noopener\" target=\"_blank\">Je r\u00e9serve<\/a><\/p>\n<p>\u00a0<\/p>\n<p>CINEMA EN PLEIN AIR<\/p>\n<p>X-Men : le commencement, Le dernier m\u00e9tro \u2026 : d\u00e9couvrez la programmation du cin\u00e9ma en plein air sur le parvis du M\u00e9morial de la Shoah de Paris en ao\u00fbt.<\/p>\n<p><img decoding=\"async\" loading=\"lazy\" class=\"alignleft wp-image-23977 size-medium\" src=\"https:\/\/www.memorialdelashoah.org\/wp-content\/uploads\/2025\/08\/278649-222x300.webp\" alt=\"\" width=\"222\" height=\"300\"  \/>\u00ab\u00a0Le Labyrinthe du silence\u00a0\u00bb de Giulio Ricciarelli<\/p>\n<p>Vendredi 22 Ao\u00fbt 2025, \u00e0 21h30<\/p>\n<p>Lorsqu\u2019il d\u00e9couvre de nouvelles pi\u00e8ces essentielles permettant d\u2019ouvrir un nouveau proc\u00e8s contre d\u2019anciens SS, il est d\u00e9termin\u00e9 \u00e0 aller jusqu\u2019au bout pour les faire condamner. Mais de nombreux obstacles se dressent sur sa route dans une Allemagne encore fuyante sur son pass\u00e9.<\/p>\n<p><a class=\"btn-couleur\" href=\"https:\/\/billetterie.memorialdelashoah.org\/fr\/evenement\/le-labyrinthe-du-silence-de-giulio-ricciarelli\" rel=\"nofollow noopener\" target=\"_blank\">Je r\u00e9serve<\/a><\/p>\n<p>\u00a0<\/p>\n<p>\u00a0<\/p>\n<p><img decoding=\"async\" loading=\"lazy\" class=\"alignleft wp-image-23980 size-medium\" src=\"https:\/\/www.memorialdelashoah.org\/wp-content\/uploads\/2025\/08\/x-men-le-commencement-jpg-225x300.webp\" alt=\"\" width=\"225\" height=\"300\"  \/>\u00ab\u00a0X-Men : le commencement\u00a0\u00bb de Matthew Vaughn<\/p>\n<p>Samedi 23 Ao\u00fbt 2025, \u00e0 21h30<\/p>\n<p>X-Men : le commencement revient aux origines des c\u00e9l\u00e8bres mutants. Eric Lensherr (Magn\u00e9to) est un rescap\u00e9 d\u2019Auschwitz qui peut contr\u00f4ler le m\u00e9tal. Adulte, il traque le Dr Schmidt, nazi responsable de la mort de sa famille, et fait la rencontre de Charles Xavier, un mutant t\u00e9l\u00e9pathe. Ensemble, ils recrutent d\u2019autres mutants pour lutter contre un Schmidt d\u00e9termin\u00e9 \u00e0 provoquer la Troisi\u00e8me Guerre mondiale.<\/p>\n<p><a class=\"btn-couleur\" href=\"https:\/\/billetterie.memorialdelashoah.org\/fr\/evenement\/x-men-le-commencement-de-matthew-vaughn\" rel=\"nofollow noopener\" target=\"_blank\">Je r\u00e9serve\u00a0<\/a><\/p>\n<p>\u00a0<\/p>\n<p><img decoding=\"async\" loading=\"lazy\" class=\"alignleft wp-image-23986 size-medium\" src=\"https:\/\/www.europesays.com\/fr\/wp-content\/uploads\/2025\/08\/le-dernier-metro-223x300.jpg\" alt=\"\" width=\"223\" height=\"300\"  \/>\u00ab\u00a0Le Dernier M\u00e9tro\u00a0\u00bb de Fran\u00e7ois Truffaut<\/p>\n<p>Dimanche 24 Ao\u00fbt 2025, \u00e0 21h30 <\/p>\n<p>Paris, 1942. Lucas Steiner, metteur en sc\u00e8ne juif, est contraint de fuir son th\u00e9\u00e2tre. Faisant croire \u00e0 son exil en Am\u00e9rique, il vit en r\u00e9alit\u00e9 sous les planches de sa salle de spectacle et guide encore la troupe par l\u2019interm\u00e9diaire de sa femme, Marion. Mais le th\u00e9\u00e2tre est soumis \u00e0 la mauvaise presse hargneuse d\u2019un critique antis\u00e9mite. Marion fait donc engager Bernard Granger, un acteur prometteur\u2026<\/p>\n<p><a class=\"btn-couleur\" href=\"https:\/\/billetterie.memorialdelashoah.org\/fr\/evenement\/le-dernier-metro-de-francois-truffaut\" rel=\"nofollow noopener\" target=\"_blank\">Je r\u00e9serve\u00a0<\/a><\/p>\n<p>\u00a0<\/p>\n<p>LES ESPACES DU M\u00c9MORIAL<\/p>\n<p>Le centre de documentation\/salle de lecture sera ferm\u00e9e les journ\u00e9es du 15 au 17 aout 2025.\u00a0Le mus\u00e9e reste ouvert au public.<\/p>\n<p><a class=\"btn-couleur\" href=\"https:\/\/www.memorialdelashoah.org\/acces-horaires-et-infos-pratiques.html\" rel=\"nofollow noopener\" target=\"_blank\">Je pr\u00e9pare ma visite\u00a0<\/a><\/p>\n","protected":false},"excerpt":{"rendered":"VISITE GUID\u00e9ES POUR ADULTES Le M\u00e9morial de la Shoah de Paris propose des visites guid\u00e9es en fran\u00e7ais et&hellip;\n","protected":false},"author":2,"featured_media":311770,"comment_status":"","ping_status":"","sticky":false,"template":"","format":"standard","meta":{"footnotes":""},"categories":[1888],"tags":[1111,1928,11,1927,1777,674,1011,27,12,1926,626,1925,25],"class_list":{"0":"post-311769","1":"post","2":"type-post","3":"status-publish","4":"format-standard","5":"has-post-thumbnail","7":"category-paris","8":"tag-actu","9":"tag-actu-paris","10":"tag-actualites","11":"tag-actualites-paris","12":"tag-eu","13":"tag-europe","14":"tag-fr","15":"tag-france","16":"tag-news","17":"tag-news-paris","18":"tag-paris","19":"tag-paris-news","20":"tag-republique-francaise"},"share_on_mastodon":{"url":"https:\/\/pubeurope.com\/@fr\/115010600067591895","error":""},"_links":{"self":[{"href":"https:\/\/www.europesays.com\/fr\/wp-json\/wp\/v2\/posts\/311769","targetHints":{"allow":["GET"]}}],"collection":[{"href":"https:\/\/www.europesays.com\/fr\/wp-json\/wp\/v2\/posts"}],"about":[{"href":"https:\/\/www.europesays.com\/fr\/wp-json\/wp\/v2\/types\/post"}],"author":[{"embeddable":true,"href":"https:\/\/www.europesays.com\/fr\/wp-json\/wp\/v2\/users\/2"}],"replies":[{"embeddable":true,"href":"https:\/\/www.europesays.com\/fr\/wp-json\/wp\/v2\/comments?post=311769"}],"version-history":[{"count":0,"href":"https:\/\/www.europesays.com\/fr\/wp-json\/wp\/v2\/posts\/311769\/revisions"}],"wp:featuredmedia":[{"embeddable":true,"href":"https:\/\/www.europesays.com\/fr\/wp-json\/wp\/v2\/media\/311770"}],"wp:attachment":[{"href":"https:\/\/www.europesays.com\/fr\/wp-json\/wp\/v2\/media?parent=311769"}],"wp:term":[{"taxonomy":"category","embeddable":true,"href":"https:\/\/www.europesays.com\/fr\/wp-json\/wp\/v2\/categories?post=311769"},{"taxonomy":"post_tag","embeddable":true,"href":"https:\/\/www.europesays.com\/fr\/wp-json\/wp\/v2\/tags?post=311769"}],"curies":[{"name":"wp","href":"https:\/\/api.w.org\/{rel}","templated":true}]}}