{"id":311771,"date":"2025-08-11T14:27:14","date_gmt":"2025-08-11T14:27:14","guid":{"rendered":"https:\/\/www.europesays.com\/fr\/311771\/"},"modified":"2025-08-11T14:27:14","modified_gmt":"2025-08-11T14:27:14","slug":"lukovic-en-route-vers-las-palmas-moreira-courtise-par-latalanta","status":"publish","type":"post","link":"https:\/\/www.europesays.com\/fr\/311771\/","title":{"rendered":"Lukovic en route vers Las Palmas, Moreira courtis\u00e9 par l&rsquo;Atalanta"},"content":{"rendered":"<p>Peu pour ne pas dire pas utilis\u00e9 par Liam Rosenior la saison derni\u00e8re (11 minutes de temps de jeu), Milos Lukovic ne fait apparemment toujours pas partie des plans de l\u2019entra\u00eeneur anglais \u00e0 l\u2019aube de la reprise de la Ligue 1 le 17 ao\u00fbt \u00e0 Metz. Rel\u00e9gu\u00e9 avec l\u2019\u00e9quipe bis <a href=\"https:\/\/www.dna.fr\/sport\/2025\/08\/09\/le-racing-hausse-le-ton\" target=\"_blank\" rel=\"noopener\">samedi matin \u00e0 Mayence<\/a>, pour le dernier match amical de la pr\u00e9paration, le Serbe de 19 ans a d\u00fb comprendre le message.<\/p>\n<p>Ainsi, comme <a href=\"https:\/\/www.atlanticohoy.com\/deportes-sa\/milos-lukovic-delantero-estrasburgo-objetivo-ud-palmas_1549631_102.html\" target=\"_blank\" rel=\"noopener\">la presse espagnole <\/a>s\u2019en est fait l\u2019\u00e9cho, l\u2019attaquant serait en route pour Las Palmas o\u00f9 il devrait \u00eatre pr\u00eat\u00e9 pour la saison. Apr\u00e8s un premier pr\u00eat de six mois en d\u00e9but d\u2019ann\u00e9e \u00e0 Heerenveen (14 matches, 3 buts) en Eredivise, l\u2019ex-buteur de l\u2019IMT Belgrade s\u2019appr\u00eate \u00e0 d\u00e9couvrir la deuxi\u00e8me division espagnole.<\/p>\n<p>Milos Lukovic est sous contrat avec le Racing jusqu\u2019en 2028.<\/p>\n<p>L&rsquo;autre dossier de ce lundi c<a href=\"https:\/\/www.gazzetta.it\/Calcio\/Serie-A\/Atalanta\/11-08-2025\/atalanta-su-rodrigo-muniz-del-fulham-mateta-del-crystal-palace-moreira-strasburgo.shtml\" target=\"_blank\" rel=\"noopener\">oncerne Diego Moreira. Selon une indicr\u00e9tion de la Gazetta Dello Sport<\/a>, l&rsquo;Atalanta Bergame aimerait enr\u00f4ler le piston\/ailier gauche du Racing, apr\u00e8s sa belle saison 2024-2025, pour le mettre en concurrence avec Davide Zappacosta au poste de lat\u00e9ral. Le quotidien italien indique que Racing attendrait 35 millions d&rsquo;euros pour se s\u00e9parer d&rsquo;un \u00e9l\u00e9ment central de son onze sous contrat jusqu&rsquo;en 2029.<\/p>\n","protected":false},"excerpt":{"rendered":"Peu pour ne pas dire pas utilis\u00e9 par Liam Rosenior la saison derni\u00e8re (11 minutes de temps de&hellip;\n","protected":false},"author":2,"featured_media":311772,"comment_status":"","ping_status":"","sticky":false,"template":"","format":"standard","meta":{"footnotes":""},"categories":[1888],"tags":[1111,1928,11,1927,2389,2880,1777,674,107,63,1011,27,23100,12,1926,626,1925,41281,25,517,1947],"class_list":{"0":"post-311771","1":"post","2":"type-post","3":"status-publish","4":"format-standard","5":"has-post-thumbnail","7":"category-paris","8":"tag-actu","9":"tag-actu-paris","10":"tag-actualites","11":"tag-actualites-paris","12":"tag-alsace","13":"tag-edition-strasbourg","14":"tag-eu","15":"tag-europe","16":"tag-fil-info","17":"tag-football","18":"tag-fr","19":"tag-france","20":"tag-mercato-football","21":"tag-news","22":"tag-news-paris","23":"tag-paris","24":"tag-paris-news","25":"tag-racing-club-strasbourg-masculin","26":"tag-republique-francaise","27":"tag-sport","28":"tag-sport-national"},"share_on_mastodon":{"url":"https:\/\/pubeurope.com\/@fr\/115010603741934526","error":""},"_links":{"self":[{"href":"https:\/\/www.europesays.com\/fr\/wp-json\/wp\/v2\/posts\/311771","targetHints":{"allow":["GET"]}}],"collection":[{"href":"https:\/\/www.europesays.com\/fr\/wp-json\/wp\/v2\/posts"}],"about":[{"href":"https:\/\/www.europesays.com\/fr\/wp-json\/wp\/v2\/types\/post"}],"author":[{"embeddable":true,"href":"https:\/\/www.europesays.com\/fr\/wp-json\/wp\/v2\/users\/2"}],"replies":[{"embeddable":true,"href":"https:\/\/www.europesays.com\/fr\/wp-json\/wp\/v2\/comments?post=311771"}],"version-history":[{"count":0,"href":"https:\/\/www.europesays.com\/fr\/wp-json\/wp\/v2\/posts\/311771\/revisions"}],"wp:featuredmedia":[{"embeddable":true,"href":"https:\/\/www.europesays.com\/fr\/wp-json\/wp\/v2\/media\/311772"}],"wp:attachment":[{"href":"https:\/\/www.europesays.com\/fr\/wp-json\/wp\/v2\/media?parent=311771"}],"wp:term":[{"taxonomy":"category","embeddable":true,"href":"https:\/\/www.europesays.com\/fr\/wp-json\/wp\/v2\/categories?post=311771"},{"taxonomy":"post_tag","embeddable":true,"href":"https:\/\/www.europesays.com\/fr\/wp-json\/wp\/v2\/tags?post=311771"}],"curies":[{"name":"wp","href":"https:\/\/api.w.org\/{rel}","templated":true}]}}