{"id":311777,"date":"2025-08-11T14:31:18","date_gmt":"2025-08-11T14:31:18","guid":{"rendered":"https:\/\/www.europesays.com\/fr\/311777\/"},"modified":"2025-08-11T14:31:18","modified_gmt":"2025-08-11T14:31:18","slug":"la-russie-annonce-une-strategie-preventive-en-matiere-de-desarmement-la-nouvelle-tribune","status":"publish","type":"post","link":"https:\/\/www.europesays.com\/fr\/311777\/","title":{"rendered":"la Russie annonce une strat\u00e9gie pr\u00e9ventive en mati\u00e8re de d\u00e9sarmement \u2013 La Nouvelle Tribune"},"content":{"rendered":"<p>La <strong>Russie<\/strong> affirme qu\u2019elle continuera \u00e0 ajuster ses politiques de d\u00e9sarmement nucl\u00e9aire et de construction militaire de mani\u00e8re pr\u00e9ventive, afin de garantir sa s\u00e9curit\u00e9 nationale face aux pressions internationales. Cette position a \u00e9t\u00e9 exprim\u00e9e par le vice-ministre russe des Affaires \u00e9trang\u00e8res, <strong>Sergue\u00ef Riabkov<\/strong>, lors d\u2019un entretien t\u00e9l\u00e9vis\u00e9 sur la cha\u00eene publique Rossiya 24.<\/p>\n<p>Une r\u00e9ponse aux pressions ext\u00e9rieures<\/p>\n<p>Selon <strong>Moscou<\/strong>, les d\u00e9cisions prises dans le domaine strat\u00e9gique ne visent pas \u00e0 initier une escalade, mais \u00e0 r\u00e9pondre \u00e0 ce que le Kremlin consid\u00e8re comme des tentatives de chantage ou de diktat de la part de ses adversaires. Sergue\u00ef Riabkov a soulign\u00e9 que la Russie \u00ab n\u2019acceptera jamais \u00bb ce type de m\u00e9thodes et qu\u2019elle se r\u00e9serve le droit d\u2019anticiper certaines actions pour contrer d\u2019\u00e9ventuelles initiatives hostiles.<\/p>\n<p>Cette d\u00e9claration intervient dans un contexte o\u00f9 les relations entre la Russie et plusieurs puissances occidentales restent tendues, notamment autour des questions de s\u00e9curit\u00e9 en Europe, du contr\u00f4le des armements strat\u00e9giques et de la guerre en Ukraine. Les accords internationaux, tels que le New START, limitant les arsenaux nucl\u00e9aires, font l\u2019objet de vives discussions depuis la suspension par Moscou de sa participation en 2023.<\/p>\n<p>Pr\u00e9vention plut\u00f4t qu\u2019escalade, selon Moscou<\/p>\n<p>Pour le vice-ministre, la notion de r\u00e9action \u00ab pr\u00e9ventive \u00bb n\u2019implique pas une volont\u00e9 de d\u00e9clencher les tensions, mais plut\u00f4t d\u2019\u00eatre pr\u00eat \u00e0 toute \u00e9volution d\u00e9favorable. \u00ab Si le prix de notre r\u00e9ponse est per\u00e7u comme une escalade, qu\u2019il en soit ainsi \u00bb, a-t-il indiqu\u00e9, insistant sur le fait que ces mesures sont prises dans un objectif de dissuasion et non d\u2019agression.<\/p>\n<p>Cette approche s\u2019inscrit dans la doctrine militaire russe qui accorde une place centrale \u00e0 la dissuasion nucl\u00e9aire comme garant de la souverainet\u00e9 nationale. Les experts notent que cette strat\u00e9gie pourrait s\u2019accompagner d\u2019investissements accrus dans les syst\u00e8mes d\u2019armes de nouvelle g\u00e9n\u00e9ration, tout en maintenant une posture diplomatique affirmant refuser l\u2019initiative d\u2019une confrontation directe.<\/p>\n","protected":false},"excerpt":{"rendered":"La Russie affirme qu\u2019elle continuera \u00e0 ajuster ses politiques de d\u00e9sarmement nucl\u00e9aire et de construction militaire de mani\u00e8re&hellip;\n","protected":false},"author":2,"featured_media":19808,"comment_status":"","ping_status":"","sticky":false,"template":"","format":"standard","meta":{"footnotes":""},"categories":[1591],"tags":[11,1887,12,1885,1886,132],"class_list":{"0":"post-311777","1":"post","2":"type-post","3":"status-publish","4":"format-standard","5":"has-post-thumbnail","7":"category-russie","8":"tag-actualites","9":"tag-federation-de-russie","10":"tag-news","11":"tag-russia","12":"tag-russian-federation","13":"tag-russie"},"share_on_mastodon":{"url":"https:\/\/pubeurope.com\/@fr\/115010619570281225","error":""},"_links":{"self":[{"href":"https:\/\/www.europesays.com\/fr\/wp-json\/wp\/v2\/posts\/311777","targetHints":{"allow":["GET"]}}],"collection":[{"href":"https:\/\/www.europesays.com\/fr\/wp-json\/wp\/v2\/posts"}],"about":[{"href":"https:\/\/www.europesays.com\/fr\/wp-json\/wp\/v2\/types\/post"}],"author":[{"embeddable":true,"href":"https:\/\/www.europesays.com\/fr\/wp-json\/wp\/v2\/users\/2"}],"replies":[{"embeddable":true,"href":"https:\/\/www.europesays.com\/fr\/wp-json\/wp\/v2\/comments?post=311777"}],"version-history":[{"count":0,"href":"https:\/\/www.europesays.com\/fr\/wp-json\/wp\/v2\/posts\/311777\/revisions"}],"wp:featuredmedia":[{"embeddable":true,"href":"https:\/\/www.europesays.com\/fr\/wp-json\/wp\/v2\/media\/19808"}],"wp:attachment":[{"href":"https:\/\/www.europesays.com\/fr\/wp-json\/wp\/v2\/media?parent=311777"}],"wp:term":[{"taxonomy":"category","embeddable":true,"href":"https:\/\/www.europesays.com\/fr\/wp-json\/wp\/v2\/categories?post=311777"},{"taxonomy":"post_tag","embeddable":true,"href":"https:\/\/www.europesays.com\/fr\/wp-json\/wp\/v2\/tags?post=311777"}],"curies":[{"name":"wp","href":"https:\/\/api.w.org\/{rel}","templated":true}]}}