{"id":311780,"date":"2025-08-11T14:33:10","date_gmt":"2025-08-11T14:33:10","guid":{"rendered":"https:\/\/www.europesays.com\/fr\/311780\/"},"modified":"2025-08-11T14:33:10","modified_gmt":"2025-08-11T14:33:10","slug":"nigeria-et-cooperation-avec-les-usa","status":"publish","type":"post","link":"https:\/\/www.europesays.com\/fr\/311780\/","title":{"rendered":"Nigeria et coop\u00e9ration avec les USA"},"content":{"rendered":"<p>&#13;<br \/>\n\t\t\t\tEn Lecture&#13;<br \/>\n\t\t\t\tLe Nigeria ne changera pas sa position concernant l\u2019accueil des personnes expuls\u00e9es des USA, en ajoutant un fardeau suppl\u00e9mentaire \u00e0 ses d\u00e9fis socio-\u00e9conomiques actuels (Kimiebi Ebienfa des Affaires \u00e9trang\u00e8res du pays)&#13;\n\t\t\t<\/p>\n<p>&#13;<br \/>\n\t\t\t\t\t\t\t\t\tShare\t\t\t<\/p>\n<p>\t\t\t\t\t\t<a class=\"share-action share-trigger icon-facebook\" aria-label=\"Share on Facebook\" href=\"https:\/\/www.facebook.com\/sharer.php?u=https%3A%2F%2Fafriquinfos.com%2Fle-nigeria-ne-changera-pas-sa-position-concernant-laccueil-des-personnes-expulsees-des-usa-en-ajoutant-un-fardeau-supplementaire-a-ses-defis-socio-economiques-actuels-kimiebi-ebienfa-des-affaires%2F\" data-title=\"Facebook\" data-gravity=\"n\" rel=\"nofollow noopener\" target=\"_blank\"><\/a><br \/>\n\t\t\t\t<a class=\"share-action share-trigger icon-twitter\" aria-label=\"Share on Twitter\" href=\"https:\/\/twitter.com\/intent\/tweet?text=Le+Nigeria+ne+changera+pas+sa+position+concernant+l%E2%80%99accueil+des+personnes+expuls%C3%A9es+des+USA%2C+en+ajoutant+un+fardeau+suppl%C3%A9mentaire+%C3%A0+ses+d%C3%A9fis+socio-%C3%A9conomiques+actuels+%28Kimiebi+Ebienfa+des+Affaires+%C3%A9trang%C3%A8res+du+pays%29&amp;url=https%3A%2F%2Fafriquinfos.com%2Fle-nigeria-ne-changera-pas-sa-position-concernant-laccueil-des-personnes-expulsees-des-usa-en-ajoutant-un-fardeau-supplementaire-a-ses-defis-socio-economiques-actuels-kimiebi-ebienfa-des-affaires%2F&amp;via=AfriquinfosActu\" data-title=\"Twitter\" data-gravity=\"n\" rel=\"nofollow noopener\" target=\"_blank\">&#13;<br \/>\n\t\t\t<\/a>\t\t\t<a class=\"share-action icon-copy copy-trigger\" aria-label=\"Copy Link\" href=\"#\" data-copied=\"Copied!\" data-link=\"https:\/\/afriquinfos.com\/le-nigeria-ne-changera-pas-sa-position-concernant-laccueil-des-personnes-expulsees-des-usa-en-ajoutant-un-fardeau-supplementaire-a-ses-defis-socio-economiques-actuels-kimiebi-ebienfa-des-affaires\/\" rel=\"nofollow\" data-copy=\"Copy Link\" data-gravity=\"n\"><\/a><br \/>\n\t\t\t\t\t<a class=\"share-action icon-print\" aria-label=\"Print\" rel=\"nofollow noopener\" href=\"https:\/\/afriquinfos.com\/le-nigeria-ne-changera-pas-sa-position-concernant-laccueil-des-personnes-expulsees-des-usa-en-ajoutant-un-fardeau-supplementaire-a-ses-defis-socio-economiques-actuels-kimiebi-ebienfa-des-affaires\/javascript:if(window.print)window.print()\" data-title=\"Print\" data-gravity=\"n\" target=\"_blank\"><\/a><br \/>\n\t\t\t\t\t<a class=\"share-action native-share-trigger more-icon\" aria-label=\"More\" href=\"#\" data-link=\"https:\/\/afriquinfos.com\/le-nigeria-ne-changera-pas-sa-position-concernant-laccueil-des-personnes-expulsees-des-usa-en-ajoutant-un-fardeau-supplementaire-a-ses-defis-socio-economiques-actuels-kimiebi-ebienfa-des-affaires\/\" data-ptitle=\"Le Nigeria ne changera pas sa position concernant l\u2019accueil des personnes expuls\u00e9es des USA, en ajoutant un fardeau suppl\u00e9mentaire \u00e0 ses d\u00e9fis socio-\u00e9conomiques actuels (Kimiebi Ebienfa des Affaires \u00e9trang\u00e8res du pays)\" data-title=\"Voir Plus\" data-gravity=\"n\" rel=\"nofollow\"><\/a><\/p>\n<p>\t\t\t\t<script async src=\"https:\/\/platform.twitter.com\/widgets.js\" charset=\"utf-8\"><\/script><\/p>\n","protected":false},"excerpt":{"rendered":"&#13; En Lecture&#13; Le Nigeria ne changera pas sa position concernant l\u2019accueil des personnes expuls\u00e9es des USA, en&hellip;\n","protected":false},"author":2,"featured_media":311781,"comment_status":"","ping_status":"","sticky":false,"template":"","format":"standard","meta":{"footnotes":""},"categories":[1589],"tags":[11,73,1866,12,1864,1865,1863,308],"class_list":{"0":"post-311780","1":"post","2":"type-post","3":"status-publish","4":"format-standard","5":"has-post-thumbnail","7":"category-etats-unis","8":"tag-actualites","9":"tag-etats-unis","10":"tag-etats-unis-damerique","11":"tag-news","12":"tag-united-states","13":"tag-united-states-of-america","14":"tag-us","15":"tag-usa"},"share_on_mastodon":{"url":"https:\/\/pubeurope.com\/@fr\/115010627478546315","error":""},"_links":{"self":[{"href":"https:\/\/www.europesays.com\/fr\/wp-json\/wp\/v2\/posts\/311780","targetHints":{"allow":["GET"]}}],"collection":[{"href":"https:\/\/www.europesays.com\/fr\/wp-json\/wp\/v2\/posts"}],"about":[{"href":"https:\/\/www.europesays.com\/fr\/wp-json\/wp\/v2\/types\/post"}],"author":[{"embeddable":true,"href":"https:\/\/www.europesays.com\/fr\/wp-json\/wp\/v2\/users\/2"}],"replies":[{"embeddable":true,"href":"https:\/\/www.europesays.com\/fr\/wp-json\/wp\/v2\/comments?post=311780"}],"version-history":[{"count":0,"href":"https:\/\/www.europesays.com\/fr\/wp-json\/wp\/v2\/posts\/311780\/revisions"}],"wp:featuredmedia":[{"embeddable":true,"href":"https:\/\/www.europesays.com\/fr\/wp-json\/wp\/v2\/media\/311781"}],"wp:attachment":[{"href":"https:\/\/www.europesays.com\/fr\/wp-json\/wp\/v2\/media?parent=311780"}],"wp:term":[{"taxonomy":"category","embeddable":true,"href":"https:\/\/www.europesays.com\/fr\/wp-json\/wp\/v2\/categories?post=311780"},{"taxonomy":"post_tag","embeddable":true,"href":"https:\/\/www.europesays.com\/fr\/wp-json\/wp\/v2\/tags?post=311780"}],"curies":[{"name":"wp","href":"https:\/\/api.w.org\/{rel}","templated":true}]}}