{"id":311784,"date":"2025-08-11T14:35:13","date_gmt":"2025-08-11T14:35:13","guid":{"rendered":"https:\/\/www.europesays.com\/fr\/311784\/"},"modified":"2025-08-11T14:35:13","modified_gmt":"2025-08-11T14:35:13","slug":"edf-m-u19-la-france-revit-le-cauchemar-de-lete-dernier-contre-lallemagne","status":"publish","type":"post","link":"https:\/\/www.europesays.com\/fr\/311784\/","title":{"rendered":"EDF (M) &#8211; U19 | La France revit le cauchemar de l&rsquo;\u00e9t\u00e9 dernier contre l&rsquo;Allemagne"},"content":{"rendered":"<p>                <img loading=\"lazy\" decoding=\"async\" class=\"size-full wp-image-325521\" src=\"https:\/\/www.europesays.com\/fr\/wp-content\/uploads\/2025\/08\/Anton-Vos-Allemagne-U19-credits-Kolektiff-IHF.jpg\" alt=\"\" width=\"975\" height=\"650\"\/>Anton Vo\u00df, Allemagne U19 (cr\u00e9dits Kolektiff &#8211; IHF)<\/p>\n<p><strong>Apr\u00e8s un premier acte compl\u00e8tement manqu\u00e9 par les Fran\u00e7ais, dans une rencontre rappelant cruellement celle de l&rsquo;\u00e9t\u00e9 dernier, l&rsquo;\u00e9quipe de France abandonne quasiment ses espoirs de qualifications en quarts de finale apr\u00e8s sa d\u00e9faite contre l&rsquo;Allemagne (26-21).<\/strong><\/p>\n<p style=\"text-align: justify;\">Nous le savions, <a href=\"https:\/\/handnews.fr\/2025\/edf-la-norvege-trop-forte-pour-les-bleus\/\" target=\"_blank\" rel=\"noopener\">la d\u00e9faite contre la Norv\u00e8ge<\/a> samedi dernier ne laisse plus de joker aux Bleuets. Oppos\u00e9s pour le premier match du tour principal, les hommes de Franck Prouff jouent ainsi un &rsquo;16e de finale&rsquo; contre <a href=\"https:\/\/handnews.fr\/2024\/euro-u18-m-j3-la-france-sincline-malgre-une-remontada-extraordiaire\/\" target=\"_blank\" rel=\"noopener\">leur bourreau de l&rsquo;\u00e9t\u00e9 dernier<\/a> : l&rsquo;<strong>Allemagne<\/strong>.<\/p>\n<p style=\"text-align: justify;\">Malgr\u00e9 l&rsquo;enjeu, la France va vivre un d\u00e9but de rencontre cauchemardesque. L&rsquo;attaque bleue se montre particuli\u00e8rement impr\u00e9cise, les pertes de balle se multiplient et les solutions trouv\u00e9es se voient entrav\u00e9s par l&rsquo;excellent d\u00e9but de rencontre du portier de Hambourg <strong>Finn Knaack<\/strong>. De l&rsquo;autre c\u00f4t\u00e9 du terrain, les Fran\u00e7ais subissent les contre-attaques germaniques mais se trouvent aussi en grandes difficult\u00e9s sur le jeu plac\u00e9 o\u00f9 les arri\u00e8res trouvent tous les espaces pour marquer eux-m\u00eames ou servir leur base avant. Au quart d&rsquo;heure de jeu, le score sanctionne ce d\u00e9but de match douloureux et provoque un premier temps mort (8-1, 14&prime;).<\/p>\n<p>Le r\u00e9veil ne vient pas, l&rsquo;addition est lourde \u00e0 la pause<\/p>\n<p style=\"text-align: justify;\">Le bon r\u00e9veil de <strong>Mathis Barelle<\/strong> permettra de relancer les espoirs fran\u00e7ais en d\u00e9bloquant le compteur d&rsquo;attaque par trois buts cons\u00e9cutifs, mais les probl\u00e8mes sur jeu plac\u00e9 perdurent. <strong>Samuel Dupuy<\/strong> fera \u00e9galement une bonne entr\u00e9e au poste d&rsquo;arri\u00e8re droit avec 2 r\u00e9alisations mais, au global, les pertes de balle continuent \u00e0 se multiplier, les tirs pr\u00e9cipit\u00e9s \u00e9galement et la d\u00e9fense fran\u00e7aise continue de subir les assauts des arri\u00e8res allemands. \u00c0 la pause, apr\u00e8s un dernier arr\u00eat \u00e0 bout portant de Finn Knaack sur une contre-attaque de Thuillier, les Fran\u00e7ais revivent un calvaire tristement identique \u00e0 celui v\u00e9cu contre ces m\u00eames Allemands lors de l&rsquo;Euro U18 (16-7, 30&prime;).<\/p>\n<p><img loading=\"lazy\" decoding=\"async\" class=\"size-large wp-image-314805\" src=\"https:\/\/www.europesays.com\/fr\/wp-content\/uploads\/2025\/08\/Alexandre-Baradat-France-U19-credits-Iconsport-1024x683.jpg\" alt=\"\" width=\"1024\" height=\"683\"\/>Alexandre Baradat, France U19 (Photo by Kevin Domas\/Icon Sport)<\/p>\n<p style=\"text-align: justify;\">Avec un tel sc\u00e9nario, pourquoi pas esp\u00e9rer la m\u00eame remontada que l&rsquo;\u00e9t\u00e9 dernier, avec l&rsquo;exploit au bout ? Durant ce second acte, les Bleuets vont justement en prendre le chemin. La d\u00e9fense se resserre tr\u00e8s nettement et ce sont les Allemands qui vont commencer \u00e0 perdre des ballons, offrant des munitions \u00e0 un <strong>Yoni Peyrabout<\/strong> qui n&rsquo;attend que \u00e7a en contre-attaque. En ajoutant \u00e0 cela l&rsquo;excellente entr\u00e9e d&rsquo;un <strong>Alexandre Baradat<\/strong> qui apporte un danger nouveau dans les duels et tirs de loin, les Fran\u00e7ais se prennent \u00e0 esp\u00e9rer en revenant \u00e0 5 buts \u00e0 un quart d&rsquo;heure du terme (22-17, 46&prime;). Depuis son aile, Peyrabout va m\u00eame ramener les siens \u00e0 -4 \u00e0 l&rsquo;or\u00e9e du money time (23-19, 51&prime;) mais un but de l&rsquo;ailier droit <strong>Anton Vo\u00df<\/strong> puis une interception de l&rsquo;arri\u00e8re droit Noah Hensen mettent un coup d&rsquo;arr\u00eat \u00e0 la France, qui pose son temps mort (25-19, 53&prime;).<\/p>\n<p>Le money time ne suffira pas pour revenir \u00e0 hauteur<\/p>\n<p style=\"text-align: justify;\">Le retour du temps mort ne sera n\u00e9anmoins pas si salvateur que \u00e7a dans une rencontre qui se ralentit. La d\u00e9fense fran\u00e7aise fonctionne toujours \u00e0 merveille, les Allemands prennent leur temps en attaque et la montre joue en d\u00e9faveur des Tricolores. La sortie d&rsquo;Alexandre Baradat n&#8217;emp\u00eachera pas son rempla\u00e7ant <strong>L\u00e9o Gendronneau<\/strong> de marquer pour ramener les siens \u00e0 4 unit\u00e9s, juste avant un double-arr\u00eat \u00e0 bout portant de <strong>Wilson Schultz<\/strong>, suivi par une parade de Timoth\u00e9e Riss sur p\u00e9nalty (25-21, 57&prime;). Les deux derni\u00e8res minutes ne permettront malheureusement pas aux Bleuets de convertir leurs espoirs : une perte de balle sur une passe au pivot et un but de Nick Scherbaum ferment la porte \u00e0 un retour. Le dernier temps mort de Franck Prouff, pour les 30 derni\u00e8res secondes, renverra ses ouailles vers une 19\u00e8me et derni\u00e8re perte de balle avant le coup de sifflet final (<strong>26-21<\/strong>).<\/p>\n<p style=\"text-align: justify;\">Comme l&rsquo;\u00e9t\u00e9 dernier, malgr\u00e9 un superbe second acte, les Fran\u00e7ais s&rsquo;inclinent et abandonnent quasiment leurs espoirs de qualifications. Le dernier interstice r\u00e9siderait dans une d\u00e9faite de la Norv\u00e8ge contre la Slov\u00e9nie, conjugu\u00e9e \u00e0 une tr\u00e8s large victoire fran\u00e7aise contre les Slov\u00e8nes demain.<\/p>\n<p style=\"text-align: right;\">Antoine Piollat<\/p>\n","protected":false},"excerpt":{"rendered":"Anton Vo\u00df, Allemagne U19 (cr\u00e9dits Kolektiff &#8211; IHF) Apr\u00e8s un premier acte compl\u00e8tement manqu\u00e9 par les Fran\u00e7ais, dans&hellip;\n","protected":false},"author":2,"featured_media":311785,"comment_status":"","ping_status":"","sticky":false,"template":"","format":"standard","meta":{"footnotes":""},"categories":[1587],"tags":[11,45163,672,45164,1804,1805,1803,1777,674,45165,1801,45166,45167,12,1802,45168,45169,45170],"class_list":{"0":"post-311784","1":"post","2":"type-post","3":"status-publish","4":"format-standard","5":"has-post-thumbnail","7":"category-allemagne","8":"tag-actualites","9":"tag-alexandre-baradat","10":"tag-allemagne","11":"tag-anton-vos","12":"tag-bundesrepublik-deutschland","13":"tag-de","14":"tag-deutschland","15":"tag-eu","16":"tag-europe","17":"tag-finn-knaack","18":"tag-germany","19":"tag-leo-gendronneau","20":"tag-mathis-barelle","21":"tag-news","22":"tag-republique-federale-dallemagne","23":"tag-samuel-dupuy","24":"tag-wilson-schultz","25":"tag-yoni-peyrabout"},"share_on_mastodon":{"url":"https:\/\/pubeurope.com\/@fr\/115010635405805844","error":""},"_links":{"self":[{"href":"https:\/\/www.europesays.com\/fr\/wp-json\/wp\/v2\/posts\/311784","targetHints":{"allow":["GET"]}}],"collection":[{"href":"https:\/\/www.europesays.com\/fr\/wp-json\/wp\/v2\/posts"}],"about":[{"href":"https:\/\/www.europesays.com\/fr\/wp-json\/wp\/v2\/types\/post"}],"author":[{"embeddable":true,"href":"https:\/\/www.europesays.com\/fr\/wp-json\/wp\/v2\/users\/2"}],"replies":[{"embeddable":true,"href":"https:\/\/www.europesays.com\/fr\/wp-json\/wp\/v2\/comments?post=311784"}],"version-history":[{"count":0,"href":"https:\/\/www.europesays.com\/fr\/wp-json\/wp\/v2\/posts\/311784\/revisions"}],"wp:featuredmedia":[{"embeddable":true,"href":"https:\/\/www.europesays.com\/fr\/wp-json\/wp\/v2\/media\/311785"}],"wp:attachment":[{"href":"https:\/\/www.europesays.com\/fr\/wp-json\/wp\/v2\/media?parent=311784"}],"wp:term":[{"taxonomy":"category","embeddable":true,"href":"https:\/\/www.europesays.com\/fr\/wp-json\/wp\/v2\/categories?post=311784"},{"taxonomy":"post_tag","embeddable":true,"href":"https:\/\/www.europesays.com\/fr\/wp-json\/wp\/v2\/tags?post=311784"}],"curies":[{"name":"wp","href":"https:\/\/api.w.org\/{rel}","templated":true}]}}