{"id":311788,"date":"2025-08-11T14:37:17","date_gmt":"2025-08-11T14:37:17","guid":{"rendered":"https:\/\/www.europesays.com\/fr\/311788\/"},"modified":"2025-08-11T14:37:17","modified_gmt":"2025-08-11T14:37:17","slug":"ludovic-de-lamour-est-dans-le-pre-en-colere-contre-ses-anciennes-pretendantes","status":"publish","type":"post","link":"https:\/\/www.europesays.com\/fr\/311788\/","title":{"rendered":"Ludovic de L&rsquo;amour est dans le pr\u00e9 en col\u00e8re contre ses anciennes pr\u00e9tendantes"},"content":{"rendered":"<p>L&rsquo;amour n&rsquo;est pas toujours au rendez-vous, m\u00eame lorsqu&rsquo;il semble \u00e9vident&#8230; L&rsquo;ann\u00e9e derni\u00e8re, les t\u00e9l\u00e9spectateurs de L&rsquo;amour est dans le pr\u00e9 se sont passionn\u00e9s pour les aventures d&rsquo;une dizaine d&rsquo;agriculteurs, dont certains les ont marqu\u00e9s, \u00e0 l&rsquo;instar du touchant Valentin et de l&rsquo;inn\u00e9narrable Gillou. Le parcours sentimental de Ludovic a aussi fait couler beaucoup d&rsquo;encre, lui qui souhaitait absolument faire \u00ab\u00a0cinquante-cinquante\u00a0\u00bb entre ses deux pr\u00e9tendantes, Manon et M\u00e9lanie. Biberonn\u00e9 aux com\u00e9dies romantiques et amoureux de l&rsquo;amour, le jeune viticulteur avait re\u00e7u de nombreux courriers et avait invit\u00e9 sur son exploitation ces deux jeunes femmes \u00e0 la fois similaires et tr\u00e8s diff\u00e9rentes, qui avait fini par nouer une belle amiti\u00e9.\u00a0<\/p>\n<p>L&rsquo;amour est dans le pr\u00e9 : \u00ab\u00a0Ce qu&rsquo;elle voulait, c&rsquo;\u00e9tait juste se montrer\u00a0\u00bb<\/p>\n<p>Apr\u00e8s de nombreux jours d&rsquo;h\u00e9sitation et un peu pouss\u00e9 par ses pr\u00e9tendantes, Ludovic avait choisi de poursuivre l&rsquo;aventure avec M\u00e9lanie, au grand d\u00e9sarroi de sa m\u00e8re, qui pensait que le caract\u00e8re de Manon serait mieux adapt\u00e9 \u00e0 celui de son fils. Elle n&rsquo;avait peut-\u00eatre pas tort car, malgr\u00e9 leurs sentiments naissants, <a href=\"https:\/\/www.diverto.tv\/actualites\/tele\/lamour-est-dans-le-pre-melanie-revele-que-ludovic-jouait-sur-deux-tableaux-avec-une-autre-pretendante\" rel=\"nofollow noopener\" target=\"_blank\">Ludovic et M\u00e9lanie<\/a> n&rsquo;ont pas r\u00e9ussi \u00e0 accorder leurs caract\u00e8res et ont d\u00e9cid\u00e9 de mettre un terme \u00e0 leur relation lors de leur voyage au Maroc, qui devait pourtant les rapprocher&#8230; Un mal pour un bien pour le viticulteur, puisque quelques mois plus tard, il avait r\u00e9v\u00e9l\u00e9 \u00eatre en couple lors du bilan avec Karine Le Marchand. Il \u00e9voquait alors son histoire avec une certaine Giulia avec des \u00e9toiles dans les yeux et les deux amoureux sont toujours ensemble ! En effet, Ludovic pr\u00e9sentera la jeune femme \u00e0 l&rsquo;animatrice et \u00e0 ses camarades de la promotion 19\u00a0<a href=\"https:\/\/www.diverto.tv\/programmes\/l-amour-est-dans-le-pre-que-sont-ils-devenus\/649982\" rel=\"nofollow noopener\" target=\"_blank\">durant l&rsquo;\u00e9pisode Que sont-ils devenus ?\u00a0diffus\u00e9 ce lundi 11 ao\u00fbt sur M6.<\/a>\u00a0<\/p>\n<p>M\u00eame s&rsquo;il a rencontr\u00e9 Giulia gr\u00e2ce \u00e0 l&rsquo;\u00e9mission, car cette derni\u00e8re lui avait \u00e9crit apr\u00e8s la diffusion de son portrait, mais trop tard pour pouvoir participer \u00e0 l&rsquo;aventure, Ludovic ne garde pas que de bons souvenirs de son exp\u00e9rience&#8230; Lors d&rsquo;une interview accord\u00e9e \u00e0 nos confr\u00e8res de <a href=\"https:\/\/www.programme-tv.net\/news\/tv\/384756-ludovic-l-amour-est-dans-le-pre-2024-cash-sur-ses-pretendantes-melanie-et-manon-c-etait-beaucoup-pour-la-tele\/\" rel=\"nofollow noopener\" target=\"_blank\">T\u00e9l\u00e9- Loisirs<\/a>, le viticulteur a \u00e9voqu\u00e9 ses deux anciennes pr\u00e9tendantes, M\u00e9lanie et Manon et a affirm\u00e9 n&rsquo;avoir plus aucun contact avec elles : \u00ab\u00a0Pour moi, c&rsquo;est du pass\u00e9. On avance et \u00e7a, c&rsquo;est derri\u00e8re moi. Je ne veux plus rien avoir \u00e0 faire avec ces personnes-l\u00e0. Il n&rsquo;y a pas eu d&rsquo;amiti\u00e9, il n&rsquo;y a rien eu. Pour moi, c&rsquo;est fini, il y a eu des choses pas cool (&#8230;) Avec M\u00e9lanie, on n&rsquo;avait pas la m\u00eame vision de l&rsquo;avenir\u00a0\u00bb. Giulia, interrog\u00e9e elle aussi par le magazine, est sur la m\u00eame longueur d&rsquo;ondes que Ludovic, ajoutant, en parlant de M\u00e9lanie : \u00ab\u00a0Ce qu&rsquo;elle voulait elle, c&rsquo;\u00e9tait juste se montrer. Avec M\u00e9lanie, c&rsquo;est z\u00e9ro contact\u00a0\u00bb. Manon, la pr\u00e9tendante \u00e9conduite <a href=\"https:\/\/www.diverto.tv\/actualites\/tele\/lamour-est-dans-le-pre-ludovic-annonce-une-nouvelle-etape-dans-sa-relation-avec-julia\" rel=\"nofollow noopener\" target=\"_blank\">par Ludovic<\/a> durant l&rsquo;\u00e9mission, n&rsquo;est pas non plus \u00e9pargn\u00e9e par l&rsquo;agriculteur, qui affirme \u00e0 son sujet : \u00ab\u00a0Au final, m\u00eame avec Manon, il y a eu des choses pas tr\u00e8s cool en interne. Ma m\u00e8re a \u00e9t\u00e9 l\u00e0 pour elle et il n&rsquo;y a pas eu de retour amical. Ca aurait m\u00e9rit\u00e9 plus de respect de son c\u00f4t\u00e9. Je pense qu&rsquo;il y a eu beaucoup pour la t\u00e9l\u00e9 puisqu&rsquo;au final, aujourd&rsquo;hui, je ne pense pas qu&rsquo;elles sortent avec des agriculteurs\u00a0\u00bb. Un an apr\u00e8s sa participation \u00e0 l&rsquo;\u00e9mission, Ludovic respecte toujours sa r\u00e8gle du \u00ab\u00a0cinquante-cinquante\u00a0\u00bb avec ses anciennes pr\u00e9tendantes, m\u00eame dans la critique&#8230;<\/p>\n","protected":false},"excerpt":{"rendered":"L&rsquo;amour n&rsquo;est pas toujours au rendez-vous, m\u00eame lorsqu&rsquo;il semble \u00e9vident&#8230; L&rsquo;ann\u00e9e derni\u00e8re, les t\u00e9l\u00e9spectateurs de L&rsquo;amour est dans&hellip;\n","protected":false},"author":2,"featured_media":311789,"comment_status":"","ping_status":"","sticky":false,"template":"","format":"standard","meta":{"footnotes":""},"categories":[1586],"tags":[11,1777,674,1779,1011,27,12,25,1778,364],"class_list":{"0":"post-311788","1":"post","2":"type-post","3":"status-publish","4":"format-standard","5":"has-post-thumbnail","7":"category-europe","8":"tag-actualites","9":"tag-eu","10":"tag-europe","11":"tag-european-union","12":"tag-fr","13":"tag-france","14":"tag-news","15":"tag-republique-francaise","16":"tag-ue","17":"tag-union-europeenne"},"share_on_mastodon":{"url":"https:\/\/pubeurope.com\/@fr\/115010643139861997","error":""},"_links":{"self":[{"href":"https:\/\/www.europesays.com\/fr\/wp-json\/wp\/v2\/posts\/311788","targetHints":{"allow":["GET"]}}],"collection":[{"href":"https:\/\/www.europesays.com\/fr\/wp-json\/wp\/v2\/posts"}],"about":[{"href":"https:\/\/www.europesays.com\/fr\/wp-json\/wp\/v2\/types\/post"}],"author":[{"embeddable":true,"href":"https:\/\/www.europesays.com\/fr\/wp-json\/wp\/v2\/users\/2"}],"replies":[{"embeddable":true,"href":"https:\/\/www.europesays.com\/fr\/wp-json\/wp\/v2\/comments?post=311788"}],"version-history":[{"count":0,"href":"https:\/\/www.europesays.com\/fr\/wp-json\/wp\/v2\/posts\/311788\/revisions"}],"wp:featuredmedia":[{"embeddable":true,"href":"https:\/\/www.europesays.com\/fr\/wp-json\/wp\/v2\/media\/311789"}],"wp:attachment":[{"href":"https:\/\/www.europesays.com\/fr\/wp-json\/wp\/v2\/media?parent=311788"}],"wp:term":[{"taxonomy":"category","embeddable":true,"href":"https:\/\/www.europesays.com\/fr\/wp-json\/wp\/v2\/categories?post=311788"},{"taxonomy":"post_tag","embeddable":true,"href":"https:\/\/www.europesays.com\/fr\/wp-json\/wp\/v2\/tags?post=311788"}],"curies":[{"name":"wp","href":"https:\/\/api.w.org\/{rel}","templated":true}]}}