{"id":311792,"date":"2025-08-11T14:39:12","date_gmt":"2025-08-11T14:39:12","guid":{"rendered":"https:\/\/www.europesays.com\/fr\/311792\/"},"modified":"2025-08-11T14:39:12","modified_gmt":"2025-08-11T14:39:12","slug":"psg-donnarumma-ecarte-contre-tottenham","status":"publish","type":"post","link":"https:\/\/www.europesays.com\/fr\/311792\/","title":{"rendered":"PSG : Donnarumma \u00e9cart\u00e9 contre Tottenham ?"},"content":{"rendered":"<p data-testid=\"article-teaser\">Un coup de tonnerre se pr\u00e9pare au PSG : Gianluigi Donnarumma pourrait \u00eatre laiss\u00e9 sur le banc\u2026 voire hors du groupe contre Tottenham.<\/p>\n<p>En pleine vague de chaleur sur l\u2019Hexagone, le thermom\u00e8tre grimpe aussi du c\u00f4t\u00e9 du Paris Saint-Germain. Le dossier Gianluigi Donnarumma, d\u00e9j\u00e0 tendu depuis plusieurs mois, pourrait atteindre un point de rupture plus vite que pr\u00e9vu. Alors que <a href=\"https:\/\/www.goal.com\/fr\/listes\/psg-tottenham-l-arbitre-de-la-supercoupe-d-europe-est-connu\/bltf82f59a938a17b24\" target=\"_self\" rel=\"noopener\">le PSG joue contre Tottenham ce mercredi<\/a>, le portier pourrait ne pas jouer le prestigieux match pour tenter le premier titre de la saison.<\/p>\n","protected":false},"excerpt":{"rendered":"Un coup de tonnerre se pr\u00e9pare au PSG : Gianluigi Donnarumma pourrait \u00eatre laiss\u00e9 sur le banc\u2026 voire&hellip;\n","protected":false},"author":2,"featured_media":311793,"comment_status":"","ping_status":"","sticky":false,"template":"","format":"standard","meta":{"footnotes":""},"categories":[2],"tags":[11,1011,27,30055,1434,12,91,39733,25,39732,18015,28401,39734],"class_list":{"0":"post-311792","1":"post","2":"type-post","3":"status-publish","4":"format-standard","5":"has-post-thumbnail","7":"category-actualites","8":"tag-actualites","9":"tag-fr","10":"tag-france","11":"tag-g-donnarumma","12":"tag-mercato","13":"tag-news","14":"tag-paris-saint-germain","15":"tag-paris-saint-germain-vs-tottenham","16":"tag-republique-francaise","17":"tag-super-coupe-de-luefa","18":"tag-tottenham","19":"tag-transfers","20":"tag-uefa-super-cup"},"share_on_mastodon":{"url":"https:\/\/pubeurope.com\/@fr\/115010651006736077","error":""},"_links":{"self":[{"href":"https:\/\/www.europesays.com\/fr\/wp-json\/wp\/v2\/posts\/311792","targetHints":{"allow":["GET"]}}],"collection":[{"href":"https:\/\/www.europesays.com\/fr\/wp-json\/wp\/v2\/posts"}],"about":[{"href":"https:\/\/www.europesays.com\/fr\/wp-json\/wp\/v2\/types\/post"}],"author":[{"embeddable":true,"href":"https:\/\/www.europesays.com\/fr\/wp-json\/wp\/v2\/users\/2"}],"replies":[{"embeddable":true,"href":"https:\/\/www.europesays.com\/fr\/wp-json\/wp\/v2\/comments?post=311792"}],"version-history":[{"count":0,"href":"https:\/\/www.europesays.com\/fr\/wp-json\/wp\/v2\/posts\/311792\/revisions"}],"wp:featuredmedia":[{"embeddable":true,"href":"https:\/\/www.europesays.com\/fr\/wp-json\/wp\/v2\/media\/311793"}],"wp:attachment":[{"href":"https:\/\/www.europesays.com\/fr\/wp-json\/wp\/v2\/media?parent=311792"}],"wp:term":[{"taxonomy":"category","embeddable":true,"href":"https:\/\/www.europesays.com\/fr\/wp-json\/wp\/v2\/categories?post=311792"},{"taxonomy":"post_tag","embeddable":true,"href":"https:\/\/www.europesays.com\/fr\/wp-json\/wp\/v2\/tags?post=311792"}],"curies":[{"name":"wp","href":"https:\/\/api.w.org\/{rel}","templated":true}]}}