{"id":311796,"date":"2025-08-11T14:42:17","date_gmt":"2025-08-11T14:42:17","guid":{"rendered":"https:\/\/www.europesays.com\/fr\/311796\/"},"modified":"2025-08-11T14:42:17","modified_gmt":"2025-08-11T14:42:17","slug":"le-vb-romans-attend-toujours-des-nouvelles-du-cnosf","status":"publish","type":"post","link":"https:\/\/www.europesays.com\/fr\/311796\/","title":{"rendered":"le VB Romans attend toujours des nouvelles du CNOSF"},"content":{"rendered":"<p>L\u2019\u00e9t\u00e9 est chaud, et au sein du Volley-Ball Romans, les gouttes de sueur coulent \u00e0 flots, entre l\u2019espoir de retrouver l\u2019\u00c9lite, et au contraire construire un effectif de Pr\u00e9national, division dans laquelle les Romanaises sont inscrites pour le moment, d\u00e9butant le 27\u00a0septembre.<\/p>\n<p>Malgr\u00e9 un appel adress\u00e9 le 25\u00a0juin dernier apr\u00e8s la d\u00e9cision de la Commission f\u00e9d\u00e9rale&#8230;<\/p>\n","protected":false},"excerpt":{"rendered":"L\u2019\u00e9t\u00e9 est chaud, et au sein du Volley-Ball Romans, les gouttes de sueur coulent \u00e0 flots, entre l\u2019espoir&hellip;\n","protected":false},"author":2,"featured_media":311797,"comment_status":"","ping_status":"","sticky":false,"template":"","format":"standard","meta":{"footnotes":""},"categories":[1417],"tags":[2730,2737,1701,1795,1011,27,108,1479,2736,517,60,1470,1632,1469],"class_list":{"0":"post-311796","1":"post","2":"type-post","3":"status-publish","4":"format-standard","5":"has-post-thumbnail","7":"category-volley","8":"tag-drome","9":"tag-edition-romans-nord-drome","10":"tag-fil-info-sport","11":"tag-fil-web","12":"tag-fr","13":"tag-france","14":"tag-isere","15":"tag-romans","16":"tag-romans-sur-isere","17":"tag-sport","18":"tag-sports","19":"tag-volley","20":"tag-volley-ball","21":"tag-volleyball"},"share_on_mastodon":{"url":"https:\/\/pubeurope.com\/@fr\/115010662882675269","error":""},"_links":{"self":[{"href":"https:\/\/www.europesays.com\/fr\/wp-json\/wp\/v2\/posts\/311796","targetHints":{"allow":["GET"]}}],"collection":[{"href":"https:\/\/www.europesays.com\/fr\/wp-json\/wp\/v2\/posts"}],"about":[{"href":"https:\/\/www.europesays.com\/fr\/wp-json\/wp\/v2\/types\/post"}],"author":[{"embeddable":true,"href":"https:\/\/www.europesays.com\/fr\/wp-json\/wp\/v2\/users\/2"}],"replies":[{"embeddable":true,"href":"https:\/\/www.europesays.com\/fr\/wp-json\/wp\/v2\/comments?post=311796"}],"version-history":[{"count":0,"href":"https:\/\/www.europesays.com\/fr\/wp-json\/wp\/v2\/posts\/311796\/revisions"}],"wp:featuredmedia":[{"embeddable":true,"href":"https:\/\/www.europesays.com\/fr\/wp-json\/wp\/v2\/media\/311797"}],"wp:attachment":[{"href":"https:\/\/www.europesays.com\/fr\/wp-json\/wp\/v2\/media?parent=311796"}],"wp:term":[{"taxonomy":"category","embeddable":true,"href":"https:\/\/www.europesays.com\/fr\/wp-json\/wp\/v2\/categories?post=311796"},{"taxonomy":"post_tag","embeddable":true,"href":"https:\/\/www.europesays.com\/fr\/wp-json\/wp\/v2\/tags?post=311796"}],"curies":[{"name":"wp","href":"https:\/\/api.w.org\/{rel}","templated":true}]}}