{"id":311798,"date":"2025-08-11T14:43:11","date_gmt":"2025-08-11T14:43:11","guid":{"rendered":"https:\/\/www.europesays.com\/fr\/311798\/"},"modified":"2025-08-11T14:43:11","modified_gmt":"2025-08-11T14:43:11","slug":"duguivalu-au-stade-francais-pour-remplacer-marchant","status":"publish","type":"post","link":"https:\/\/www.europesays.com\/fr\/311798\/","title":{"rendered":"Duguivalu au Stade Fran\u00e7ais pour remplacer Marchant ?"},"content":{"rendered":"<p>Annonc\u00e9 en <a href=\"https:\/\/www.xvovalie.com\/xv-de-la-rose\/\" target=\"_blank\" rel=\"noopener\">Angleterre<\/a>, <strong>Joe Marchant va finalement rester au <a data-ilj-link-preview=\"true\" data-excerpt=\"Le Stade Fran\u00e7ais est un club de rugby professionnel bas\u00e9 \u00e0 Paris. Il a \u00e9t\u00e9 fond\u00e9 en 1883 et est l&#039;un des clubs les plus prestigieux de France. Le Stade Fran\u00e7ais \u00e9volue en Top 14.&#013;&#010;Staff et pr\u00e9sidence :&#013;&#010;&#013;&#010; &#009;Pr\u00e9sident : Hans-Peter Wild&#013;&#010; &#009;Entra\u00eeneur : Laurent Labit (directeur du rugby)&#013;&#010; &#009;Karim Ghezal (entra\u00eeneur en chef)&#013;&#010; &#009;Paul Gustard (d\u00e9fense)&#013;&#010;&#013;&#010;Palmar\u00e8s du Stade fran\u00e7ais :&#013;&#010;&#013;&#010;&#013;&#010;&#013;&#010;Comp\u00e9titions&#013;&#010;Titres&#013;&#010;Ann\u00e9es&#013;&#010;&#013;&#010;&#013;&#010;Championnat de France&#013;&#010;Champion&#013;&#010;1893, 1894, 1895, 1897, 1898, 1901, 1903, 1908, 1998, 2000, 2003, 2004, 2007, 2015&#013;&#010;&#013;&#010;&#013;&#010;Vice-champion&#013;&#010;1892, 1896, 1899, 1904, 1905, 1906, 1907, 1927, 2005&#013;&#010;&#013;&#010;&#013;&#010;Challenge europ\u00e9en&#013;&#010;Vainqueur&#013;&#010;2017&#013;&#010;&#013;&#010;&#013;&#010;Coupe de France&#013;&#010;Vainqueur&#013;&#010;1999\" href=\"https:\/\/www.xvovalie.com\/stade-francais\/\" target=\"_blank\" rel=\"noopener\">Stade Fran\u00e7ais<\/a><\/strong> et honorer sa derni\u00e8re ann\u00e9e de contrat dans la capitale. Cependant, les dirigeants parisiens se mettent logiquement \u00e0 la recherche de son rempla\u00e7ant pour la saison prochaine. <\/p>\n<p>Selon Midi Olympique, ces derniers auraient jet\u00e9 leur d\u00e9volu <strong>sur l\u2019ailier ou centre de l\u2019USAP, Alivereti Duguivalu<\/strong>. Celui-ci <strong>a notamment connu une s\u00e9lection avec l\u2019\u00e9quipe de <a data-ilj-link-preview=\"true\" data-featured-image=\"\" data-excerpt=\"Depuis des d\u00e9cennies, ce sport a \u00e9t\u00e9 au c\u0153ur de nombreux \u00e9v\u00e9nements sportifs majeurs dans le pays, avec des \u00e9quipes de renomm\u00e9e mondiale comme le Stade Toulousain, l&#039;ASM Clermont Auvergne ou encore le Racing 92. La coupe du monde 2023 s&#039;organisant en France, la ferveur n&#039;a pas fini de monter... La France est \u00e9galement reconnue\u2026\" href=\"https:\/\/www.xvovalie.com\/xv-de-france\/\" target=\"_blank\" rel=\"noopener\">France<\/a> \u201cA\u201d <\/strong>fin juin dernier lors du succ\u00e8s in extremis \u00e0 Twickenham. <\/p>\n<p>En fin de contrat avec l\u2019USAP<\/p>\n<p><strong>En fin de contrat avec l\u2019USAP en 2026<\/strong>, le joueur pourrait donc quitter la Catalogne. Si les dirigeants perpignanais comptent le garder, <strong>le Stade Fran\u00e7ais a fait du natif des <a data-ilj-link-preview=\"true\" data-featured-image=\"\" data-excerpt=\"Les Fidji, une nation insulaire du Pacifique Sud, sont connues pour leur passion pour le rugby. Le sport est profond\u00e9ment enracin\u00e9 dans la culture fidjienne et est consid\u00e9r\u00e9 comme bien plus qu&#039;un simple passe-temps. Les joueurs de rugby fidjiens sont respect\u00e9s dans le monde entier pour leur jeu rapide et physique, ainsi que pour leur\u2026\" href=\"https:\/\/www.xvovalie.com\/fidji\/\" target=\"_blank\" rel=\"noopener\">Fidji<\/a> une priorit\u00e9<\/strong> pour son recrutement. <\/p>\n<p>Des discussions sont en cours. \u00c0 28 ans, Duiguivalu, qui a disput\u00e9 22 rencontres la saison pass\u00e9e toutes comp\u00e9titions confondues avec les Sang et Or <strong>pourrait conna\u00eetre son deuxi\u00e8me club dans l\u2019Hexagone<\/strong>. Pour rappel, il avait pos\u00e9 ses valises dans les trav\u00e9es d\u2019Aim\u00e9-Giral en 2017 et a notamment eu pas mal de p\u00e9pins physiques avant de r\u00e9ellement exploser.  <\/p>\n<p>Biberonn\u00e9 au rugby, tomb\u00e9 malade de ce sport lors de la Coupe du Monde 2003, alors que je savais \u00e0 peine marcher, je suis le seul sudiste ayant reni\u00e9 le Stade Toulousain pour l\u2019autre Stade\u2026 Fran\u00e7ais. Condamn\u00e9 \u00e0 souffrir avec mon club de c\u0153ur, j\u2019esp\u00e8re vous transmettre mon amour pour la balle ovale \u00e0 travers XV Ovalie !<\/p>\n","protected":false},"excerpt":{"rendered":"Annonc\u00e9 en Angleterre, Joe Marchant va finalement rester au Stade Fran\u00e7ais et honorer sa derni\u00e8re ann\u00e9e de contrat&hellip;\n","protected":false},"author":2,"featured_media":311799,"comment_status":"","ping_status":"","sticky":false,"template":"","format":"standard","meta":{"footnotes":""},"categories":[1416],"tags":[45171,1011,27,479,1468,60,10673,478,10662,14988],"class_list":{"0":"post-311798","1":"post","2":"type-post","3":"status-publish","4":"format-standard","5":"has-post-thumbnail","7":"category-rugby","8":"tag-alivereti-duguivalu","9":"tag-fr","10":"tag-france","11":"tag-rugby","12":"tag-rugby-football","13":"tag-sports","14":"tag-stade-franu00e7ais","15":"tag-top-14","16":"tag-transferts","17":"tag-usap"},"share_on_mastodon":{"url":"https:\/\/pubeurope.com\/@fr\/115010666721268616","error":""},"_links":{"self":[{"href":"https:\/\/www.europesays.com\/fr\/wp-json\/wp\/v2\/posts\/311798","targetHints":{"allow":["GET"]}}],"collection":[{"href":"https:\/\/www.europesays.com\/fr\/wp-json\/wp\/v2\/posts"}],"about":[{"href":"https:\/\/www.europesays.com\/fr\/wp-json\/wp\/v2\/types\/post"}],"author":[{"embeddable":true,"href":"https:\/\/www.europesays.com\/fr\/wp-json\/wp\/v2\/users\/2"}],"replies":[{"embeddable":true,"href":"https:\/\/www.europesays.com\/fr\/wp-json\/wp\/v2\/comments?post=311798"}],"version-history":[{"count":0,"href":"https:\/\/www.europesays.com\/fr\/wp-json\/wp\/v2\/posts\/311798\/revisions"}],"wp:featuredmedia":[{"embeddable":true,"href":"https:\/\/www.europesays.com\/fr\/wp-json\/wp\/v2\/media\/311799"}],"wp:attachment":[{"href":"https:\/\/www.europesays.com\/fr\/wp-json\/wp\/v2\/media?parent=311798"}],"wp:term":[{"taxonomy":"category","embeddable":true,"href":"https:\/\/www.europesays.com\/fr\/wp-json\/wp\/v2\/categories?post=311798"},{"taxonomy":"post_tag","embeddable":true,"href":"https:\/\/www.europesays.com\/fr\/wp-json\/wp\/v2\/tags?post=311798"}],"curies":[{"name":"wp","href":"https:\/\/api.w.org\/{rel}","templated":true}]}}