{"id":31180,"date":"2025-04-17T07:59:15","date_gmt":"2025-04-17T07:59:15","guid":{"rendered":"https:\/\/www.europesays.com\/fr\/31180\/"},"modified":"2025-04-17T07:59:15","modified_gmt":"2025-04-17T07:59:15","slug":"lom-prolonge-une-jeune-promesse-france-olympique-de-marseille","status":"publish","type":"post","link":"https:\/\/www.europesays.com\/fr\/31180\/","title":{"rendered":"L\u2019OM prolonge une jeune promesse &#8211; France &#8211; Olympique de Marseille"},"content":{"rendered":"<p>Le Vaz \u00e0 moiti\u00e9 plein.<\/p>\n<p>\u00catre un jeune prometteur \u00e0 l\u2019OM, c\u2019est possible. <strong>Le club phoc\u00e9en a officialis\u00e9 la prolongation de Robinio Vaz jusqu\u2019en 2028, ce mercredi<\/strong>.\u00a0<strong>Recrut\u00e9 \u00e0 Sochaux \u00e0 l\u2019\u00e9t\u00e9 2024<\/strong> pour trois bouts de ficelle (200 000 euros, pour les puristes), le jeune attaquant de 18 ans a eu le droit \u00e0 quelques miettes cette saison.<\/p>\n<p>Des petites miettes cette saison avec l\u2019OM<\/p>\n<p>Sa premi\u00e8re apparition,\u00a0<a target=\"_blank\" href=\"https:\/\/www.sofoot.com\/articles\/ligue-1-journee-18-lolympique-de-marseille-et-strasbourg-se-separent-sur-un-match-nul-logique\" rel=\"nofollow noopener\">une entr\u00e9e en jeu contre Strasbourg<\/a>, lui avait permis de signer une passe d\u00e9cisive et de se mettre dans la poche les supporters du V\u00e9lodrome.<\/p>\n<blockquote class=\"twitter-tweet\">\n<p lang=\"fr\" dir=\"ltr\">\ud835\uddd9\ud835\uddf2\u0301\ud835\uddf9\ud835\uddf6\ud835\uddf0\ud835\uddf6\ud835\ude01\ud835\uddee\ud835\ude01\ud835\uddf6\ud835\uddfc\ud835\uddfb\ud835\ude00 \ud835\udde5\ud835\uddfc\ud835\uddef\ud835\uddf6\ud835\uddfb\ud835\uddf6\ud835\uddfc \ud835\udde9\ud835\uddee\ud835\ude07 \ud83d\udc4f\ud83c\uddeb\ud83c\uddf7\u2070<br \/>\nNotre jeune attaquant prolonge l\u2019aventure olympienne jusqu\u2019en 2028 \u270d\ufe0f\ud83d\udc99<\/p>\n<p>\u2014 Olympique de Marseille (@OM_Officiel) <a target=\"_blank\" href=\"https:\/\/twitter.com\/OM_Officiel\/status\/1912514739583713702?ref_src=twsrc%5Etfw\" rel=\"nofollow noopener\">April 16, 2025<\/a><\/p><\/blockquote>\n<p>Depuis, plus grand-chose. Deux petites entr\u00e9es en jeu face \u00e0 Nice en championnat et contre Lille en Coupe de France. La faute \u00e0 une blessure \u00e0 la cuisse gauche en f\u00e9vrier qui l\u2019a \u00e9loign\u00e9 des terrains, mais aussi \u00e0 <a target=\"_blank\" href=\"https:\/\/www.sofoot.com\/breves\/mercato-amine-gouiri-va-quitter-le-stade-rennais-pour-sengager-a-lom\" rel=\"nofollow noopener\">l\u2019arriv\u00e9e d\u2019Amine Gouiri<\/a> cet hiver, qui donne satisfaction \u00e0 la pointe de l\u2019attaque marseillaise. \u00c0 18 piges, Vaz a encore le temps de faire ses gammes.<\/p>\n<p>Avec un pr\u00e9nom pareil, ce serait b\u00eate de ne pas r\u00e9ussir.<\/p>\n<p>\t\t\t\t\t\t\t\t\t\t<a class=\"lien-connexe\" href=\"https:\/\/www.sofoot.com\/breves\/psg-om-monaco-asse-ol-lhistorique-des-clubs-francais-en-demi-finales-de-ligue-des-champions\" rel=\"nofollow noopener\" target=\"_blank\">L\u2019historique des clubs fran\u00e7ais en demi-finales de Ligue des champions<\/a>\t\t\t\t\t<script async src=\"https:\/\/platform.twitter.com\/widgets.js\" charset=\"utf-8\"><\/script><\/p>\n","protected":false},"excerpt":{"rendered":"Le Vaz \u00e0 moiti\u00e9 plein. \u00catre un jeune prometteur \u00e0 l\u2019OM, c\u2019est possible. Le club phoc\u00e9en a officialis\u00e9&hellip;\n","protected":false},"author":2,"featured_media":31181,"comment_status":"","ping_status":"","sticky":false,"template":"","format":"standard","meta":{"footnotes":""},"categories":[2814],"tags":[1111,47,11,61,69,65,64,1777,674,63,1011,27,68,66,884,12,62,70,882,25,67],"class_list":{"0":"post-31180","1":"post","2":"type-post","3":"status-publish","4":"format-standard","5":"has-post-thumbnail","7":"category-marseille","8":"tag-actu","9":"tag-actualite","10":"tag-actualites","11":"tag-actus-football","12":"tag-bundesliga","13":"tag-championnats-europeens","14":"tag-equipe-de-france","15":"tag-eu","16":"tag-europe","17":"tag-football","18":"tag-fr","19":"tag-france","20":"tag-ligua","21":"tag-ligue-1","22":"tag-marseille","23":"tag-news","24":"tag-news-foot","25":"tag-premier-league","26":"tag-provence-alpes-cote-dazur","27":"tag-republique-francaise","28":"tag-serie-a"},"share_on_mastodon":{"url":"https:\/\/pubeurope.com\/@fr\/114352250285295351","error":""},"_links":{"self":[{"href":"https:\/\/www.europesays.com\/fr\/wp-json\/wp\/v2\/posts\/31180","targetHints":{"allow":["GET"]}}],"collection":[{"href":"https:\/\/www.europesays.com\/fr\/wp-json\/wp\/v2\/posts"}],"about":[{"href":"https:\/\/www.europesays.com\/fr\/wp-json\/wp\/v2\/types\/post"}],"author":[{"embeddable":true,"href":"https:\/\/www.europesays.com\/fr\/wp-json\/wp\/v2\/users\/2"}],"replies":[{"embeddable":true,"href":"https:\/\/www.europesays.com\/fr\/wp-json\/wp\/v2\/comments?post=31180"}],"version-history":[{"count":0,"href":"https:\/\/www.europesays.com\/fr\/wp-json\/wp\/v2\/posts\/31180\/revisions"}],"wp:featuredmedia":[{"embeddable":true,"href":"https:\/\/www.europesays.com\/fr\/wp-json\/wp\/v2\/media\/31181"}],"wp:attachment":[{"href":"https:\/\/www.europesays.com\/fr\/wp-json\/wp\/v2\/media?parent=31180"}],"wp:term":[{"taxonomy":"category","embeddable":true,"href":"https:\/\/www.europesays.com\/fr\/wp-json\/wp\/v2\/categories?post=31180"},{"taxonomy":"post_tag","embeddable":true,"href":"https:\/\/www.europesays.com\/fr\/wp-json\/wp\/v2\/tags?post=31180"}],"curies":[{"name":"wp","href":"https:\/\/api.w.org\/{rel}","templated":true}]}}