{"id":311802,"date":"2025-08-11T14:45:40","date_gmt":"2025-08-11T14:45:40","guid":{"rendered":"https:\/\/www.europesays.com\/fr\/311802\/"},"modified":"2025-08-11T14:45:40","modified_gmt":"2025-08-11T14:45:40","slug":"fra-la-fiba-felicite-la-ffbb-et-le-comite-local-dorganisation-pour-leur-remarquable-organisation-fiba-basketball","status":"publish","type":"post","link":"https:\/\/www.europesays.com\/fr\/311802\/","title":{"rendered":"FRA \u2013 La FIBA f\u00e9licite la FFBB et le Comit\u00e9 local d\u2019organisation pour leur remarquable organisation\u00a0|\u00a0FIBA Basketball"},"content":{"rendered":"<p>RODEZ (<a href=\"http:\/\/france2010.fiba.com\/fra\" rel=\"nofollow noopener\" target=\"_blank\">Championnat du Monde f\u00e9minin FIBA U17<\/a>) \u2013 Mardi soir, le Pr\u00e9sident de la FIBA Bob Elphinston, accompagn\u00e9 de son Secr\u00e9taire G\u00e9n\u00e9ral et membre du Comit\u00e9 International Olympique (CIO) Patrick Baumann ont respectivement f\u00e9licit\u00e9s la F\u00e9d\u00e9ration Fran\u00e7aise de Basketball (FFBB) et le Comit\u00e9 Local d\u2019Organisation (LOC) pour la r\u00e9ussite de ce tout premier championnat du monde f\u00e9minin U17 de basketball de l\u2019Histoire.<\/p>\n<p>Accompagn\u00e9 du Pr\u00e9sident de la FFBB Yvan Mainini, M. Elphinston a d\u00e9clar\u00e9 en conf\u00e9rence de presse \u00e0 Rodez que tout ce qui lui a \u00e9t\u00e9 donn\u00e9 de voir tant \u00e0 Toulouse qu\u2019\u00e0 Rodez \u00e9tait de tr\u00e8s haute qualit\u00e9.<\/p>\n<p>\u00ab Je suis ravi d\u2019avoir l\u2019opportunit\u00e9 d\u2019assister \u00e0 ces premiers championnats du monde f\u00e9minin FIBA U17 \u00bb a-t-il d\u00e9clar\u00e9. \u00ab Je suis all\u00e9 en Allemagne il y a de cela quelques semaines (\u00e0 Hambourg pour le championnat du monde masculin FIBA U17, ndlr) et c\u2019\u00e9tait \u00e9galement un succ\u00e8s, tr\u00e8s bien organis\u00e9. Je suis tr\u00e8s satisfait de tout cela \u00bb a-t-il martel\u00e9.<\/p>\n<p>\u00ab Cela fait quelques jours que je suis ici, et je dois bien avouer qu\u2019il s\u2019agit d\u2019un succ\u00e8s absolument remarquable \u00e9galement. La F\u00e9d\u00e9ration Fran\u00e7aise a fait un excellent choix en choisissant Toulouse et Rodez comme villes-h\u00f4te de ces championnats du monde. Ces villes sont d\u2019une excellente qualit\u00e9 dans l\u2019accueil de filles de cet \u00e2ge. L\u2019organisation interne est \u00e9galement vraiment remarquable \u00bb s\u2019est-il ainsi f\u00e9licit\u00e9.<\/p>\n<p>\u00ab Je souhaiterais remercier ces villes et la F\u00e9d\u00e9ration Fran\u00e7aise pour leur excellente organisation et j\u2019ai vraiment h\u00e2te \u00e0 la finale de dimanche \u00bb annonce-t-il fi\u00e8rement.<\/p>\n<p>M. Baumann a \u00e9galement d\u00e9clar\u00e9 que ce tournoi allait permettre de faire un tr\u00e8s grand pas dans le d\u00e9veloppement et la promotion du basketball f\u00e9minin.<\/p>\n<p>\u00ab En France,\u00a0 40% des licenci\u00e9s sont des femmes et jeunes filles, ce qui prouve qu\u2019elles ont du talent\u00bb explique-t-il. \u00ab C\u2019est tr\u00e8s prometteur pour l\u2019avenir et peut-\u00eatre que se tiendra bient\u00f4t un championnat du monde s\u00e9nior en France. \u00bb<\/p>\n<p>\u00ab C\u2019est tr\u00e8s int\u00e9ressant de voir le niveau technique et mental \u00e0 cet \u00e2ge \u00bb dit-il. \u00ab Evidemment, les am\u00e9ricaines sont tr\u00e8s fortes physiquement, cela fait partie de leur culture, elles sont tr\u00e8s talentueuses. Mais il y a d\u2019autres \u00e9quipes de haut niveau\u00a0 comme la Chine et la Belgique. Elles ont d\u00e9velopp\u00e9 un tr\u00e8s bon jeu \u00e0 Toulouse. \u00bb<\/p>\n<p>M. Mainini a exprim\u00e9 sa gratitude envers toutes les personnes qui travaillent infatigablement dans l\u2019ombre\u00a0 rendant ainsi\u00a0 ce championnat \u2013 jusqu\u2019\u00e0 pr\u00e9sent, un succ\u00e8s total \u2013 possible.<\/p>\n<p>\u00ab M. Vincent Bonnefous, pr\u00e9sident du club de basketball de Rodez et toutes les autorit\u00e9s locales ont travaill\u00e9 ensemble pour donner naissance \u00e0 ce projet \u00bb a-t-il d\u00e9clar\u00e9. \u00ab L\u2019organisation n\u2019\u00e9tait pas facile, c\u2019\u00e9tait un beau d\u00e9fi et ils l\u2019ont relev\u00e9 avec succ\u00e8s. Tr\u00e8s beau travail \u00e0 eux. \u00bb<\/p>\n<p>M. Elphinston a \u00e9galement rendu hommage \u00e0 l\u2019esprit innovant du tournoi et notamment \u00e0 son engagement d\u2019aider et respecter l\u2019environnement ainsi qu\u2019aux diverses activit\u00e9s adress\u00e9es aux enfants.<\/p>\n<p>\u00ab Je souhaiterais f\u00e9liciter la F\u00e9d\u00e9ration ainsi que les autorit\u00e9s municipales d\u2019avoir adopt\u00e9 cette approche. Ils mettent l\u2019accent sur le label \u00e9cologique Agenda 21 mais aussi sur le village Basket, qui sont des initiatives excellentes pour les jeunes sportifs. \u00bb<\/p>\n","protected":false},"excerpt":{"rendered":"RODEZ (Championnat du Monde f\u00e9minin FIBA U17) \u2013 Mardi soir, le Pr\u00e9sident de la FIBA Bob Elphinston, accompagn\u00e9&hellip;\n","protected":false},"author":2,"featured_media":311803,"comment_status":"","ping_status":"","sticky":false,"template":"","format":"standard","meta":{"footnotes":""},"categories":[1414],"tags":[1465,1464,1011,27,60],"class_list":{"0":"post-311802","1":"post","2":"type-post","3":"status-publish","4":"format-standard","5":"has-post-thumbnail","7":"category-basket","8":"tag-basket","9":"tag-basketball","10":"tag-fr","11":"tag-france","12":"tag-sports"},"share_on_mastodon":{"url":"https:\/\/pubeurope.com\/@fr\/115010674671762390","error":""},"_links":{"self":[{"href":"https:\/\/www.europesays.com\/fr\/wp-json\/wp\/v2\/posts\/311802","targetHints":{"allow":["GET"]}}],"collection":[{"href":"https:\/\/www.europesays.com\/fr\/wp-json\/wp\/v2\/posts"}],"about":[{"href":"https:\/\/www.europesays.com\/fr\/wp-json\/wp\/v2\/types\/post"}],"author":[{"embeddable":true,"href":"https:\/\/www.europesays.com\/fr\/wp-json\/wp\/v2\/users\/2"}],"replies":[{"embeddable":true,"href":"https:\/\/www.europesays.com\/fr\/wp-json\/wp\/v2\/comments?post=311802"}],"version-history":[{"count":0,"href":"https:\/\/www.europesays.com\/fr\/wp-json\/wp\/v2\/posts\/311802\/revisions"}],"wp:featuredmedia":[{"embeddable":true,"href":"https:\/\/www.europesays.com\/fr\/wp-json\/wp\/v2\/media\/311803"}],"wp:attachment":[{"href":"https:\/\/www.europesays.com\/fr\/wp-json\/wp\/v2\/media?parent=311802"}],"wp:term":[{"taxonomy":"category","embeddable":true,"href":"https:\/\/www.europesays.com\/fr\/wp-json\/wp\/v2\/categories?post=311802"},{"taxonomy":"post_tag","embeddable":true,"href":"https:\/\/www.europesays.com\/fr\/wp-json\/wp\/v2\/tags?post=311802"}],"curies":[{"name":"wp","href":"https:\/\/api.w.org\/{rel}","templated":true}]}}