{"id":311804,"date":"2025-08-11T14:46:12","date_gmt":"2025-08-11T14:46:12","guid":{"rendered":"https:\/\/www.europesays.com\/fr\/311804\/"},"modified":"2025-08-11T14:46:12","modified_gmt":"2025-08-11T14:46:12","slug":"les-motogp-passeront-elles-la-5e-au-balaton-park","status":"publish","type":"post","link":"https:\/\/www.europesays.com\/fr\/311804\/","title":{"rendered":"Les MotoGP passeront-elles la 5e au Balaton Park ?"},"content":{"rendered":"<p>C&rsquo;est l&rsquo;heure de la reprise pour le championnat MotoGP, qui entre dans sa seconde partie avec un gros programme sur les agendas jusqu&rsquo;au Grand Prix final pr\u00e9vu \u00e0 Valence au mois de novembre. Cette semaine, les pilotes s&rsquo;affronteront au Red Bull Ring, un circuit qu&rsquo;ils connaissent parfaitement, apr\u00e8s quoi ils investiront un nouveau complexe, celui du <a href=\"https:\/\/fr.motorsport.com\/location\/balaton-park\/31928\/\" target=\"_self\" rel=\"noopener\">Balaton Park<\/a>.<\/p>\n<p>Pour le retour du GP de Hongrie au <a href=\"https:\/\/fr.motorsport.com\/motogp\/schedule\/2025\/?event_types%5B%5D=race\" target=\"_self\" rel=\"noopener\">calendrier<\/a>, le championnat a accord\u00e9 sa confiance \u00e0 ce circuit n\u00e9 sur les rives du lac Balaton, \u00e0 une heure de la capitale, Budapest. Une piste qui suscite la curiosit\u00e9, au point que <a href=\"https:\/\/fr.motorsport.com\/motogp\/news\/pilotes-ducati-journee-balaton-park\/10748729\/\" target=\"_self\" rel=\"noopener\">Ducati y a d\u00e9p\u00each\u00e9 la semaine derni\u00e8re l&rsquo;ensemble de ses pilotes titulaires<\/a> pour une journ\u00e9e de rep\u00e9rage qui pourrait bien leur donner un avantage lorsque viendra le moment d&rsquo;y manier leur MotoGP.<\/p>\n<p>Pour les autres, il faudra se contenter des informations transmises par les pilotes essayeurs de chaque marque, qui ont effectu\u00e9 un test sur place \u00e0 la fin du mois de juin, ou bien se fier aux impressions de leurs coll\u00e8gues du championnat WorldSBK.<\/p>\n<p>Ceux-ci ont disput\u00e9 une \u00e9preuve au Balaton Park le mois dernier, un week-end int\u00e9gralement domin\u00e9 par <a href=\"https:\/\/fr.motorsport.com\/driver\/toprak-razgatlioglu\/178502\/\" target=\"_blank\" rel=\"noopener\">Toprak Razgatlioglu<\/a> et \u00e9galement marqu\u00e9 par quelques accidents frappants. Un carambolage ayant impliqu\u00e9 sept pilotes dans le deuxi\u00e8me virage a d&rsquo;ailleurs valu \u00e0 <a href=\"https:\/\/fr.motorsport.com\/driver\/iker-lecuona\/442192\/\" target=\"_blank\" rel=\"noopener\">Iker Lecuona<\/a> de manquer les 8H de Suzuka dans la foul\u00e9e.<\/p>\n<p>Lire aussi :<\/p>\n<p>Un circuit dangereux ?<\/p>\n<p>Le double champion du monde Superbike <a href=\"https:\/\/fr.motorsport.com\/driver\/alvaro-bautista\/80185\/\" target=\"_blank\" rel=\"noopener\">\u00c1lvaro Bautista<\/a>, qui court pour Ducati et occupe aujourd&rsquo;hui le cinqui\u00e8me rang du championnat, a lui-m\u00eame particip\u00e9 \u00e0 ces courses. Il a d\u00e9croch\u00e9 la troisi\u00e8me place de deux d&rsquo;entre elles mais a chut\u00e9 dans la derni\u00e8re \u00e9preuve du week-end. Il a alors perdu l&rsquo;avant de sa Panigale \u00e0 grande vitesse dans le virage 8 de la piste, sa moto faisant ensuite plusieurs tonneaux pour finir sa course contre les barri\u00e8res de s\u00e9curit\u00e9.<\/p>\n<p>Malgr\u00e9 cette m\u00e9saventure, et contrairement \u00e0 certains pilotes comme Lecuona qui jugent que la s\u00e9curit\u00e9 de la piste est pr\u00e9caire, Bautista estime que le circuit n&rsquo;est pas dangereux.\u00a0\u00ab\u00a0Franchement, apr\u00e8s tout ce qui a \u00e9t\u00e9 dit, je m&rsquo;attendais \u00e0 bien pire\u00a0\u00bb, a-t-il d\u00e9clar\u00e9 <a href=\"https:\/\/es.motorsport.com\/motogp\/news\/bautista-balaton-hungria-motogp-quinta-marcha-circuito\/10746871\/\" target=\"_self\" rel=\"noopener\">\u00e0 l&rsquo;\u00e9dition espagnole de <strong>Motorsport.com<\/strong><\/a>. \u00ab\u00a0Disons que j&rsquo;ai \u00e9t\u00e9 positivement surpris. L&rsquo;asphalte offre beaucoup d&rsquo;adh\u00e9rence.\u00a0\u00bb<\/p>\n<p>Aux yeux du quadrag\u00e9naire, c&rsquo;est aux pilotes d&rsquo;\u00e9valuer les risques, et notamment \u00e0 l&rsquo;approche de la premi\u00e8re chicane. \u00ab\u00a0Je ne pense pas que ce soit un probl\u00e8me en MotoGP, car les pilotes de cette cat\u00e9gorie savent qu&rsquo;ils ne peuvent pas prendre de risques excessifs. Mais les pilotes Moto2 et surtout les pilotes Moto3 devront \u00eatre tr\u00e8s prudents, en particulier dans le premier tour\u00a0\u00bb, a-t-il pr\u00e9venu.<\/p>\n<p>   <img decoding=\"async\" draggable=\"false\" src=\"https:\/\/www.europesays.com\/fr\/wp-content\/uploads\/2025\/08\/alvaro-bautista-aruba-it-racin.jpg\" alt=\"Alvaro Bautista, Aruba.it Racing Ducati\" width=\"1200\" height=\"800\" loading=\"lazy\"\/> <\/p>\n<p class=\"title\">\u00c1lvaro Bautista au Balaton Park<\/p>\n<p class=\"photographer\">Photo de : Ducati Corse<\/p>\n<p>En ce qui concerne les protections de bord de piste, \u00c1lvaro Bautista a not\u00e9 quelques endroits o\u00f9 les limites du circuit sont \u00e9troites et devraient id\u00e9alement \u00eatre ajust\u00e9es. \u00ab\u00a0Au virage 1, le mur est assez proche, ainsi qu&rsquo;\u00e0 l&rsquo;ext\u00e9rieur du virage 5. Dans ces deux portions, si quelque chose se passe mal, \u00e7a pourrait \u00eatre dangereux\u00a0\u00bb, a-t-il soulign\u00e9.<\/p>\n<p>Reste que le Balaton Park est un trac\u00e9 court de seulement 4,08 km, soit \u00e0 peine plus long que le circuit Ricardo Tormo de Valence (4,01 km) et que le Sachsenring (3,67 km), et surtout lent. Toprak Razgatlioglu a boucl\u00e9 le tour de la pole position avec une moyenne de 149 km\/h, soit 5 km\/h de moins que le pr\u00e9c\u00e9dent circuit le plus lent du WorldSBK, celui de Cr\u00e9mone.<\/p>\n<p>\u00ab\u00a0C&rsquo;est un circuit tr\u00e8s lent qui favorise les motos agiles. Que ceux qui le peuvent se d\u00e9barrassent de leurs ailerons\u00a0!\u00a0\u00bb, a plaisant\u00e9 Bautista, avant d&rsquo;ajouter\u00a0:\u00a0\u00ab\u00a0Avec les Superbike, on n&rsquo;atteint la cinqui\u00e8me vitesse que dans une ligne droite, et on r\u00e9trograde imm\u00e9diatement. En fait, \u00e9tant donn\u00e9 que les MotoGP peuvent ajuster leurs rapports de bo\u00eete et leurs pignons, il se peut qu&rsquo;elles ne passent m\u00eame pas la cinqui\u00e8me.\u00a0\u00bb<\/p>\n<p>Lire aussi :<\/p>\n<p>Dans cet article<\/p>\n<p>Soyez le premier inform\u00e9 et souscrivez aux alertes mails pour recevoir les infos en temps r\u00e9el<\/p>\n<p>    S&rsquo;abonner aux alertes de news<\/p>\n","protected":false},"excerpt":{"rendered":"C&rsquo;est l&rsquo;heure de la reprise pour le championnat MotoGP, qui entre dans sa seconde partie avec un gros&hellip;\n","protected":false},"author":2,"featured_media":311805,"comment_status":"","ping_status":"","sticky":false,"template":"","format":"standard","meta":{"footnotes":""},"categories":[1413],"tags":[21747,45173,1011,27,21746,45172,1457,1456,1458,60,45174,11034],"class_list":{"0":"post-311804","1":"post","2":"type-post","3":"status-publish","4":"format-standard","5":"has-post-thumbnail","7":"category-moto","8":"tag-balaton-park","9":"tag-ducati-aruba-it","10":"tag-fr","11":"tag-france","12":"tag-gp-de-hongrie","13":"tag-les-motogp-passeront-elles-la-5e-au-balaton-park","14":"tag-moto","15":"tag-motocycle","16":"tag-motogp","17":"tag-sports","18":"tag-u00c1lvaro-bautista","19":"tag-worldsbk"},"share_on_mastodon":{"url":"https:\/\/pubeurope.com\/@fr\/115010678577754233","error":""},"_links":{"self":[{"href":"https:\/\/www.europesays.com\/fr\/wp-json\/wp\/v2\/posts\/311804","targetHints":{"allow":["GET"]}}],"collection":[{"href":"https:\/\/www.europesays.com\/fr\/wp-json\/wp\/v2\/posts"}],"about":[{"href":"https:\/\/www.europesays.com\/fr\/wp-json\/wp\/v2\/types\/post"}],"author":[{"embeddable":true,"href":"https:\/\/www.europesays.com\/fr\/wp-json\/wp\/v2\/users\/2"}],"replies":[{"embeddable":true,"href":"https:\/\/www.europesays.com\/fr\/wp-json\/wp\/v2\/comments?post=311804"}],"version-history":[{"count":0,"href":"https:\/\/www.europesays.com\/fr\/wp-json\/wp\/v2\/posts\/311804\/revisions"}],"wp:featuredmedia":[{"embeddable":true,"href":"https:\/\/www.europesays.com\/fr\/wp-json\/wp\/v2\/media\/311805"}],"wp:attachment":[{"href":"https:\/\/www.europesays.com\/fr\/wp-json\/wp\/v2\/media?parent=311804"}],"wp:term":[{"taxonomy":"category","embeddable":true,"href":"https:\/\/www.europesays.com\/fr\/wp-json\/wp\/v2\/categories?post=311804"},{"taxonomy":"post_tag","embeddable":true,"href":"https:\/\/www.europesays.com\/fr\/wp-json\/wp\/v2\/tags?post=311804"}],"curies":[{"name":"wp","href":"https:\/\/api.w.org\/{rel}","templated":true}]}}