{"id":311808,"date":"2025-08-11T14:48:10","date_gmt":"2025-08-11T14:48:10","guid":{"rendered":"https:\/\/www.europesays.com\/fr\/311808\/"},"modified":"2025-08-11T14:48:10","modified_gmt":"2025-08-11T14:48:10","slug":"cyclisme-criterium-mathieu-van-der-poel-de-retour-dimanche-pauline-ferrand-prevot-aussi","status":"publish","type":"post","link":"https:\/\/www.europesays.com\/fr\/311808\/","title":{"rendered":"Cyclisme. Crit\u00e9rium &#8211; Mathieu van der Poel de retour dimanche&#8230; Pauline Ferrand-Pr\u00e9vot aussi"},"content":{"rendered":"<p>La petite ville d&rsquo;Etten-Leur (Pays-Bas) va vivre une journ\u00e9e excpetionnelle ce dimanche 17 ao\u00fbt. Son c\u00e9l\u00e8bre et traditionnel <strong><a href=\"https:\/\/www.profwielerrondeetten-leur.nl\/\" target=\"_blank\" rel=\"nofollow noopener\">Crit\u00e9rium Las Montage Holland Profronde Etten-Leur<\/a><\/strong>, consid\u00e9r\u00e9 comme \u00ab\u00a0le plus grand crit\u00e9rium d&rsquo;Europe\u00a0\u00bb selon l&rsquo;organisation, va accueillir de tr\u00e8s grands noms au d\u00e9part en fin de semaine, \u00e0 l&rsquo;image de\u00a0<strong><a href=\"https:\/\/www.cyclismactu.net\/..\/news-tour-de-france-route-pneumonie-et-abandon-pour-mathieu-van-der-poel-ca-fait-mal-89126.html\" target=\"_blank\" rel=\"nofollow noopener\">Mathieu van der Poel<\/a><\/strong> et <strong>Pauline Ferrand-Pr\u00e9vot<\/strong> ! Cette course cr\u00e9\u00e9e en 2007 et qui a vu de grands coureurs inscrire leurs noms au palmar\u00e8s (Peter Sagan, Chris Frrome, Jonas Vingegaard&#8230;) verra donc la star n\u00e9erlandaise faire son retour \u00e0 la \u00ab\u00a0comp\u00e9tition\u00a0\u00bb ce dimanche, <strong>MVDP<\/strong> n&rsquo;ayant plus \u00e9pingl\u00e9 un dossard depuis son abandon sur le <strong>Tour de France<\/strong> suite \u00e0 une pneumonie. S&rsquo;il a depuis repris l&rsquo;entra\u00eenement en Espagne en vue des <strong>Championnats du monde de VTT<\/strong> en Suisse (14 septembre),\u00a0le coureur d&rsquo;<strong>Alpecin-Deceuninck<\/strong>\u00a0fera donc un crochet par son pays\u00a0\u00e0\u00a0<strong>Etten-Leur<\/strong>, o\u00f9 le double tenant du titre qu&rsquo;il est visera un tripl\u00e9 in\u00e9dit.<\/p>\n<p>Vid\u00e9o &#8211; PFP va pouvoir \u00e9trenner son beau maillot Jaune Lire la suite de l&rsquo;article&#13;<\/p>\n<p>\u00a0<\/p>\n<p>&#13;<br \/>\nDu beau monde ce dimanche aux Pays-Bas !&#13;<\/p>\n<p>Parmi les autres participants\u00a0chez les hommes, la liste provisoire des partants comprend de beaux noms comme\u00a0<strong>Thymen Arensman<\/strong>, <strong>Oscar Onley<\/strong>, <strong>Tim Wellens<\/strong>, <strong>Daan Hoole<\/strong>, <strong>Elmar Reinders<\/strong>, <strong>Frank van den Broek<\/strong>, <strong>Pascal Eenkhoorn<\/strong> et <strong>Marijn van den Berg<\/strong>.<\/p>\n<p>&#13;<\/p>\n<p>Mais la course f\u00e9minine ne sera pas en reste, puisqu&rsquo;elle pourra se targuer d&rsquo;avoir r\u00e9ussi \u00e0 attirer la vainqueure du <strong>Tour de France Femmes<\/strong>,\u00a0<strong><a href=\"https:\/\/www.cyclismactu.net\/..\/news-route-pauline-ferrand-prevot-les-conseils-de-tadej-pogacar-apres-tour-89481.html\" target=\"_blank\" rel=\"nofollow noopener\">Pauline Ferrand-Pr\u00e9vot<\/a><\/strong> ! La Fran\u00e7aise de la <strong>Visma | Lease a Bike<\/strong>, tr\u00e8s li\u00e9e aux Pays-Bas via son \u00e9quipe mais aussi son compagnon <strong>Dylan van Baarle<\/strong>, fera une apparition remarqu\u00e9e, elle qui s&rsquo;est montr\u00e9e assez discr\u00e8te depuis son triomphe sur la Grande Boucle, except\u00e9e une sortie \u00e0 v\u00e9lo avec son homologue <strong>Tadej Pogacar<\/strong>.\u00a0Elle sera confront\u00e9e \u00e0 des coureuses comme <strong>Anna van der Breggen<\/strong>, <strong>Lorena Wiebes<\/strong>, <strong>Lotte Kopecky<\/strong> et <strong>Lucinda Brand<\/strong>.\u00a0<\/p>\n<p>&#13;<\/p>\n<p>Retrouvez toutes les informations <a href=\"https:\/\/www.profwielerrondeetten-leur.nl\/\" target=\"_blank\" rel=\"nofollow noopener\">sur ce Crit\u00e9rium en suivant ce lien<\/a>.\u00a0<\/p>\n","protected":false},"excerpt":{"rendered":"La petite ville d&rsquo;Etten-Leur (Pays-Bas) va vivre une journ\u00e9e excpetionnelle ce dimanche 17 ao\u00fbt. Son c\u00e9l\u00e8bre et traditionnel&hellip;\n","protected":false},"author":2,"featured_media":311809,"comment_status":"","ping_status":"","sticky":false,"template":"","format":"standard","meta":{"footnotes":""},"categories":[1411],"tags":[42572,1154,207,211,1011,27,209,60,210,212,208,213],"class_list":{"0":"post-311808","1":"post","2":"type-post","3":"status-publish","4":"format-standard","5":"has-post-thumbnail","7":"category-cyclisme","8":"tag-criterium","9":"tag-cycling","10":"tag-cyclisme","11":"tag-ffc","12":"tag-fr","13":"tag-france","14":"tag-route","15":"tag-sports","16":"tag-tour-de-france","17":"tag-uci","18":"tag-velo","19":"tag-world-tour"},"share_on_mastodon":{"url":"https:\/\/pubeurope.com\/@fr\/115010686424148511","error":""},"_links":{"self":[{"href":"https:\/\/www.europesays.com\/fr\/wp-json\/wp\/v2\/posts\/311808","targetHints":{"allow":["GET"]}}],"collection":[{"href":"https:\/\/www.europesays.com\/fr\/wp-json\/wp\/v2\/posts"}],"about":[{"href":"https:\/\/www.europesays.com\/fr\/wp-json\/wp\/v2\/types\/post"}],"author":[{"embeddable":true,"href":"https:\/\/www.europesays.com\/fr\/wp-json\/wp\/v2\/users\/2"}],"replies":[{"embeddable":true,"href":"https:\/\/www.europesays.com\/fr\/wp-json\/wp\/v2\/comments?post=311808"}],"version-history":[{"count":0,"href":"https:\/\/www.europesays.com\/fr\/wp-json\/wp\/v2\/posts\/311808\/revisions"}],"wp:featuredmedia":[{"embeddable":true,"href":"https:\/\/www.europesays.com\/fr\/wp-json\/wp\/v2\/media\/311809"}],"wp:attachment":[{"href":"https:\/\/www.europesays.com\/fr\/wp-json\/wp\/v2\/media?parent=311808"}],"wp:term":[{"taxonomy":"category","embeddable":true,"href":"https:\/\/www.europesays.com\/fr\/wp-json\/wp\/v2\/categories?post=311808"},{"taxonomy":"post_tag","embeddable":true,"href":"https:\/\/www.europesays.com\/fr\/wp-json\/wp\/v2\/tags?post=311808"}],"curies":[{"name":"wp","href":"https:\/\/api.w.org\/{rel}","templated":true}]}}