{"id":311812,"date":"2025-08-11T14:50:10","date_gmt":"2025-08-11T14:50:10","guid":{"rendered":"https:\/\/www.europesays.com\/fr\/311812\/"},"modified":"2025-08-11T14:50:10","modified_gmt":"2025-08-11T14:50:10","slug":"marilou-berry-ne-veut-plus-quon-lui-parle-de-s","status":"publish","type":"post","link":"https:\/\/www.europesays.com\/fr\/311812\/","title":{"rendered":"Marilou Berry ne veut plus qu\u2019on lui parle de s &#8230;"},"content":{"rendered":"<p>EN BREF<\/p>\n<ul class=\"bloc_resume_post_list\">\n<li>Marilou Berry, n\u00e9e le 1er f\u00e9vrier 1983 \u00e0 Paris, est une<br \/>\nactrice et r\u00e9alisatrice reconnue pour son style incisif et<br \/>\npersonnel.<\/li>\n<li>Elle a r\u00e9alis\u00e9 \u00ab\u00a0Jos\u00e9phine s\u2019arrondit&rsquo; en 2016, abordant<br \/>\nla maternit\u00e9 avec humour et tendresse.<\/li>\n<li>Elle critique le double standard sur le poids des<br \/>\nactrices, soulignant une in\u00e9galit\u00e9 persistante dans le<br \/>\ncin\u00e9ma.<\/li>\n<\/ul>\n<p>Issue d\u2019une famille d\u2019artistes, <a href=\"https:\/\/www.telestar.fr\/people\/exclu.-marilou-berry-je-ne-peux-plus-l-entendre-son-tacle-a-fanny-ardant-apres-son-soutien-a-gerard-depardieu-850777\" rel=\"nofollow noopener\" target=\"_blank\"><br \/>\nMarilou Berry<\/a>, s\u2019est rapidement fait un nom en tant<br \/>\n<strong>qu\u2019actrice et r\u00e9alisatrice<\/strong> au ton \u00e0 la fois<br \/>\nincisif et personnel. Elle s\u2019est fait conna\u00eetre du grand public<br \/>\ngr\u00e2ce \u00e0 des com\u00e9dies populaires telles que Vilaine ou<br \/>\nNos jours heureux, avant de toucher les spectateurs avec<br \/>\nson interpr\u00e9tation d\u2019une trentenaire maladroite et attachante dans<br \/>\n<a href=\"https:\/\/www.telestar.fr\/culture\/josephine-de-quel-livre-est-adapte-le-film-avec-marilou-berry-584467\" rel=\"nofollow noopener\" target=\"_blank\"><br \/>\nJos\u00e9phine<\/a>.<\/p>\n<p>En 2016, elle passe derri\u00e8re la cam\u00e9ra pour r\u00e9aliser<br \/>\nJos\u00e9phine s\u2019arrondit, la suite o\u00f9 elle explore avec<br \/>\nfinesse et humour la maternit\u00e9 \u00e0 travers les p\u00e9rip\u00e9ties de son<br \/>\nh\u00e9ro\u00efne enceinte. Entre rires, \u00e9motions et situations d\u00e9cal\u00e9es,<br \/>\nMarilou y apporte un regard \u00e0 la fois tendre et irr\u00e9v\u00e9rencieux sur<br \/>\nce nouveau chapitre de la vie.<\/p>\n<p>La fille de Josiane Balasko lass\u00e9e d&rsquo;\u00eatre critiqu\u00e9e sur son<br \/>\npoids<\/p>\n<p>Marilou Berry a toujours refus\u00e9 de se laisser enfermer par son<br \/>\napparence physique. \u00ab\u00a0Cette force-l\u00e0 qu\u2019on m\u2019a donn\u00e9e dans mon<br \/>\n\u00e9ducation fait que je me sens <strong>extr\u00eamement libre<\/strong><br \/>\ndans ce que je fais et que mon corps ne m\u2019a jamais en rien<br \/>\nemp\u00each\u00e9e\u00a0\u00bb, expliquait-elle au printemps dernier lors d\u2019une<br \/>\ninterview accord\u00e9e \u00e0 <a href=\"https:\/\/www.telestar.fr\/actu_tv\/de-la-censure-sur-europe-1-et-cnews-une-deputee-est-bien-determinee-a-le-montrer-1733854\" rel=\"nofollow noopener\" target=\"_blank\"><br \/>\nEurope 1<\/a>. \u00a0Elle ajoutait : \u00ab\u00a0\u00c7a ne veut pas dire que je<br \/>\nm\u2019aime particuli\u00e8rement, \u00e7a veut juste dire que, que je<br \/>\n<strong>fasse un 52 ou un 38<\/strong>, je mets un maillot de bain<br \/>\net je vais \u00e0 la mer. \u00c7a ne veut pas dire que je me sens bien, \u00e7a<br \/>\nveut dire que \u00e7a ne m\u2019emp\u00eache pas de prendre du plaisir quand j\u2019ai<br \/>\nenvie d\u2019en prendre\u00a0\u00bb.<\/p>\n<p>Interrog\u00e9e par <a href=\"https:\/\/www.programme-tv.net\/news\/people\/384906-on-ne-va-pas-emmerder-daniel-auteuil-parce-quil-a-pris-30-kilos-marilou-berry-devoile-la-remarque-qui-l-agace\/\" rel=\"nofollow noopener\" target=\"_blank\"><br \/>\nT\u00e9l\u00e9-Loisirs<\/a> en ce mois d\u2019ao\u00fbt, Marilou Berry a vigoureusement<br \/>\nd\u00e9nonc\u00e9 l\u2019injustice persistante dans le regard port\u00e9 sur les<br \/>\nacteurs selon leur sexe. Elle a rappel\u00e9 que, contrairement aux<br \/>\nhommes, les actrices sont souvent soumises \u00e0 une critique<br \/>\nimplacable d\u00e8s la moindre variation de poids. \u00ab\u00a0C\u2019est fou qu\u2019il<br \/>\ny ait encore <strong>autant de barri\u00e8res chez les femmes \u00e0 propos<br \/>\nde leur physique<\/strong>. On ne va pas emmerder <a href=\"https:\/\/www.telestar.fr\/actu-tv\/c-a-vous\/video-daniel-auteuil-revient-sur-ce-moment-genant-ou-il-a-du-caresser-fanny-arda-469517\" rel=\"nofollow noopener\" target=\"_blank\"><br \/>\nDaniel Auteuil<\/a> parce qu\u2019il a pris 30 kilos\u00a0\u00bb, a-t-elle<br \/>\nd\u00e9plor\u00e9 avec force, soulignant ainsi le double standard et le<br \/>\nfardeau in\u00e9gal que doivent porter les femmes dans le monde du<br \/>\ncin\u00e9ma.<\/p>\n<p>Marilou Berry tr\u00e8s cash sur sa<br \/>\nm\u00e8re<\/p>\n<p>La question qu\u2019elle \u00e9vite \u00e0 tout prix lors des interviews ?<br \/>\n\u00ab\u00a0<strong>\u00c7a fait quoi d\u2019\u00eatre la fille de Josiane Balasko<br \/>\n?<\/strong>\u00ab\u00a0. Pour elle, ce n\u2019est pas tant que cette<br \/>\ninterrogation la d\u00e9range, mais plut\u00f4t qu\u2019elle lui \u00ab\u00a0<strong>ne<br \/>\nfait pas grand-chose : c\u2019est ma m\u00e8re<\/strong>\u00ab\u00a0. Un lien<br \/>\nfamilial qu\u2019elle consid\u00e8re comme naturel, loin des projecteurs.<\/p>\n<p>De son c\u00f4t\u00e9, <a href=\"https:\/\/www.telestar.fr\/people\/la-vie-est-merdique-josiane-balasko-annonce-la-mort-dun-acteur-proche-de-la-famille-du-splendid-1714137\" rel=\"nofollow noopener\" target=\"_blank\"><br \/>\nJosiane Balasko<\/a> avait confi\u00e9 \u00e0 T\u00e9l\u00e9 Star en juin 2021 :<br \/>\n\u00ab\u00a0C\u2019est dur d\u2019exister quand on a une m\u00e8re connue ! Il n\u2019y a<br \/>\njamais eu de <strong>rivalit\u00e9 entre nous<\/strong> mais elle ne<br \/>\nvoulait surtout pas \u00eatre une \u00ab\u00a0fille de\u00a0\u00bb. Aujourd\u2019hui, la star<br \/>\ndes Bronz\u00e9s assume pleinement ce r\u00f4le avec une touche d\u2019humour :<br \/>\n\u00ab\u00a0Je suis la m\u00e8re de Marilou Berry !\u00a0\u00bb. Cette d\u00e9claration<br \/>\nillustre bien leur complicit\u00e9 et leur volont\u00e9 de vivre chacune leur<br \/>\nparcours sans se d\u00e9finir l\u2019une par rapport \u00e0 l\u2019autre.<\/p>\n","protected":false},"excerpt":{"rendered":"EN BREF Marilou Berry, n\u00e9e le 1er f\u00e9vrier 1983 \u00e0 Paris, est une actrice et r\u00e9alisatrice reconnue pour&hellip;\n","protected":false},"author":2,"featured_media":311813,"comment_status":"","ping_status":"","sticky":false,"template":"","format":"standard","meta":{"footnotes":""},"categories":[1359],"tags":[548,58,59,1011,27,973],"class_list":{"0":"post-311812","1":"post","2":"type-post","3":"status-publish","4":"format-standard","5":"has-post-thumbnail","7":"category-people","8":"tag-article-simple","9":"tag-divertissement","10":"tag-entertainment","11":"tag-fr","12":"tag-france","13":"tag-people"},"share_on_mastodon":{"url":"https:\/\/pubeurope.com\/@fr\/115010694258625236","error":""},"_links":{"self":[{"href":"https:\/\/www.europesays.com\/fr\/wp-json\/wp\/v2\/posts\/311812","targetHints":{"allow":["GET"]}}],"collection":[{"href":"https:\/\/www.europesays.com\/fr\/wp-json\/wp\/v2\/posts"}],"about":[{"href":"https:\/\/www.europesays.com\/fr\/wp-json\/wp\/v2\/types\/post"}],"author":[{"embeddable":true,"href":"https:\/\/www.europesays.com\/fr\/wp-json\/wp\/v2\/users\/2"}],"replies":[{"embeddable":true,"href":"https:\/\/www.europesays.com\/fr\/wp-json\/wp\/v2\/comments?post=311812"}],"version-history":[{"count":0,"href":"https:\/\/www.europesays.com\/fr\/wp-json\/wp\/v2\/posts\/311812\/revisions"}],"wp:featuredmedia":[{"embeddable":true,"href":"https:\/\/www.europesays.com\/fr\/wp-json\/wp\/v2\/media\/311813"}],"wp:attachment":[{"href":"https:\/\/www.europesays.com\/fr\/wp-json\/wp\/v2\/media?parent=311812"}],"wp:term":[{"taxonomy":"category","embeddable":true,"href":"https:\/\/www.europesays.com\/fr\/wp-json\/wp\/v2\/categories?post=311812"},{"taxonomy":"post_tag","embeddable":true,"href":"https:\/\/www.europesays.com\/fr\/wp-json\/wp\/v2\/tags?post=311812"}],"curies":[{"name":"wp","href":"https:\/\/api.w.org\/{rel}","templated":true}]}}