{"id":311814,"date":"2025-08-11T14:51:34","date_gmt":"2025-08-11T14:51:34","guid":{"rendered":"https:\/\/www.europesays.com\/fr\/311814\/"},"modified":"2025-08-11T14:51:34","modified_gmt":"2025-08-11T14:51:34","slug":"une-exposition-dans-le-secret-du-minuscule","status":"publish","type":"post","link":"https:\/\/www.europesays.com\/fr\/311814\/","title":{"rendered":"Une exposition dans le secret du minuscule"},"content":{"rendered":"<p>L&rsquo;un pr\u00e9sente une s\u00e9rie de macrophotos sur le monde des insectes. L&rsquo;autre, d\u00e9voile des \u0153uvres entre sculpture et installations. Dans une galerie commerciale de Dumb\u00e9a, Thierry Galois et Caroline Anezo expriment leur attachement \u00e0 la nature chacun \u00e0 sa mani\u00e8re, avec patience et minutie.<\/p>\n<p>C&rsquo;est un homme d&rsquo;image \u00e0 plusieurs facettes. Thierry Galois a toujours pratiqu\u00e9 la prise de vue et cette premi\u00e8re exposition de macrophotographie, dans la galerie du Dumb\u00e9a mall, consacre son int\u00e9r\u00eat profond pour le minuscule. Images saisies par un dessinateur plus connu sous le <a href=\"https:\/\/la1ere.franceinfo.fr\/nouvellecaledonie\/2015\/07\/28\/voyage-dans-l-espace-avec-teg-la-galerie-arte-bello-274045.html\" target=\"_blank\" rel=\"noopener nofollow\">pseudo TEG<\/a>.<\/p>\n<blockquote class=\"ftvi_content_quote\">\n<p class=\"ftvi_citation_quote\">Je me suis aper\u00e7u qu&rsquo;aller chercher des petits d\u00e9tails dans un monde du minuscule, \u00e7a permet de d\u00e9couvrir des choses qu&rsquo;on ne voit pas \u00e0 l&rsquo;\u0153il nu, tout simplement.<\/p>\n<p>Thierry Galois, photographe<\/p>\n<\/blockquote>\n<p>Dix ans et quatre mille photos, chacun avec sa propre histoire. Elle conjugue l&rsquo;\u00e9motion de la rencontre avec l&rsquo;insecte, la technique mais surtout la patience. \u00ab\u00a0C&rsquo;est compl\u00e8tement jubilatoire d&rsquo;attendre le moment qui convient. Il y a aussi beaucoup de frustration parce que, sur cent clich\u00e9s, c&rsquo;est rare d&rsquo;en avoir trois ou quatre qui conviennent. Et au moment o\u00f9 on a ce qui convient, c&rsquo;est la dopamine qui monte. On se dit\u00a0: &lsquo;\u00c7a y est, j&rsquo;ai r\u00e9ussi mon truc.'\u00a0\u00bb<\/p>\n<p>En compl\u00e9ment de l&rsquo;expo photo, la plasticienne Caroline Anezo pr\u00e9sente sa mani\u00e8re de magnifier les \u00e9l\u00e9ments naturels. Comme ce bois flott\u00e9 qu&rsquo;elle a orn\u00e9 avec des centaines d&rsquo;\u00e9cailles de pin colonnaire. \u00ab\u00a0C&rsquo;est d&rsquo;abord une r\u00e9colte de mat\u00e9riaux et petit \u00e0 petit, \u00e7a devient un processus, des gestes que je vais r\u00e9p\u00e9ter pendant des mois.\u00a0\u00bb Autre exemple de minutie et de patience, une cr\u00e9ation r\u00e9alis\u00e9e avec de vraies ailes de cigales. L&rsquo;artiste sublime la nature et stimule l&rsquo;imaginaire.<\/p>\n<p>Intitul\u00e9e \u00ab\u00a0Les Jardins secrets du minuscule\u00a0\u00bb, cette double exposition est accessible au public jusqu&rsquo;au samedi 30 ao\u00fbt.<\/p>\n","protected":false},"excerpt":{"rendered":"L&rsquo;un pr\u00e9sente une s\u00e9rie de macrophotos sur le monde des insectes. L&rsquo;autre, d\u00e9voile des \u0153uvres entre sculpture et&hellip;\n","protected":false},"author":2,"featured_media":311815,"comment_status":"","ping_status":"","sticky":false,"template":"","format":"standard","meta":{"footnotes":""},"categories":[1358],"tags":[1348,1384,1385,1386,58,59,1011,27],"class_list":{"0":"post-311814","1":"post","2":"type-post","3":"status-publish","4":"format-standard","5":"has-post-thumbnail","7":"category-arts-et-design","8":"tag-arts","9":"tag-arts-and-design","10":"tag-arts-et-design","11":"tag-design","12":"tag-divertissement","13":"tag-entertainment","14":"tag-fr","15":"tag-france"},"share_on_mastodon":{"url":"https:\/\/pubeurope.com\/@fr\/115010698277323742","error":""},"_links":{"self":[{"href":"https:\/\/www.europesays.com\/fr\/wp-json\/wp\/v2\/posts\/311814","targetHints":{"allow":["GET"]}}],"collection":[{"href":"https:\/\/www.europesays.com\/fr\/wp-json\/wp\/v2\/posts"}],"about":[{"href":"https:\/\/www.europesays.com\/fr\/wp-json\/wp\/v2\/types\/post"}],"author":[{"embeddable":true,"href":"https:\/\/www.europesays.com\/fr\/wp-json\/wp\/v2\/users\/2"}],"replies":[{"embeddable":true,"href":"https:\/\/www.europesays.com\/fr\/wp-json\/wp\/v2\/comments?post=311814"}],"version-history":[{"count":0,"href":"https:\/\/www.europesays.com\/fr\/wp-json\/wp\/v2\/posts\/311814\/revisions"}],"wp:featuredmedia":[{"embeddable":true,"href":"https:\/\/www.europesays.com\/fr\/wp-json\/wp\/v2\/media\/311815"}],"wp:attachment":[{"href":"https:\/\/www.europesays.com\/fr\/wp-json\/wp\/v2\/media?parent=311814"}],"wp:term":[{"taxonomy":"category","embeddable":true,"href":"https:\/\/www.europesays.com\/fr\/wp-json\/wp\/v2\/categories?post=311814"},{"taxonomy":"post_tag","embeddable":true,"href":"https:\/\/www.europesays.com\/fr\/wp-json\/wp\/v2\/tags?post=311814"}],"curies":[{"name":"wp","href":"https:\/\/api.w.org\/{rel}","templated":true}]}}