{"id":311816,"date":"2025-08-11T14:52:09","date_gmt":"2025-08-11T14:52:09","guid":{"rendered":"https:\/\/www.europesays.com\/fr\/311816\/"},"modified":"2025-08-11T14:52:09","modified_gmt":"2025-08-11T14:52:09","slug":"dans-le-val-doise-lhistoire-des-20-ans-de-combats-de-monsieur-nez-rouge","status":"publish","type":"post","link":"https:\/\/www.europesays.com\/fr\/311816\/","title":{"rendered":"Dans le Val-d&rsquo;Oise, l&rsquo;histoire des 20 ans de combats de Monsieur Nez Rouge"},"content":{"rendered":"<p>            Par<br \/>\n        <strong><br \/>\n            <a href=\"https:\/\/actu.fr\/auteur\/raphael-delaveaux-actu-fr\" title=\"Consulter tous les articles de Rapha\u00ebl Delaveaux\" rel=\"nofollow noopener\" target=\"_blank\">Rapha\u00ebl Delaveaux<\/a><br \/>\n        <\/strong><\/p>\n<p>        Publi\u00e9 le<\/p>\n<p>            11 ao\u00fbt 2025 \u00e0 16h46        <\/p>\n<p>Un <b>hommage <\/b>\u00e0 tous ceux qui se battent au quotidien.<\/p>\n<p class=\" wall-content\">Guy Dumont, pr\u00e9sident de<a href=\"https:\/\/actu.fr\/ile-de-france\/groslay_95288\/une-nouvelle-recompense-nationale-pour-monsieur-nez-rouge-association-engagee-du-val-doise_62762888.html\" rel=\"nofollow noopener\" target=\"_blank\"> l\u2019association Monsieur Nez Rouge<\/a> \u00e0 <a href=\"https:\/\/actu.fr\/ile-de-france\/groslay_95288\" rel=\"nofollow noopener\" target=\"_blank\">Groslay <\/a>(<a href=\"https:\/\/actu.fr\/la-gazette-du-val-d-oise\/\" rel=\"nofollow noopener\" target=\"_blank\">Val-d\u2019Oise<\/a>), publie 20 ans avec mon nez rouge, un livre retra\u00e7ant son engagement envers les enfants malades.<\/p>\n<p class=\" wall-content\">Il y d\u00e9voile des anecdotes, des belles <b>histoires <\/b>et veut donner de l\u2019espoir \u00e0 ces <b>enfants<\/b>, leurs <b>familles <\/b>et <a href=\"https:\/\/actu.fr\/ile-de-france\/groslay_95288\/monsieur-nez-rouge-representant-associatif-engage-du-val-doise-a-ecrit-un-deuxieme-livre_62312529.html\" rel=\"nofollow noopener\" target=\"_blank\">ceux qui soutiennent ces causes<\/a>.<\/p>\n<p>    <a href=\"https:\/\/www.facebook.com\/plugins\/post.php?href=https%3A%2F%2Fwww.facebook.com%2Fguy.dumont.100%2Fposts%2Fpfbid0MhB9MgKEVDgDEiSJ465K5s1saNvSgqauwKr2KmDZsCbsr7FRiQuZ3JgtnbRD2CzPl&amp;show_text=true&amp;width=350\" title=\"Ouvrie le lien\" rel=\"nofollow noopener\" target=\"_blank\">Cliquez ici pour visualiser le contenu<\/a><\/p>\n<p>Rendre hommage<\/p>\n<blockquote class=\"ac-article-quote wall-content\">\n<p>Tous les b\u00e9n\u00e9fices li\u00e9s aux ventes serviront aux actions de l\u2019association. C\u2019est un don, plus qu\u2019un achat.<\/p>\n<p>Monsieur Nez Rouge<\/p><\/blockquote>\n<p class=\" wall-content\">Pour 10 \u20ac, il est possible de se procurer cet <b>ouvrage<\/b>, ou encore le cd pour 15 \u20ac.<\/p>\n<p>Vid\u00e9os : en ce moment sur Actu<\/p>\n<p class=\" wall-content\">Au dos, un Qr code permet de faire un <b>don <\/b>\u00e0 l\u2019association, but premier de la publication de 20 ans avec mon nez rouge.<\/p>\n<p class=\" wall-content\">En pr\u00e9face du livre, Guy Dumont a d\u00e9cid\u00e9 de laisser un mot \u00e0 <a href=\"https:\/\/actu.fr\/ile-de-france\/groslay_95288\/la-vie-hors-du-commun-du-medecin-personnel-des-presidents-de-la-republique-dans-le-val-doise_62187175.html\" rel=\"nofollow noopener\" target=\"_blank\">Sergio Albarello, directeur de l\u2019Ars de Mayotte<\/a>, ancien <b>m\u00e9decin <\/b>personnel de Nicolas Sarkozy et Fran\u00e7ois Hollande et grand soutien de l\u2019association.<\/p>\n<p class=\" wall-content\">\u00ab\u00a0C\u2019est quelqu\u2019un de bien\u00a0\u00bb, assure-t-il.<\/p>\n<p class=\" wall-content\">\u00ab\u00a0Les acteurs de cette \u0153uvre, ce sont les <b>enfants<\/b>. On raconte le bon c\u00f4t\u00e9 de leur vie. Je voulais laisser une autre trace, un bel objet\u00a0\u00bb, ambitionne Guy Dumont.<\/p>\n<p class=\" wall-content\">\u00c0 74 ans, il se challenge et trouve toujours la <b>motivation <\/b>d\u2019aider les jeunes et leurs proches.<\/p>\n<blockquote class=\"ac-article-quote wall-content\">\n<p>Je raconte plein d\u2019anecdotes dans le livre, dont certaines qui procurent des \u00e9motions.<\/p>\n<p>Monsieur Nez Rouge<\/p><\/blockquote>\n<p class=\" wall-content\">L\u2019une d\u2019elle retrace l\u2019<b>histoire<\/b> de B\u00e9atrice et de sa fille Camille.<\/p>\n<p class=\" wall-content\">La m\u00e8re apprend la <b>maladie <\/b>de sa fille, atteinte de dysplasie cranio-m\u00e9taphysaire \u00e0 la naissance.<\/p>\n<blockquote class=\"ac-article-quote wall-content\">\n<p>Seules 2 ou 3 personnes en France l\u2019ont. Ils plongent dans l\u2019inconnu. Submerg\u00e9e, B\u00e9atrice voulait se jeter dans le lac d\u2019Annecy mais au moment de le faire, Camille et ses beaux yeux bleus la regardent. Cela l\u2019a frein\u00e9 dans son \u00e9lan suicidaire, elle se r\u00e9tracte. Une chanson dans le disque lui est d\u00e9di\u00e9e.<\/p>\n<p>Monsieur Nez Rouge<\/p><\/blockquote>\n<p class=\" wall-content\">C\u2019est d\u2019ailleurs Camille qui a <b>dessin\u00e9 <\/b>le portrait pr\u00e9sent en couverture.<\/p>\n<p class=\" wall-content\">Aujourd\u2019hui, \u00e0 22 ans, elle a pu faire des <b>\u00e9tudes <\/b>gr\u00e2ce au financement de l\u2019association.<\/p>\n<p class=\" wall-content\">\u00ab\u00a0C\u2019est tr\u00e8s touchant. Je ressens de la <b>reconnaissance<\/b>, c\u2019est toujours gratifiant. Ce sont plus de<b> 2 000 enfants <\/b>que j\u2019ai pu aider\u00a0\u00bb, indique Guy Dumont.<\/p>\n<p>Partager<\/p>\n<p class=\" wall-content\">Des <b>histoires <\/b>comme celle de Camille et B\u00e9atrice, Guy en a des dizaines \u00e0 raconter.<\/p>\n<p class=\" wall-content\">Certaines sont dans le <b>livre<\/b>, d\u2019autres dans sa t\u00eate, mais elle ont un point commun :<\/p>\n<p class=\" wall-content\">Gr\u00e2ce aux dons et au <b>b\u00e9n\u00e9volat<\/b>, tous et toutes ont pu avoir des moments de r\u00e9pit dans une existence plus difficile que la normale.<\/p>\n<p class=\" wall-content\">Plus jeune, aux c\u00f4t\u00e9s de son p\u00e8re <b>kin\u00e9<\/b>, Guy Dumont allait dans les <b>h\u00f4pitaux<\/b>, pour jouer avec ces <b>enfants handicap\u00e9s<\/b>, malades.<\/p>\n<p class=\" wall-content\">\u00ab\u00a0Je partageais leur solitude et leur combat, j\u2019\u00e9tais <b>heureux<\/b> de le faire\u00a0\u00bb, se rem\u00e9more l\u2019habitant de Groslay.<\/p>\n<p class=\" wall-content\">Un <b>engagement <\/b>naissant se met en place.\u00a0<\/p>\n<p class=\" wall-content\"><b>R\u00e9compens\u00e9 <\/b>\u00e0 de nombreuses reprises, que ce soit par le D\u00e9partement du Val-d\u2019Oise ou l\u2019ordre national du m\u00e9rite, Guy Dumont aura le droit \u00e0 un nouveau moment de partage, le 8 octobre.<\/p>\n<p class=\" wall-content\">Il est convi\u00e9 \u00e0 Paris pour la<b> journ\u00e9e des aidants<\/b> avec Ayline, sa plus jeune ambassadrice de seulement 8 ans.<\/p>\n<p>    <a href=\"https:\/\/maps.google.com\/maps?q=48.9857609,2.350813&amp;z=15&amp;output=embed\" title=\"Ouvrie le lien\" rel=\"nofollow noopener\" target=\"_blank\">Cliquez ici pour visualiser le contenu<\/a><\/p>\n<p class=\" wall-content\">Suivez toute l\u2019actualit\u00e9 de vos villes et m\u00e9dias favoris en vous inscrivant \u00e0 <a href=\"https:\/\/moncompte.actu.fr\" title=\"D\u00e9couvez Mon Actu\" rel=\"nofollow noopener\" data-trk=\"{&quot;cta&quot;:{&quot;action&quot;:&quot;https:\\\/\\\/moncompte.actu.fr&quot;,&quot;category&quot;:&quot;mon compte&quot;,&quot;from&quot;:&quot;article footer&quot;,&quot;name&quot;:&quot;Mon actu&quot;,&quot;type&quot;:&quot;cta&quot;}}\" target=\"_blank\">Mon Actu<\/a>.<\/p>\n","protected":false},"excerpt":{"rendered":"Par Rapha\u00ebl Delaveaux Publi\u00e9 le 11 ao\u00fbt 2025 \u00e0 16h46 Un hommage \u00e0 tous ceux qui se battent&hellip;\n","protected":false},"author":2,"featured_media":311817,"comment_status":"","ping_status":"","sticky":false,"template":"","format":"standard","meta":{"footnotes":""},"categories":[1357],"tags":[1379,58,1719,59,652,1011,27,1380,104],"class_list":{"0":"post-311816","1":"post","2":"type-post","3":"status-publish","4":"format-standard","5":"has-post-thumbnail","7":"category-livres","8":"tag-books","9":"tag-divertissement","10":"tag-enfants","11":"tag-entertainment","12":"tag-famille","13":"tag-fr","14":"tag-france","15":"tag-livres","16":"tag-societe"},"share_on_mastodon":{"url":"https:\/\/pubeurope.com\/@fr\/115010702166819090","error":""},"_links":{"self":[{"href":"https:\/\/www.europesays.com\/fr\/wp-json\/wp\/v2\/posts\/311816","targetHints":{"allow":["GET"]}}],"collection":[{"href":"https:\/\/www.europesays.com\/fr\/wp-json\/wp\/v2\/posts"}],"about":[{"href":"https:\/\/www.europesays.com\/fr\/wp-json\/wp\/v2\/types\/post"}],"author":[{"embeddable":true,"href":"https:\/\/www.europesays.com\/fr\/wp-json\/wp\/v2\/users\/2"}],"replies":[{"embeddable":true,"href":"https:\/\/www.europesays.com\/fr\/wp-json\/wp\/v2\/comments?post=311816"}],"version-history":[{"count":0,"href":"https:\/\/www.europesays.com\/fr\/wp-json\/wp\/v2\/posts\/311816\/revisions"}],"wp:featuredmedia":[{"embeddable":true,"href":"https:\/\/www.europesays.com\/fr\/wp-json\/wp\/v2\/media\/311817"}],"wp:attachment":[{"href":"https:\/\/www.europesays.com\/fr\/wp-json\/wp\/v2\/media?parent=311816"}],"wp:term":[{"taxonomy":"category","embeddable":true,"href":"https:\/\/www.europesays.com\/fr\/wp-json\/wp\/v2\/categories?post=311816"},{"taxonomy":"post_tag","embeddable":true,"href":"https:\/\/www.europesays.com\/fr\/wp-json\/wp\/v2\/tags?post=311816"}],"curies":[{"name":"wp","href":"https:\/\/api.w.org\/{rel}","templated":true}]}}