{"id":311818,"date":"2025-08-11T14:53:11","date_gmt":"2025-08-11T14:53:11","guid":{"rendered":"https:\/\/www.europesays.com\/fr\/311818\/"},"modified":"2025-08-11T14:53:11","modified_gmt":"2025-08-11T14:53:11","slug":"lamour-est-dans-le-pre-m6-qui-sont-les-candidats-de-la-saison-20","status":"publish","type":"post","link":"https:\/\/www.europesays.com\/fr\/311818\/","title":{"rendered":"\u00ab\u00a0L&rsquo;amour est dans le pr\u00e9\u00a0\u00bb (M6) : qui sont les candidats de la saison 20 ?"},"content":{"rendered":"<p class=\"article-p mdl\">Des labours aux sentiments, il n&rsquo;y a qu&rsquo;un pas ! L&rsquo;amour est dans le pr\u00e9 fait son grand retour pour une vingti\u00e8me saison ce lundi 11 ao\u00fbt, d\u00e8s 21h10 sur M6, avec Karine Le Marchand \u00e0 la pr\u00e9sentation. Cette nouvelle \u00e9dition mettra en lumi\u00e8re 15 agriculteurs d\u00e9termin\u00e9s \u00e0 surmonter leur r\u00e9serve et \u00e0 ouvrir leur\u00a0c\u0153ur \u00e0 la t\u00e9l\u00e9vision.\u00a0Douze hommes et trois femmes, allant de 26 \u00e0 67 ans et venus des quatre coins de la France, tenteront leur chance.<\/p>\n<p class=\"article-p mdl\"><a class=\"link\" href=\"https:\/\/www.rtl.fr\/culture\/medias-people\/l-amour-est-dans-le-pre-certains-candidats-sont-devenus-des-amis-dit-karine-le-marchand-sur-rtl-7900529243\" title=\"&quot;L&#039;amour est dans le pr\u00e9&quot; : &quot;Certains candidats sont devenus des amis&quot;, dit Karine Le Marchand sur RTL\" target=\"_blank\" rel=\"noopener\">Les agriculteurs\u00a0<\/a>de cette nouvelle saison proviennent de divers horizons : une \u00e9leveuse de chevaux, des c\u00e9r\u00e9aliers, un producteur de fourrage, un g\u00e9rant de ferme p\u00e9dagogique, <strong>une \u00e9leveuse d\u2019alpagas, <\/strong>un producteur de cognac, et bien d&rsquo;autres encore. Mais patience, car le premier \u00e9pisode sera l&rsquo;occasion de retrouver les participants de la saison 19 et de d\u00e9couvrir ce qu&rsquo;ils sont devenus.<\/p>\n<p class=\"article-p mdl\">Une nouveaut\u00e9 s&rsquo;invite dans la formule L\u2019amour vu du pr\u00e9 diffus\u00e9 \u00e0 23h15, qui propose <strong>un d\u00e9briefing \u00e0 chaud\u00a0<\/strong><a class=\"link\" href=\"https:\/\/www.rtl.fr\/culture\/medias-people\/l-amour-est-dans-le-pre-un-candidat-n-a-pas-recu-de-lettre-la-production-lance-un-appel-7900507820\" title=\"&quot;L&#039;amour est dans le pr\u00e9&quot; : un candidat n&#039;a pas re\u00e7u de lettre, la production lance un appel\" target=\"_blank\" rel=\"noopener\">des aventures des candidats.\u00a0<\/a>Pour la premi\u00e8re fois, les agriculteurs de la saison en cours, tels que Gilles, Julien, Jean-Louis, et Oc\u00e9ane, rejoindront les anciens participants sur le fameux canap\u00e9. Les protagonistes de la saison 20 d\u00e9couvriront en direct leurs p\u00e9rip\u00e9ties amoureuses, entour\u00e9s de leurs proches.<\/p>\n<p class=\"article-p mdl\">Ne manquez pas le rendez-vous le 11 ao\u00fbt \u00e0<strong> 21h10 sur M6 <\/strong>pour voir qui trouvera l&rsquo;amour cette ann\u00e9e.<\/p>\n<p>    La r\u00e9daction vous recommande<\/p>\n<p class=\"s-newsletter__title\">\n                L\u2019actualit\u00e9 par la r\u00e9daction de RTL dans votre bo\u00eete mail.\n            <\/p>\n<p class=\"s-newsletter__subtitle\">\n                Gr\u00e2ce \u00e0 votre compte RTL abonnez-vous \u00e0 la newsletter RTL info pour suivre toute l&rsquo;actualit\u00e9 au quotidien\n            <\/p>\n<p>\n                                    Lire la suite\n                                <\/p>\n","protected":false},"excerpt":{"rendered":"Des labours aux sentiments, il n&rsquo;y a qu&rsquo;un pas ! L&rsquo;amour est dans le pr\u00e9 fait son grand&hellip;\n","protected":false},"author":2,"featured_media":311819,"comment_status":"","ping_status":"","sticky":false,"template":"","format":"standard","meta":{"footnotes":""},"categories":[1356],"tags":[58,59,2414,107,1011,27,5413,9307,494,500,973,252,1364],"class_list":{"0":"post-311818","1":"post","2":"type-post","3":"status-publish","4":"format-standard","5":"has-post-thumbnail","7":"category-television","8":"tag-divertissement","9":"tag-entertainment","10":"tag-fil-culture","11":"tag-fil-info","12":"tag-fr","13":"tag-france","14":"tag-karine-le-marchand","15":"tag-lamour-est-dans-le-pre","16":"tag-m6","17":"tag-medias","18":"tag-people","19":"tag-television","20":"tag-tv"},"share_on_mastodon":{"url":"https:\/\/pubeurope.com\/@fr\/115010706081916139","error":""},"_links":{"self":[{"href":"https:\/\/www.europesays.com\/fr\/wp-json\/wp\/v2\/posts\/311818","targetHints":{"allow":["GET"]}}],"collection":[{"href":"https:\/\/www.europesays.com\/fr\/wp-json\/wp\/v2\/posts"}],"about":[{"href":"https:\/\/www.europesays.com\/fr\/wp-json\/wp\/v2\/types\/post"}],"author":[{"embeddable":true,"href":"https:\/\/www.europesays.com\/fr\/wp-json\/wp\/v2\/users\/2"}],"replies":[{"embeddable":true,"href":"https:\/\/www.europesays.com\/fr\/wp-json\/wp\/v2\/comments?post=311818"}],"version-history":[{"count":0,"href":"https:\/\/www.europesays.com\/fr\/wp-json\/wp\/v2\/posts\/311818\/revisions"}],"wp:featuredmedia":[{"embeddable":true,"href":"https:\/\/www.europesays.com\/fr\/wp-json\/wp\/v2\/media\/311819"}],"wp:attachment":[{"href":"https:\/\/www.europesays.com\/fr\/wp-json\/wp\/v2\/media?parent=311818"}],"wp:term":[{"taxonomy":"category","embeddable":true,"href":"https:\/\/www.europesays.com\/fr\/wp-json\/wp\/v2\/categories?post=311818"},{"taxonomy":"post_tag","embeddable":true,"href":"https:\/\/www.europesays.com\/fr\/wp-json\/wp\/v2\/tags?post=311818"}],"curies":[{"name":"wp","href":"https:\/\/api.w.org\/{rel}","templated":true}]}}