{"id":311820,"date":"2025-08-11T14:54:10","date_gmt":"2025-08-11T14:54:10","guid":{"rendered":"https:\/\/www.europesays.com\/fr\/311820\/"},"modified":"2025-08-11T14:54:10","modified_gmt":"2025-08-11T14:54:10","slug":"wish-you-were-here-lhommage-de-pink-floyd-a-son-diamant-fou-syd-barrett","status":"publish","type":"post","link":"https:\/\/www.europesays.com\/fr\/311820\/","title":{"rendered":"\u00ab\u00a0Wish You Were Here\u00a0\u00bb, l\u2019hommage de Pink Floyd \u00e0 son \u00ab\u00a0diamant fou\u00a0\u00bb Syd Barrett"},"content":{"rendered":"<p>                        <img viewbox=\"0 0 664 443\"   width=\"664\" height=\"443\" alt=\"De gauche \u00e0 droite\u00a0: Nick Mason, Syd Barrett, Richard Wright et Roger Waters, qui formaient alors le groupe Pink Floyd, photographi\u00e9s lors de leur passage \u00e0 l\u2019\u00e9mission \u00ab\u00a0Top of the Pops\u00a0\u00bb, \u00e0 la BBC (Royaume-Uni), en\u00a01967.\"\/>    De gauche \u00e0 droite\u00a0: Nick Mason, Syd Barrett, Richard Wright et Roger Waters, qui formaient alors le groupe Pink Floyd, photographi\u00e9s lors de leur passage \u00e0 l\u2019\u00e9mission \u00ab\u00a0Top of the Pops\u00a0\u00bb, \u00e0 la BBC (Royaume-Uni), en\u00a01967.  HARRY GOODWIN\/BBC PHOTO ARCHIVE                 <\/p>\n<p class=\"article__paragraph article__paragraph--lf \">Au mitan des ann\u00e9es 1970, la mort de ces bluesmen noirs am\u00e9ricains dans les deux Etats de Caroline passa inaper\u00e7ue. Le premier, Pinkney \u00ab\u00a0Pink\u00a0\u00bb Anderson, l\u00e2cha sa guitare le 12\u00a0octobre\u00a01974. Il fut suivi, le 9\u00a0mai\u00a01976, par Floyd Council, lui aussi victime d\u2019une crise cardiaque. Ces repr\u00e9sentants du Piedmont blues \u2013 du nom d\u2019une micror\u00e9gion de la cha\u00eene des Appalaches \u2013 ne s\u2019\u00e9taient sans doute jamais rencontr\u00e9s, mais leurs pr\u00e9noms sont pourtant ind\u00e9fectiblement li\u00e9s.<\/p>\n<p class=\"article__paragraph article__paragraph--lf \">Pink Floyd. C\u2019est ainsi que s\u2019\u00e9tait baptis\u00e9, une dizaine d\u2019ann\u00e9es plus t\u00f4t, un groupe de quatre jeunes Britanniques \u00e9pris de blues et de rhythm\u2019n\u2019blues. A l\u2019\u00e9poque, en\u00a01965, ils \u00e9tudiaient l\u2019architecture ou les arts plastiques \u00e0 Londres. Deux d\u2019entre eux, le chanteur et guitariste Roger (surnomm\u00e9 \u00ab\u00a0Syd\u00a0\u00bb) Barrett et le bassiste Roger Waters, avaient nou\u00e9 une amiti\u00e9 du temps o\u00f9 ils \u00e9taient coll\u00e9giens, \u00e0 Cambridge.<\/p>\n<p class=\"reading-mode-only \"><strong>Il vous reste 91.15% de cet article \u00e0 lire. La suite est r\u00e9serv\u00e9e aux abonn\u00e9s.<\/strong><\/p>\n","protected":false},"excerpt":{"rendered":"De gauche \u00e0 droite\u00a0: Nick Mason, Syd Barrett, Richard Wright et Roger Waters, qui formaient alors le groupe&hellip;\n","protected":false},"author":2,"featured_media":311821,"comment_status":"","ping_status":"","sticky":false,"template":"","format":"standard","meta":{"footnotes":""},"categories":[1355],"tags":[58,59,1011,27,1361,873],"class_list":{"0":"post-311820","1":"post","2":"type-post","3":"status-publish","4":"format-standard","5":"has-post-thumbnail","7":"category-musique","8":"tag-divertissement","9":"tag-entertainment","10":"tag-fr","11":"tag-france","12":"tag-music","13":"tag-musique"},"share_on_mastodon":{"url":"https:\/\/pubeurope.com\/@fr\/115010709899219669","error":""},"_links":{"self":[{"href":"https:\/\/www.europesays.com\/fr\/wp-json\/wp\/v2\/posts\/311820","targetHints":{"allow":["GET"]}}],"collection":[{"href":"https:\/\/www.europesays.com\/fr\/wp-json\/wp\/v2\/posts"}],"about":[{"href":"https:\/\/www.europesays.com\/fr\/wp-json\/wp\/v2\/types\/post"}],"author":[{"embeddable":true,"href":"https:\/\/www.europesays.com\/fr\/wp-json\/wp\/v2\/users\/2"}],"replies":[{"embeddable":true,"href":"https:\/\/www.europesays.com\/fr\/wp-json\/wp\/v2\/comments?post=311820"}],"version-history":[{"count":0,"href":"https:\/\/www.europesays.com\/fr\/wp-json\/wp\/v2\/posts\/311820\/revisions"}],"wp:featuredmedia":[{"embeddable":true,"href":"https:\/\/www.europesays.com\/fr\/wp-json\/wp\/v2\/media\/311821"}],"wp:attachment":[{"href":"https:\/\/www.europesays.com\/fr\/wp-json\/wp\/v2\/media?parent=311820"}],"wp:term":[{"taxonomy":"category","embeddable":true,"href":"https:\/\/www.europesays.com\/fr\/wp-json\/wp\/v2\/categories?post=311820"},{"taxonomy":"post_tag","embeddable":true,"href":"https:\/\/www.europesays.com\/fr\/wp-json\/wp\/v2\/tags?post=311820"}],"curies":[{"name":"wp","href":"https:\/\/api.w.org\/{rel}","templated":true}]}}