{"id":311822,"date":"2025-08-11T14:56:20","date_gmt":"2025-08-11T14:56:20","guid":{"rendered":"https:\/\/www.europesays.com\/fr\/311822\/"},"modified":"2025-08-11T14:56:20","modified_gmt":"2025-08-11T14:56:20","slug":"un-pere-ideal-en-replay-sur-tv5monde-un-drame-avec-laurent-gerra-et-eddy-mitchell","status":"publish","type":"post","link":"https:\/\/www.europesays.com\/fr\/311822\/","title":{"rendered":"\u00ab\u00a0Un p\u00e8re id\u00e9al\u00a0\u00bb en replay sur TV5MONDE : un drame avec Laurent Gerra et Eddy Mitchell"},"content":{"rendered":"<p>\tPartager<\/p>\n<ul class=\"normal-social\">&#13;<\/p>\n<li>&#13;<br \/>\n\t\t\t&#13;\n\t\t<\/li>\n<p>&#13;<\/p>\n<li>&#13;<br \/>\n\t\t\t&#13;\n\t\t<\/li>\n<p>&#13;<\/p>\n<li\/>&#13;\n<li style=\"width:80px;\"><a href=\"https:\/\/pinterest.com\/pin\/create\/button\/?url=https:\/\/bullesdeculture.com\/?p=2939412&amp;media=https:\/\/bullesdeculture.com\/bdc-content\/uploads\/2024\/10\/un-pere-ideal-dhelene-fillieres-image-2-660x330.jpg\" class=\"pin-it-button\" count-layout=\"horizontal\" data-wpel-link=\"external\" target=\"_blank\" rel=\"nofollow external noopener noreferrer\"><img decoding=\"async\" border=\"0\" src=\"https:\/\/www.europesays.com\/fr\/wp-content\/uploads\/2025\/05\/PinExt.png\" title=\"Pin It\"\/><\/a><\/li>\n<p>&#13;\n\t\t<\/ul>\n<p><strong>Un p\u00e8re id\u00e9al (2024) est une fiction unitaire d\u2019H\u00e9l\u00e8ne Filli\u00e8res avec Laurent Gerra et Eddy Mitchell en t\u00eate d\u2019affiche. Rediffus\u00e9 le mardi 5 ao\u00fbt, il est disponible en replay sur TV5MONDE. L\u2019avis et la critique film de Bulles de Culture.<br \/><\/strong><\/p>\n<blockquote><p>\nSynopsis :<\/p>\n<p>Michel (<strong>Laurent Gerra<\/strong>) est le tenancier d\u2019un caf\u00e9 dans un village normand. Sa vie bascule lorsque sa fille adolescente (<strong>Alice Aliaga<\/strong>) est victime d\u2019un meurtre. Malgr\u00e9 le soutien de son ami et cur\u00e9 du village, Jeff (<strong>Eddy Mitchell<\/strong>), Michel devient le coupable id\u00e9al aux yeux de la police. Leur amiti\u00e9 r\u00e9sistera-t-elle \u00e0 cette \u00e9preuve ?<\/p>\n<\/blockquote>\n<p>Un p\u00e8re id\u00e9al : un t\u00e9l\u00e9film singulier avec Laurent Gerra et Eddy Mitchell<br \/>\n<img loading=\"lazy\" decoding=\"async\" data-attachment-id=\"2943415\" data-permalink=\"https:\/\/bullesdeculture.com\/un-pere-ideal-2024-tv-avis-critique-film\/un-pere-ideal-dhelene-fillieres-image-laurent-gerra\/\" data-orig-file=\"https:\/\/www.europesays.com\/fr\/wp-content\/uploads\/2025\/08\/un-pere-ideal-dhelene-fillieres-image-laurent-gerra.jpg\" data-orig-size=\"2048,1151\" data-comments-opened=\"1\" data-image-meta=\"{&quot;aperture&quot;:&quot;0&quot;,&quot;credit&quot;:&quot;&quot;,&quot;camera&quot;:&quot;&quot;,&quot;caption&quot;:&quot;&quot;,&quot;created_timestamp&quot;:&quot;0&quot;,&quot;copyright&quot;:&quot;&quot;,&quot;focal_length&quot;:&quot;0&quot;,&quot;iso&quot;:&quot;0&quot;,&quot;shutter_speed&quot;:&quot;0&quot;,&quot;title&quot;:&quot;&quot;,&quot;orientation&quot;:&quot;0&quot;}\" data-image-title=\"Un pe\u0300re ide\u0301al d\u2019He\u0301le\u0300ne Fillie\u0300res image Laurent Gerra\" data-image-description=\"&lt;p&gt;Photo de Laurent GERRA&lt;\/p&gt;&#10;\" data-image-caption=\"&lt;p&gt;Laurent GERRA dans le t\u00e9l\u00e9film \u201cUn pe\u0300re ide\u0301al\u201d \u00a9 Michael CROTTO &lt;\/p&gt;&#10;\" data-medium-file=\"https:\/\/bullesdeculture.com\/bdc-content\/uploads\/2024\/10\/un-pere-ideal-dhelene-fillieres-image-laurent-gerra-300x169.jpg\" data-large-file=\"https:\/\/www.europesays.com\/fr\/wp-content\/uploads\/2025\/08\/un-pere-ideal-dhelene-fillieres-image-laurent-gerra.jpg\" class=\"size-full wp-image-2943415\" src=\"https:\/\/www.europesays.com\/fr\/wp-content\/uploads\/2025\/08\/un-pere-ideal-dhelene-fillieres-image-laurent-gerra.jpg\" alt=\"Un pe\u0300re ide\u0301al d'He\u0301le\u0300ne Fillie\u0300res image t\u00e9l\u00e9film drame policier\" width=\"2048\" height=\"1151\"  \/>Laurent GERRA dans le t\u00e9l\u00e9film \u201cUn pe\u0300re ide\u0301al\u201d \u00a9 Michael CROTTO<\/p>\n<p>Avec un tournage en <strong>Normandie<\/strong>, un sc\u00e9nario de <strong>Claude Scasso<\/strong> et <strong>H\u00e9l\u00e8ne Filli\u00e8res<\/strong>, une image de <strong>Stephan Massis<\/strong>, des d\u00e9cors de <strong>Bruno Margery<\/strong>, des costumes de <strong>Laurence Struz<\/strong>, un montage d\u2019<strong>Emmanuelle Baude<\/strong>, une musique originale de <strong>Martin Rappeneau<\/strong> \u2014 plus la chanson <strong>Comme un petit coquelicot<\/strong> interpr\u00e9t\u00e9e par <strong>Mouloudji<\/strong> \u2014 et une r\u00e9alisation d<strong>\u2018H\u00e9l\u00e8ne Filli\u00e8res<\/strong>, <strong>Un p\u00e8re id\u00e9al<\/strong> est un drame qui traite de la rumeur et ses cons\u00e9quences.<\/p>\n<p>Apr\u00e8s <a href=\"https:\/\/www.facebook.com\/france3corseviastella\/videos\/une-confession-un-film-%C3%A0-retrouver-sur-viastella-%C3%A0-20h45-ce-lundi-11-d%C3%A9cembre\/327191466741418\/\" target=\"_blank\" rel=\"noopener nofollow external noreferrer\" data-wpel-link=\"external\">Une confession (2023)<\/a>, la r\u00e9alisatrice <a href=\"https:\/\/bullesdeculture.com\/volontaire-news-tv-bande-annonce-film-france-3\/\" data-wpel-link=\"internal\" rel=\"nofollow noopener\" target=\"_blank\">H\u00e9l\u00e8ne Filli\u00e8res<\/a> signe un second t\u00e9l\u00e9film singulier avec l\u2019acteur, imitateur et humoriste <a href=\"https:\/\/bullesdeculture.com\/les-combattantes-tv-avis-serie\/\" data-wpel-link=\"internal\" rel=\"nofollow noopener\" target=\"_blank\"><strong>Laurent Gerra<\/strong><\/a>. Il interpr\u00e8te Michel, un patron du caf\u00e9 Le Renard se Marre et un p\u00e8re de famille dont la fille de 17 ans (<strong>Alice Aliaga<\/strong>) est assassin\u00e9e en pleine nuit.<\/p>\n<p>Alors que la capitaine Florence Pasquier (<strong>Laure-Lucille Simon, <\/strong>vue dans le film Ma vie Ma gueule) est en charge de l\u2019enqu\u00eate, le comportement troublant du p\u00e8re de la victime va l\u2019interpeller \u2014 il reste tr\u00e8s secret, ne montre aucun signe d\u2019affectation par rapport \u00e0 ce qui est arriv\u00e9 et continue m\u00eame de repasser les dessous de sa fille d\u00e9c\u00e9d\u00e9e\u2026<\/p>\n<p>Face aux soup\u00e7ons de plus en plus grands de l\u2019enqu\u00eatrice, les amis de Michel vont peu \u00e0 peu lui tourner le dos\u2026 sauf son meilleur ami, Jeff, le cur\u00e9 du village d\u2019Heugon. Toutefois, incarn\u00e9 par l\u2019acteur et chanteur <a href=\"https:\/\/bullesdeculture.com\/l-agent-immobilier-2019-television-critique-avis-serie\/\" data-wpel-link=\"internal\" rel=\"nofollow noopener\" target=\"_blank\"><strong>Eddy Mitchell<\/strong><\/a>, celui-ci s\u2019av\u00e8re \u00eatre tout aussi ambigu.<\/p>\n<p>3 questions \u00e0 la r\u00e9alisatrice H\u00e9l\u00e8ne Filli\u00e8res et aux com\u00e9diens Laurent Gerra et Eddy Mitchell<br \/>\n<img loading=\"lazy\" decoding=\"async\" data-attachment-id=\"2943373\" data-permalink=\"https:\/\/bullesdeculture.com\/un-pere-ideal-2024-tv-avis-critique-film\/un-pere-ideal-dhelene-fillieres-image-eddy-mitchell\/\" data-orig-file=\"https:\/\/www.europesays.com\/fr\/wp-content\/uploads\/2025\/08\/un-pere-ideal-dhelene-fillieres-image-eddy-mitchell.jpg\" data-orig-size=\"2048,1151\" data-comments-opened=\"1\" data-image-meta=\"{&quot;aperture&quot;:&quot;0&quot;,&quot;credit&quot;:&quot;&quot;,&quot;camera&quot;:&quot;&quot;,&quot;caption&quot;:&quot;&quot;,&quot;created_timestamp&quot;:&quot;0&quot;,&quot;copyright&quot;:&quot;&quot;,&quot;focal_length&quot;:&quot;0&quot;,&quot;iso&quot;:&quot;0&quot;,&quot;shutter_speed&quot;:&quot;0&quot;,&quot;title&quot;:&quot;&quot;,&quot;orientation&quot;:&quot;0&quot;}\" data-image-title=\"Un pe\u0300re ide\u0301al d\u2019He\u0301le\u0300ne Fillie\u0300res image Eddy Mitchell\" data-image-description=\"&lt;p&gt;Photo d\u2019Eddy MITCHELL &lt;\/p&gt;&#10;\" data-image-caption=\"&lt;p&gt;Eddy MITCHELL dans le t\u00e9l\u00e9film \u201cUn pe\u0300re ide\u0301al\u201d \u00a9 Michael CROTTO &lt;\/p&gt;&#10;\" data-medium-file=\"https:\/\/bullesdeculture.com\/bdc-content\/uploads\/2024\/10\/un-pere-ideal-dhelene-fillieres-image-eddy-mitchell-300x169.jpg\" data-large-file=\"https:\/\/www.europesays.com\/fr\/wp-content\/uploads\/2025\/08\/un-pere-ideal-dhelene-fillieres-image-eddy-mitchell.jpg\" class=\"size-full wp-image-2943373\" src=\"https:\/\/www.europesays.com\/fr\/wp-content\/uploads\/2025\/08\/un-pere-ideal-dhelene-fillieres-image-eddy-mitchell.jpg\" alt=\"Un pe\u0300re ide\u0301al d'He\u0301le\u0300ne Fillie\u0300res image t\u00e9l\u00e9film drame policier\" width=\"2048\" height=\"1151\"  \/>Eddy MITCHELL dans le t\u00e9l\u00e9film \u201cUn pe\u0300re ide\u0301al\u201d \u00a9 Michael CROTTO<\/p>\n<p><strong>Bulles de Culture : Quelle est la gen\u00e8se de la fiction unitaire Un p\u00e8re id\u00e9al ?<\/strong><\/p>\n<p><strong>H\u00e9l\u00e8ne Filli\u00e8res : <\/strong>Pour ce deuxi\u00e8me film, je me suis inspir\u00e9e d\u2019un vrai fait divers\u2026<\/p>\n<p>Cliquer pour afficher le spoiler sur le t\u00e9l\u00e9film Un p\u00e8re id\u00e9al<\/p>\n<p>\u2026 l\u2019histoire d\u2019un homme accus\u00e9 \u00e0 tort d\u2019inceste et d\u2019infanticide. J\u2019ai \u00e9t\u00e9 touch\u00e9e par cette injustice qui l\u2019accable et de comment on projette ses propres interpr\u00e9tations sur un fait et sur ce que \u00e7a r\u00e9veille en chacun de nous des pens\u00e9es morbides, macabres ou lubriques.<\/p>\n<p>J\u2019avais aussi envie de parler d\u2019une amiti\u00e9 et faire un conte. Il y a un drame, une trag\u00e9die, mais il y a aussi beaucoup d\u2019amiti\u00e9 et d\u2019humanit\u00e9.<\/p>\n<p><strong>Bulles de Culture : Qu\u2019est-ce qui vous a s\u00e9duit dans vos personnages ?<\/strong><\/p>\n<p><strong>Eddy Mitchell : <\/strong>C\u2019est le fait que ce n\u2019est pas le cur\u00e9 traditionnel. Il a des bagues et il n\u2019est pas vraiment tr\u00e8s catholique. Et donc \u00e7a m\u2019int\u00e9ressait d\u2019autant plus qu\u2019on pouvait croire\u2026<\/p>\n<p>Cliquer pour afficher le spoiler sur le t\u00e9l\u00e9film Un p\u00e8re id\u00e9al<\/p>\n<p>\u2026 que c\u2019\u00e9tait lui le coupable.<\/p>\n<p><strong>Laurent Gerra : <\/strong>Ce qui m\u2019a plu, c\u2019est de retravailler avec H\u00e9l\u00e8ne Filli\u00e8res parce que j\u2019aime sa r\u00e9alisation qui prend son temps. Au-del\u00e0 du fait divers, il y a un c\u00f4t\u00e9 tr\u00e8s esth\u00e9tique.<\/p>\n<p><strong>Bulles de Culture : Un mot sur la fin du t\u00e9l\u00e9film\u2026<\/strong><\/p>\n<p><strong>H\u00e9l\u00e8ne Filli\u00e8res : <\/strong>Je voulais que le dernier plan du film nous laisse dans une sorte de nostalgie\u2026<\/p>\n<p>Cliquer pour afficher le spoiler sur la fin du t\u00e9l\u00e9film Un p\u00e8re id\u00e9al<\/p>\n<p>\u2026 avec cette amiti\u00e9 perdue.<\/p>\n<p>Notre avis ?<\/p>\n<p>Malgr\u00e9 un s\u00e9duisant et complice bin\u00f4me et une r\u00e9alisation atypique, le t\u00e9l\u00e9film <strong>Un p\u00e8re id\u00e9al<\/strong> peine \u00e0 captiver. La faute \u00e0 une mise en sc\u00e8ne trop th\u00e9\u00e2trale et artificielle et des personnages peu empathiques.<\/p>\n<\/p>\n<p>Secrets de tournage, anecdotes : le saviez-vous ?<\/p>\n<ul>\n<li>Le <strong>tournage<\/strong> a eu lieu du 23 octobre au 17 novembre 2023 dans le d\u00e9partement de l\u2019Orne (<strong>La Fert\u00e9-en-Ouche, <a href=\"https:\/\/www.ouest-france.fr\/medias\/television\/un-pere-ideal-telefilm-tourne-dans-lorne-avec-laurent-gerra-et-eddy-mitchell-diffuse-sur-france-2-ff3ee9bc-7fff-11ef-8449-517f3066b99b\" target=\"_blank\" rel=\"noopener nofollow external noreferrer\" data-wpel-link=\"external\">Heugon<\/a>, La Saint-Evroult-Notre-Dame-du-Bois, Saint-Symphorien-des-Bruye\u0300res, Sap-en-Auge<\/strong>).<\/li>\n<li>La <strong>distribution<\/strong> comprend \u00e9galement <a href=\"https:\/\/bullesdeculture.com\/les-petits-meurtres-la-chambre-noire-television-avis-critique-serie\/\" data-wpel-link=\"internal\" rel=\"nofollow noopener\" target=\"_blank\"><strong>J\u00e9r\u00f4me Kircher<\/strong><\/a>,<strong>\u00a0B\u00e9rang\u00e8re Bonvoisin\u00a0<\/strong>(vue dans la s\u00e9rie Souviens-toi),<strong>\u00a0Denez Raoul\u00a0<\/strong>(prochainement \u00e0 l\u2019affiche de la la s\u00e9rie Zonz sur France TV Slash), et<strong> <a href=\"https:\/\/bullesdeculture.com\/au-nom-de-la-terre-tv-avis-film\/\" data-wpel-link=\"internal\" rel=\"nofollow noopener\" target=\"_blank\">Rufus<\/a>. <\/strong><\/li>\n<li>Gr\u00e2ce au tournage qui l\u2019a fait revivre, <strong>le caf\u00e9<\/strong> <strong>Le Renard se Marre<\/strong> \u00e0 Heugon, qui existe vraiment sous ce nom, <a href=\"https:\/\/france3-regions.francetvinfo.fr\/normandie\/orne\/insolite-un-cafe-de-campagne-abandonne-repris-grace-a-laurent-gerra-et-eddy-mitchell-2877230.html\" target=\"_blank\" rel=\"noopener nofollow external noreferrer\" data-wpel-link=\"external\">va rouvrir fin octobre<\/a>.<\/li>\n<li><a href=\"https:\/\/bullesdeculture.com\/tous-en-scene-tv-avis-film\/\" data-wpel-link=\"internal\" rel=\"nofollow noopener\" target=\"_blank\"><strong>Laurent Gerra<\/strong><\/a> reprend, en septembre, la tourn\u00e9e de son spectacle, <strong>Laurent Gerra se met \u00e0 table ! <\/strong>Il sera notamment sur la sc\u00e8ne des <strong>Folies Berg\u00e8re<\/strong> du 29 d\u00e9cembre 2025 au 4 janvier 2026.<\/li>\n<li><a href=\"https:\/\/bullesdeculture.com\/le-livre-de-la-jungle-tv-avis-film\/\" data-wpel-link=\"internal\" rel=\"nofollow noopener\" target=\"_blank\"><strong>Eddy Mitchell<\/strong><\/a> a annul\u00e9 une tourn\u00e9e pr\u00e9vue cet \u00e9t\u00e9 en raison de probl\u00e8mes de sant\u00e9. L\u2019ann\u00e9e derni\u00e8re, il a sorti une autobiographie <a href=\"https:\/\/www.lisez.com\/livre-grand-format\/autobiographie\/9782749181738\" target=\"_blank\" rel=\"noopener nofollow external noreferrer\" data-wpel-link=\"external\">aux \u00e9ditions Le Cherche Midi<\/a> et un 40e album studio, <strong>Amigos<\/strong>.<\/li>\n<li>Y aura-t-il une <strong>3e collaboration<\/strong> entre <strong>H\u00e9l\u00e8ne Filli\u00e8res<\/strong> et Laurent Gerra ? \u201cPourquoi pas. Jamais deux sans trois ! nous a r\u00e9pondu la r\u00e9alisatrice. En tout cas, continuer \u00e0 faire des films pour <strong>France T\u00e9l\u00e9visions<\/strong>, \u00e7a me plairait beaucoup.\u201d<\/li>\n<\/ul>\n<p>En savoir plus :<\/p>\n<ul>\n<li>Un p\u00e8re id\u00e9al a \u00e9t\u00e9 diffus\u00e9 sur\u00a0TV5MONDE France Belgique Suisse Monaco le mardi 5 ao\u00fbt 2025 \u00e0 21h<\/li>\n<li>Le t\u00e9l\u00e9film est propos\u00e9 en streaming et replay gratuit sur <a href=\"https:\/\/www.tv5monde.com\/\" target=\"_blank\" rel=\"noopener nofollow external noreferrer\" data-wpel-link=\"external\">le site de la cha\u00eene<\/a><\/li>\n<li>T\u00e9l\u00e9film d\u00e9conseill\u00e9 aux moins de 10 ans<\/li>\n<li>Un p\u00e8re id\u00e9al a \u00e9t\u00e9 diffus\u00e9, pour la premi\u00e8re fois, sur France 2 le mercredi 2 octobre 2024 \u00e0 21h05<\/li>\n<\/ul>\n<p>                         <a href=\"https:\/\/bullesdeculture.com\/\" class=\"url\" target=\"_blank\" title=\"Jean-Christophe Nurbel\" data-wpel-link=\"internal\" rel=\"nofollow noopener\"> <img loading=\"lazy\" width=\"250\" height=\"250\" decoding=\"async\" src=\"https:\/\/www.europesays.com\/fr\/wp-content\/uploads\/2025\/07\/jc.jpg\" class=\"photo\" alt=\"Jean-Christophe Nurbel\"\/><\/a> Accro aux films, aux pi\u00e8ces de th\u00e9\u00e2tre, aux s\u00e9ries et \u00e0 la culture en g\u00e9n\u00e9ral, j&rsquo;aime les \u0153uvres qui me surprennent.<\/p>\n<p>Top 3 Cin\u00e9ma : \u00ab\u00a0\u00c0 bout de souffle\u00a0\u00bb (1960), \u00ab\u00a0Blade Runner\u00a0\u00bb (1982), \u00ab\u00a0Casablanca\u00a0\u00bb (1942)<br \/>Top 3 TV : \u00ab\u00a0Engrenages\u00a0\u00bb (2005-&#8230;), \u00ab\u00a0The Wire\u00a0\u00bb (2002-2008), \u00ab\u00a0Twin Peaks\u00a0\u00bb (1990-1991)<\/p>\n<p> <a href=\"https:\/\/bullesdeculture.com\/\" class=\"url\" target=\"_blank\" title=\"Jean-Christophe Nurbel\" data-wpel-link=\"internal\" rel=\"nofollow noopener\"><img loading=\"lazy\" width=\"250\" height=\"250\" decoding=\"async\" src=\"https:\/\/www.europesays.com\/fr\/wp-content\/uploads\/2025\/07\/jc.jpg\" class=\"photo\" alt=\"Jean-Christophe Nurbel\"\/><\/a>Les derniers articles par Jean-Christophe Nurbel (<a href=\"https:\/\/bullesdeculture.com\/author\/jean-christophe-nurbel\/\" data-wpel-link=\"internal\" rel=\"nofollow noopener\" target=\"_blank\">tout voir<\/a>)  \t\t\t\t\t<\/p>\n","protected":false},"excerpt":{"rendered":"Partager &#13; &#13; &#13; &#13; &#13; &#13; &#13; &#13; &#13; Un p\u00e8re id\u00e9al (2024) est une fiction unitaire&hellip;\n","protected":false},"author":2,"featured_media":311823,"comment_status":"","ping_status":"","sticky":false,"template":"","format":"standard","meta":{"footnotes":""},"categories":[1354],"tags":[58,59,1346,1011,27,1360],"class_list":{"0":"post-311822","1":"post","2":"type-post","3":"status-publish","4":"format-standard","5":"has-post-thumbnail","7":"category-films","8":"tag-divertissement","9":"tag-entertainment","10":"tag-films","11":"tag-fr","12":"tag-france","13":"tag-movies"},"share_on_mastodon":{"url":"https:\/\/pubeurope.com\/@fr\/115010718206996543","error":""},"_links":{"self":[{"href":"https:\/\/www.europesays.com\/fr\/wp-json\/wp\/v2\/posts\/311822","targetHints":{"allow":["GET"]}}],"collection":[{"href":"https:\/\/www.europesays.com\/fr\/wp-json\/wp\/v2\/posts"}],"about":[{"href":"https:\/\/www.europesays.com\/fr\/wp-json\/wp\/v2\/types\/post"}],"author":[{"embeddable":true,"href":"https:\/\/www.europesays.com\/fr\/wp-json\/wp\/v2\/users\/2"}],"replies":[{"embeddable":true,"href":"https:\/\/www.europesays.com\/fr\/wp-json\/wp\/v2\/comments?post=311822"}],"version-history":[{"count":0,"href":"https:\/\/www.europesays.com\/fr\/wp-json\/wp\/v2\/posts\/311822\/revisions"}],"wp:featuredmedia":[{"embeddable":true,"href":"https:\/\/www.europesays.com\/fr\/wp-json\/wp\/v2\/media\/311823"}],"wp:attachment":[{"href":"https:\/\/www.europesays.com\/fr\/wp-json\/wp\/v2\/media?parent=311822"}],"wp:term":[{"taxonomy":"category","embeddable":true,"href":"https:\/\/www.europesays.com\/fr\/wp-json\/wp\/v2\/categories?post=311822"},{"taxonomy":"post_tag","embeddable":true,"href":"https:\/\/www.europesays.com\/fr\/wp-json\/wp\/v2\/tags?post=311822"}],"curies":[{"name":"wp","href":"https:\/\/api.w.org\/{rel}","templated":true}]}}