{"id":311824,"date":"2025-08-11T14:57:09","date_gmt":"2025-08-11T14:57:09","guid":{"rendered":"https:\/\/www.europesays.com\/fr\/311824\/"},"modified":"2025-08-11T14:57:09","modified_gmt":"2025-08-11T14:57:09","slug":"estelle-keraldy-reunionnaise-de-37-ans-a-pose-un-bypass-javais-atteint-un-poids-de-134-kilos","status":"publish","type":"post","link":"https:\/\/www.europesays.com\/fr\/311824\/","title":{"rendered":"Estelle Keraldy, r\u00e9unionnaise de 37 ans, a pos\u00e9 un bypass\u00a0: \u00ab\u00a0j\u2019avais atteint un poids de 134 kilos\u00a0\u00bb"},"content":{"rendered":"<p>En 2019, Estelle Keraldy, r\u00e9unionnaise \u00e2g\u00e9e alors de 31 ans, se fait poser un bypass.\u00a0Cette chirurgie de l\u2019ob\u00e9sit\u00e9 consiste \u00e0 modifier l\u2019anatomie de l\u2019estomac en r\u00e9duisant sa taille. Une r\u00e9ussite pour elle puisqu\u2019elle a perdu plusieurs dizaines de kilos.\u00a0<\/p>\n<p>Victime de tristes concours de circonstances, Estelle Keraldy a d\u00fb affronter diff\u00e9rentes \u00e9preuves et cela a eu des cons\u00e9quences sur sa sant\u00e9.<\/p>\n<p>\u00ab\u00a0\u00c0 l\u2019\u00e9poque de mon enfance, j\u2019\u00e9tais mince et quand mes parents se sont s\u00e9par\u00e9s il y a eu le divorce et je suis tomb\u00e9e dans la nourriture.\u00a0Je grignotais, je mangeais. Puis il y a eu le d\u00e9c\u00e8s de mon p\u00e8re en avril 2017. \u00ab\u00a0<\/p>\n<p>Elle rencontre le p\u00e8re de sa premi\u00e8re fille dans un centre d\u2019h\u00e9bergement d\u2019accueil d\u2019urgence. Apr\u00e8s la grossesse, elle p\u00e8se alors 100 kilos. Victime de violences, elle le quitte. \u00ab\u00a0Quand je l\u2019ai quitt\u00e9 il est all\u00e9 avec une autre femme, qui a \u00e9t\u00e9 victime d\u2019un viol. Il a ensuite \u00e9t\u00e9 condamn\u00e9 et emprisonn\u00e9\u00a0\u00bb.\u00a0<\/p>\n<p>Plus tard, elle rencontre le p\u00e8re de sa deuxi\u00e8me fille. \u00ab\u00a0Enceinte, je p\u00e8se alors 115 kilos.\u00a0C\u2019est\u00a0parti dans la malbouffe, boissons sucr\u00e9es. \u00ab\u00a0<\/p>\n<p>Elle prend du poids et atteint les 134 kilos. \u00ab\u00a0Je fais\u00a0des entr\u00e9es et sorties \u00e0 l\u2019h\u00f4pital, le m\u00e9decin traitant m\u2019a dit qu\u2019il faut faire quelque chose. Ma m\u00e8re \u00e9tait contre mais j\u2019ai pris la d\u00e9cision de faire un bypass.\u00a0\u00bb\u00a0<\/p>\n<p>Elle est op\u00e9r\u00e9e \u00e0 l\u2019\u00e2ge de 31 ans au Centre Hospitalier Ouest R\u00e9union (CHOR). \u00c0 la sortie d\u2019op\u00e9ration, elle p\u00e8se alors 131 kg.\u00a0<\/p>\n<p>Les jours, les semaines passent, la m\u00e8re de famille arrive \u00e0 un poids de 70 kilos. Si elle a repris une vingtaine de kilos quelques ann\u00e9es apr\u00e8s cette op\u00e9ration, elle t\u00e9moigne de sa situation\u00a0: \u00ab\u00a0Maintenant je peux mieux bouger, alors qu\u2019avant je ne pouvais pas bouger. J\u2019ai eu de l\u2019aide, des infirmi\u00e8res \u00e0 domicile. \u00c7a a chang\u00e9 ma vie, je peux faire des activit\u00e9s, \u00e7a ne me g\u00eane pas. Je me sens mieux. \u00a0\u00bb\u00a0<\/p>\n<p>Estelle ne garde pas de s\u00e9quelles n\u00e9gatives de cette intervention , \u00ab\u00a0au d\u00e9but certains aliments n\u2019entraient pas. Apr\u00e8s je peux manger de tout. J\u2019ai fait apr\u00e8s le Bypass un r\u00e9gime, et actuellement je suis suivi par le CHU de Bordeaux, et \u00e9galement un appareil pour l\u2019apn\u00e9e du sommeil\u00a0\u00bb.\u00a0Elle confie \u00e9galement que lors de sa derni\u00e8re hospitalisation, elle a r\u00e9alis\u00e9 une biopsie qui a r\u00e9v\u00e9l\u00e9 une liaison \u00e0 l\u2019\u0153sophage, \u00ab\u00a0qui peut devenir un cancer. J\u2019ai un traitement pour \u00e7a\u00a0\u00bb.\u00a0<\/p>\n<p>Elle vit maintenant depuis 3 ans en m\u00e9tropole et y a cr\u00e9\u00e9 une association.\u00a0<\/p>\n<p>Ce d\u00e9but de vie un peu difficile aura marqu\u00e9 la m\u00e8re de famille qui tient aujourd\u2019hui \u00e0 faire passer un message aux personnes en situation d\u2019ob\u00e9sit\u00e9 morbide\u00a0: \u00ab\u00a0Je leur conseille de faire des activit\u00e9s physiques, de ne pas avoir peur, de prendre du courage car \u00e7a va changer leur vie. Mettre en place une bonne alimentation, \u00e9quilibr\u00e9e et \u00e9viter les sucreries. Il faut qu\u2019ils\u00a0le fassent pour changer leur vie. \u00ab\u00a0<\/p>\n<p>\u00a0<\/p>\n","protected":false},"excerpt":{"rendered":"En 2019, Estelle Keraldy, r\u00e9unionnaise \u00e2g\u00e9e alors de 31 ans, se fait poser un bypass.\u00a0Cette chirurgie de l\u2019ob\u00e9sit\u00e9&hellip;\n","protected":false},"author":2,"featured_media":311825,"comment_status":"","ping_status":"","sticky":false,"template":"","format":"standard","meta":{"footnotes":""},"categories":[10],"tags":[47,1011,27,72,6335,1922,6336,7224,71,104],"class_list":{"0":"post-311824","1":"post","2":"type-post","3":"status-publish","4":"format-standard","5":"has-post-thumbnail","7":"category-sante","8":"tag-actualite","9":"tag-fr","10":"tag-france","11":"tag-health","12":"tag-home-page","13":"tag-info","14":"tag-la-reunion","15":"tag-newsletter-soir","16":"tag-sante","17":"tag-societe"},"share_on_mastodon":{"url":"https:\/\/pubeurope.com\/@fr\/115010721868968868","error":""},"_links":{"self":[{"href":"https:\/\/www.europesays.com\/fr\/wp-json\/wp\/v2\/posts\/311824","targetHints":{"allow":["GET"]}}],"collection":[{"href":"https:\/\/www.europesays.com\/fr\/wp-json\/wp\/v2\/posts"}],"about":[{"href":"https:\/\/www.europesays.com\/fr\/wp-json\/wp\/v2\/types\/post"}],"author":[{"embeddable":true,"href":"https:\/\/www.europesays.com\/fr\/wp-json\/wp\/v2\/users\/2"}],"replies":[{"embeddable":true,"href":"https:\/\/www.europesays.com\/fr\/wp-json\/wp\/v2\/comments?post=311824"}],"version-history":[{"count":0,"href":"https:\/\/www.europesays.com\/fr\/wp-json\/wp\/v2\/posts\/311824\/revisions"}],"wp:featuredmedia":[{"embeddable":true,"href":"https:\/\/www.europesays.com\/fr\/wp-json\/wp\/v2\/media\/311825"}],"wp:attachment":[{"href":"https:\/\/www.europesays.com\/fr\/wp-json\/wp\/v2\/media?parent=311824"}],"wp:term":[{"taxonomy":"category","embeddable":true,"href":"https:\/\/www.europesays.com\/fr\/wp-json\/wp\/v2\/categories?post=311824"},{"taxonomy":"post_tag","embeddable":true,"href":"https:\/\/www.europesays.com\/fr\/wp-json\/wp\/v2\/tags?post=311824"}],"curies":[{"name":"wp","href":"https:\/\/api.w.org\/{rel}","templated":true}]}}