{"id":311827,"date":"2025-08-11T14:59:11","date_gmt":"2025-08-11T14:59:11","guid":{"rendered":"https:\/\/www.europesays.com\/fr\/311827\/"},"modified":"2025-08-11T14:59:11","modified_gmt":"2025-08-11T14:59:11","slug":"participante-a-cauchemar-en-cuisine-cette-restauratrice-se-lache-sur-philippe-etchebest-et-son-equipe","status":"publish","type":"post","link":"https:\/\/www.europesays.com\/fr\/311827\/","title":{"rendered":"participante \u00e0 Cauchemar en cuisine, cette restauratrice se l\u00e2che sur Philippe Etchebest et son \u00e9quipe"},"content":{"rendered":"<p>Depuis 2011, Philippe Etchebest intervient dans les cuisines en d\u00e9tresse \u00e0 travers l\u2019\u00e9mission Cauchemar en cuisine. Si certains restaurateurs critiquent la m\u00e9thode, d\u2019autres saluent son efficacit\u00e9. <\/p>\n<p>Cauchemar en cuisine est devenu un rendez-vous incontournable pour les amateurs de gastronomie et de redressement express. Diffus\u00e9e sur M6, l\u2019\u00e9mission met en sc\u00e8ne le chef <strong>Philippe Etchebest<\/strong>, \u00e9paul\u00e9 par des experts, dans sa mission de sauvetage de restaurants en difficult\u00e9. En mars 2022, le <strong>restaurant du Guillec<\/strong>, situ\u00e9 \u00e0 Plouz\u00e9v\u00e9d\u00e9 dans le Finist\u00e8re, a fait appel \u00e0 lui. Deux ans plus tard, l\u2019\u00e9tablissement est toujours debout, et sa co-g\u00e9rante, Marie-Laure Guillou, se dit reconnaissante. Elle revient sur les coulisses du tournage et sur l\u2019impact durable de cette intervention.<\/p>\n<p> \t\t\t  Cauchemar en cuisine : confidences d&rsquo;une restauratrice sur le chef Etchebest   Un chef sans a priori, mais sans concession  <\/p>\n<p>Lors de son arriv\u00e9e dans un <strong>restaurant<\/strong>, <a href=\"https:\/\/www.pleinevie.fr\/loisirs\/tele-radio\/cauchemar-en-cuisine-le-salaire-dingue-de-philippe-etchebest-revele-ca-risque-de-ne-pas-plaire-a-tout-le-monde-163123.html\" target=\"_blank\" rel=\"noopener\">Philippe Etchebest<\/a> d\u00e9couvre les lieux et les \u00e9quipes sans informations pr\u00e9alables, garantissant ainsi une approche neutre et impartiale. Cette absence d\u2019a priori lui permet de porter un regard technique et objectif sur les dysfonctionnements observ\u00e9s. Cependant, cette posture, loin d\u2019\u00eatre indulgente, s\u2019accompagne d\u2019une exigence rigoureuse. Propret\u00e9 irr\u00e9prochable, organisation fluide, coh\u00e9sion d\u2019\u00e9quipe, qualit\u00e9 des plats sont autant de d\u00e9tails auxquels le <strong>chef<\/strong> pr\u00eate grande attention. Tout est d\u00e9cortiqu\u00e9 avec fermet\u00e9, sans d\u00e9tour ni complaisance.<\/p>\n<p>     Une transformation \u00e9clair en 48 heures  <\/p>\n<p>L\u2019intervention de l\u2019\u00e9quipe de Cauchemar en cuisine repose sur une mobilisation logistique impressionnante. \u00ab Je peux vous promettre que les travaux dans le restaurant ont \u00e9t\u00e9 r\u00e9alis\u00e9s en 48 heures comme l\u2019affirme la production \u00bb, assure <strong>Marie-Laure Guillou<\/strong>. Pr\u00e8s de quarante professionnels, artisans, d\u00e9corateurs et cuisiniers, se sont relay\u00e9s jour et nuit pour m\u00e9tamorphoser le d\u00e9cor et optimiser les installations. Cette cadence spectaculaire, loin d\u2019\u00eatre une mise en sc\u00e8ne, constitue une r\u00e9alit\u00e9 de <strong>tournage<\/strong> qui appuie la volont\u00e9 de produire un changement tangible et durable.<\/p>\n<p>  Une authenticit\u00e9 salu\u00e9e par les t\u00e9l\u00e9spectateurs  <\/p>\n<p>Le succ\u00e8s de l\u2019\u00e9pisode tient autant \u00e0 l\u2019efficacit\u00e9 du chef qu\u2019\u00e0 la sinc\u00e9rit\u00e9 de la <strong>restauratrice<\/strong>. En assumant ses difficult\u00e9s sans fard, Marie-Laure Guillou a su \u00e9mouvoir le public. En effet, selon <a href=\"https:\/\/www.telestar.fr\/actu_tv\/cauchemar-en-cuisine-m6-le-restaurant-du-guillec-a-plouzevede-est-il-toujours-ouvert-1734230\" target=\"_blank\" rel=\"noopener\">T\u00e9l\u00e9 Star<\/a>, plus de 3,3 millions de t\u00e9l\u00e9spectateurs ont suivi sa reconqu\u00eate. Elle souligne que leur \u00e9quipe est rest\u00e9e fid\u00e8le \u00e0 elle-m\u00eame, sans mise en sc\u00e8ne ni artifice. Cette transparence a renforc\u00e9 la cr\u00e9dibilit\u00e9 du message transmis et suscit\u00e9 de nombreux t\u00e9moignages de soutien, preuve que l\u2019authenticit\u00e9 demeure au c\u0153ur de l\u2019impact \u00e9motionnel de l\u2019<strong>\u00e9mission<\/strong>.<\/p>\n<p>     Cauchemar en cuisine a chang\u00e9 la donne   Une situation critique post-Covid  <\/p>\n<p>Comme de nombreux <strong>restaurateurs<\/strong>, Marie-Laure Guillou a vu son activit\u00e9 s\u2019effondrer apr\u00e8s la crise sanitaire. Loin des flux touristiques, son \u00e9tablissement souffrait d\u2019une fr\u00e9quentation en berne m\u00eame durant l\u2019\u00e9t\u00e9. En septembre, les chiffres \u00e9taient alarmants, parfois trois couverts le samedi soir et deux le dimanche midi. Face \u00e0 cette impasse \u00e9conomique, la d\u00e9cision de faire appel \u00e0 Cauchemar en cuisine s\u2019est impos\u00e9e comme une tentative de derni\u00e8re chance pour sauver son <strong>entreprise familiale<\/strong>.<\/p>\n<p>  Des recommandations suivies \u00e0 la lettre  <\/p>\n<p>Suite \u00e0 l\u2019<a href=\"https:\/\/www.pleinevie.fr\/loisirs\/tele-radio\/cest-assez-rare-plus-dun-an-apres-le-passage-de-philippe-etchebest-et-lequipe-de-cauchemar-en-cuisine-ce-restaurateur-peine-a-sortir-la-tete-de-leau-167857.html\" target=\"_blank\" rel=\"noopener\">intervention de Philippe Etchebest<\/a>, l\u2019<strong>\u00e9quipe du Guillec <\/strong>a scrupuleusement appliqu\u00e9 les conseils re\u00e7us. R\u00e9organisation en cuisine, simplification de la carte, nouvelles pratiques d\u2019accueil. D\u2019ailleurs, chaque recommandation a \u00e9t\u00e9 mise en \u0153uvre avec s\u00e9rieux. Deux ans plus tard, le restaurant est toujours en activit\u00e9, preuve tangible que les ajustements propos\u00e9s ont permis une relance r\u00e9elle et p\u00e9renne. Ce suivi rigoureux post-tournage montre que l\u2019\u00e9mission ne se limite pas \u00e0 une restructuration spectaculaire, mais qu\u2019elle peut g\u00e9n\u00e9rer un v\u00e9ritable <strong>redressement<\/strong>.<\/p>\n<p>     Une r\u00e9ussite qui inspire  <\/p>\n<p>Le parcours du restaurant du Guillec illustre qu\u2019un <strong>\u00e9tablissement en d\u00e9tresse<\/strong> peut rebondir \u00e0 condition de s\u2019engager pleinement dans le changement. Si la pression du tournage est r\u00e9elle, elle s\u2019accompagne d\u2019un accompagnement professionnel s\u00e9rieux. Pour Marie-Laure Guillou, ce passage \u00e9clair mais exigeant dans l\u2019\u00e9mission a repr\u00e9sent\u00e9 une opportunit\u00e9 inesp\u00e9r\u00e9e, saisie avec courage et authenticit\u00e9. Son exp\u00e9rience rappelle que derri\u00e8re le format t\u00e9l\u00e9vis\u00e9, <a href=\"https:\/\/www.pleinevie.fr\/loisirs\/tele-radio\/cauchemar-en-cuisine-que-devient-le-restaurant-de-joanne-situe-a-salleles-daude-un-an-apres-la-diffusion-de-lemission-158417.html\" target=\"_blank\" rel=\"noopener\">Cauchemar en cuisine<\/a> agit comme un acc\u00e9l\u00e9rateur de transformation, \u00e0 condition d\u2019y entrer avec confiance et transparence.<\/p>\n","protected":false},"excerpt":{"rendered":"Depuis 2011, Philippe Etchebest intervient dans les cuisines en d\u00e9tresse \u00e0 travers l\u2019\u00e9mission Cauchemar en cuisine. Si certains&hellip;\n","protected":false},"author":2,"featured_media":311828,"comment_status":"","ping_status":"","sticky":false,"template":"","format":"standard","meta":{"footnotes":""},"categories":[8],"tags":[10281,58,59,1011,27],"class_list":{"0":"post-311827","1":"post","2":"type-post","3":"status-publish","4":"format-standard","5":"has-post-thumbnail","7":"category-divertissement","8":"tag-buzz-nonli","9":"tag-divertissement","10":"tag-entertainment","11":"tag-fr","12":"tag-france"},"share_on_mastodon":{"url":"https:\/\/pubeurope.com\/@fr\/115010729867649097","error":""},"_links":{"self":[{"href":"https:\/\/www.europesays.com\/fr\/wp-json\/wp\/v2\/posts\/311827","targetHints":{"allow":["GET"]}}],"collection":[{"href":"https:\/\/www.europesays.com\/fr\/wp-json\/wp\/v2\/posts"}],"about":[{"href":"https:\/\/www.europesays.com\/fr\/wp-json\/wp\/v2\/types\/post"}],"author":[{"embeddable":true,"href":"https:\/\/www.europesays.com\/fr\/wp-json\/wp\/v2\/users\/2"}],"replies":[{"embeddable":true,"href":"https:\/\/www.europesays.com\/fr\/wp-json\/wp\/v2\/comments?post=311827"}],"version-history":[{"count":0,"href":"https:\/\/www.europesays.com\/fr\/wp-json\/wp\/v2\/posts\/311827\/revisions"}],"wp:featuredmedia":[{"embeddable":true,"href":"https:\/\/www.europesays.com\/fr\/wp-json\/wp\/v2\/media\/311828"}],"wp:attachment":[{"href":"https:\/\/www.europesays.com\/fr\/wp-json\/wp\/v2\/media?parent=311827"}],"wp:term":[{"taxonomy":"category","embeddable":true,"href":"https:\/\/www.europesays.com\/fr\/wp-json\/wp\/v2\/categories?post=311827"},{"taxonomy":"post_tag","embeddable":true,"href":"https:\/\/www.europesays.com\/fr\/wp-json\/wp\/v2\/tags?post=311827"}],"curies":[{"name":"wp","href":"https:\/\/api.w.org\/{rel}","templated":true}]}}