{"id":311835,"date":"2025-08-11T15:03:14","date_gmt":"2025-08-11T15:03:14","guid":{"rendered":"https:\/\/www.europesays.com\/fr\/311835\/"},"modified":"2025-08-11T15:03:14","modified_gmt":"2025-08-11T15:03:14","slug":"aussi-haut-que-la-tour-eiffel-cest-quoi-ce-projet-delirant-de-taureau-geant-pour-concurrencer-la-france","status":"publish","type":"post","link":"https:\/\/www.europesays.com\/fr\/311835\/","title":{"rendered":"Aussi haut que la tour Eiffel\u2026 C\u2019est quoi ce projet d\u00e9lirant de taureau g\u00e9ant pour concurrencer la France\u00a0?"},"content":{"rendered":"<p>Un projet aussi ambitieux que surprenant. L\u2019<a href=\"https:\/\/academiatauromaquia.es\/\" target=\"_blank\" class=\"color-ultramarine c-link\" rel=\"noopener\">Acad\u00e9mie de tauromachie espagnole<\/a> envisage la cr\u00e9ation d\u2019un taureau g\u00e9ant de plus de 300 m\u00e8tres de haut dans la p\u00e9ninsule ib\u00e9rique. Son but\u00a0: promouvoir la culture de l\u2019animal\u2026 et devenir la premi\u00e8re destination touristique mondiale. Sans blague.<\/p>\n<p>C\u2019est quoi ce projet improbable\u00a0?<\/p>\n<p>Ce taureau en m\u00e9tal mesurerait plus de 312 m\u00e8tres, la taille de la tour Eiffel (sans son antenne). L\u2019animal, dont le but serait de concurrencer la dame de Fer et de devenir l\u2019ic\u00f4ne de l\u2019Espagne. Rien que \u00e7a. Il serait possible aux visiteurs d\u2019acc\u00e9der \u00e0 son sommet, dans ses cornes.<\/p>\n<p>Sur la t\u00e9l\u00e9vision locale <a href=\"https:\/\/www.canal33.info\/\" target=\"_blank\" class=\"color-ultramarine c-link\" rel=\"noopener\">Canal 33 Madrid<\/a>, le pr\u00e9sident de l\u2019acad\u00e9mie, Jorge Alvarez, explique que la structure \u00ab\u00a0serait situ\u00e9e dans une ville espagnole avec un flux important de touristes\u00a0\u00bb, rel\u00e8ve le site <a href=\"https:\/\/www.europapress.es\/madrid\/noticia-academia-espanola-tauromaquia-busca-municipio-erigir-toro-300-metros-gran-icono-turistico-espana-20250717142030.html\" target=\"_blank\" class=\"color-ultramarine c-link\" rel=\"noopener\">Europa Presse<\/a>. Son but\u00a0: \u00ab\u00a0Garantir la viabilit\u00e9 \u00e9conomique, promouvoir l\u2019impulsion commerciale et la g\u00e9n\u00e9ration d\u2019emploi dans toute la r\u00e9gion.\u00a0\u00bb<\/p>\n<p>Au pied du monument, des installations culturelles, commerciales et de loisirs promouvraient la culture du taureau. La <a href=\"https:\/\/www.20minutes.fr\/dossier\/tauromachie\" class=\"color-ultramarine c-link\" target=\"_blank\" rel=\"noopener\">tauromachie <\/a>est consid\u00e9r\u00e9e comme patrimoine culturel de l\u2019Espagne selon une loi vot\u00e9e en novembre\u00a02013.<\/p>\n<p>La guerre \u00e0 la France est d\u00e9clar\u00e9e\u00a0!<\/p>\n<p>L\u2019acad\u00e9mie de tauromachie espagnole souhaite aider l\u2019Espagne \u00e0 devenir la premi\u00e8re destination touristique mondiale. Selon les chiffres de l\u2019ONU, le pays se classait en\u00a02023 \u00e0 la seconde position de ce classement avec 85,17\u00a0millions de touristes, derri\u00e8re la France et ses 100\u00a0millions de visiteurs.<\/p>\n<p>Or, l\u2019Italie a son Colis\u00e9e, les Etats-Unis la Statue de la libert\u00e9 et la France, la tour Eiffel. Une \u00ab\u00a0ic\u00f4ne touristique qui repr\u00e9sente la France et plus g\u00e9n\u00e9ralement l\u2019Europe pour les touristes d\u2019autres continents\u00a0\u00bb, explique l\u2019association. \u00ab\u00a0Lorsqu\u2019ils choisissent l\u2019Europe comme destination de vacances, Paris est incontournable afin d\u2019immortaliser leur venue sur une photo.\u00a0\u00bb<\/p>\n<\/p>\n<p>Malgr\u00e9 son int\u00e9r\u00eat touristique, l\u2019image de l\u2019Espagne n\u2019est associ\u00e9e \u00e0 aucun symbole, selon l\u2019association. Qui propose donc le taureau, dans une d\u00e9marche de lobbying \u00e9vidente, alors que l\u2019attrait pour la tauromachie perd (aussi) r\u00e9guli\u00e8rement en soutien, de l\u2019autre c\u00f4t\u00e9 des Pyr\u00e9n\u00e9es.<\/p>\n<p>Mais o\u00f9 serait implant\u00e9 ce taureau\u00a0?<\/p>\n<p>Aucune ville n\u2019a fait acte de candidature pour accueillir ce projet, qui doit \u00e9galement trouver les partenaires pour le financer. Sans s\u2019avancer sur le montant (qu\u2019on imagine astronomique), l\u2019Acad\u00e9mie prend soin de pr\u00e9ciser que le projet serait financ\u00e9 par des fonds priv\u00e9s, sans pr\u00e9ciser lesquels. Quant au terrain, il serait mis gracieusement \u00e0 disposition par une collectivit\u00e9 locale.<\/p>\n<p><a href=\"https:\/\/www.20minutes.fr\/dossier\/tauromachie\" class=\"c-link c-btn c-btn--primary\" target=\"_blank\" rel=\"noopener\">Notre dossier sur la tauromachie<\/a><\/p>\n<p>Selon Jorge Alvarez, la municipalit\u00e9 de <a href=\"https:\/\/www.20minutes.fr\/dossier\/madrid\" class=\"color-ultramarine c-link\" target=\"_blank\" rel=\"noopener\">Madrid <\/a>a \u00e9t\u00e9 approch\u00e9e. Mais \u00ab\u00a0n\u2019envisage pas de s\u2019y associer pour l\u2019instant. Nous n\u2019en connaissons pas les raisons\u00a0\u00bb. D\u2019autres collectivit\u00e9s ont \u00e9t\u00e9 sond\u00e9es. Le choix de l\u2019architecte et l\u2019obtention des autorisations, environnementales notamment, sont encore au point mort. Bref, ce projet fou est loin de voir le jour.<\/p>\n","protected":false},"excerpt":{"rendered":"Un projet aussi ambitieux que surprenant. L\u2019Acad\u00e9mie de tauromachie espagnole envisage la cr\u00e9ation d\u2019un taureau g\u00e9ant de plus&hellip;\n","protected":false},"author":2,"featured_media":311836,"comment_status":"","ping_status":"","sticky":false,"template":"","format":"standard","meta":{"footnotes":""},"categories":[4],"tags":[47,11,1867,45176,33,123,1011,27,9471,12,25,45175,7184,602],"class_list":{"0":"post-311835","1":"post","2":"type-post","3":"status-publish","4":"format-standard","5":"has-post-thumbnail","7":"category-france","8":"tag-actualite","9":"tag-actualites","10":"tag-animaux","11":"tag-corrida","12":"tag-economie","13":"tag-espagne","14":"tag-fr","15":"tag-france","16":"tag-madrid","17":"tag-news","18":"tag-republique-francaise","19":"tag-tauromachie","20":"tag-tour-eiffel","21":"tag-tourisme"},"share_on_mastodon":{"url":"https:\/\/pubeurope.com\/@fr\/115010745524032738","error":""},"_links":{"self":[{"href":"https:\/\/www.europesays.com\/fr\/wp-json\/wp\/v2\/posts\/311835","targetHints":{"allow":["GET"]}}],"collection":[{"href":"https:\/\/www.europesays.com\/fr\/wp-json\/wp\/v2\/posts"}],"about":[{"href":"https:\/\/www.europesays.com\/fr\/wp-json\/wp\/v2\/types\/post"}],"author":[{"embeddable":true,"href":"https:\/\/www.europesays.com\/fr\/wp-json\/wp\/v2\/users\/2"}],"replies":[{"embeddable":true,"href":"https:\/\/www.europesays.com\/fr\/wp-json\/wp\/v2\/comments?post=311835"}],"version-history":[{"count":0,"href":"https:\/\/www.europesays.com\/fr\/wp-json\/wp\/v2\/posts\/311835\/revisions"}],"wp:featuredmedia":[{"embeddable":true,"href":"https:\/\/www.europesays.com\/fr\/wp-json\/wp\/v2\/media\/311836"}],"wp:attachment":[{"href":"https:\/\/www.europesays.com\/fr\/wp-json\/wp\/v2\/media?parent=311835"}],"wp:term":[{"taxonomy":"category","embeddable":true,"href":"https:\/\/www.europesays.com\/fr\/wp-json\/wp\/v2\/categories?post=311835"},{"taxonomy":"post_tag","embeddable":true,"href":"https:\/\/www.europesays.com\/fr\/wp-json\/wp\/v2\/tags?post=311835"}],"curies":[{"name":"wp","href":"https:\/\/api.w.org\/{rel}","templated":true}]}}