{"id":311839,"date":"2025-08-11T15:05:14","date_gmt":"2025-08-11T15:05:14","guid":{"rendered":"https:\/\/www.europesays.com\/fr\/311839\/"},"modified":"2025-08-11T15:05:14","modified_gmt":"2025-08-11T15:05:14","slug":"le-chateau-des-bruneaux-sous-le-feu-des-projecteurs-des-le-23-aout","status":"publish","type":"post","link":"https:\/\/www.europesays.com\/fr\/311839\/","title":{"rendered":"le ch\u00e2teau des Bruneaux sous le feu des projecteurs d\u00e8s le 23\u00a0ao\u00fbt"},"content":{"rendered":"<p>Cet \u00e9t\u00e9, huit villes de Rh\u00f4ne-Alpes Auvergne ont \u00e9t\u00e9 s\u00e9lectionn\u00e9es pour accueillir le festival R\u00e9gions des lumi\u00e8res. Et Firminy est sur la liste, comme l\u2019a \u00e9t\u00e9 <a href=\"https:\/\/www.leprogres.fr\/culture-loisirs\/2025\/06\/02\/festiv-ete-2025-l-histoire-de-roanne-sera-contee-via-des-projections-lumineuses\" target=\"_blank\" rel=\"noopener\">Roanne<\/a> il y a quelques semaines. Pour la cit\u00e9 appelouse, ce sera \u00e0 compter du 23\u00a0ao\u00fbt et jusqu\u2019au 14\u00a0septembre.<\/p>\n<p>Le ch\u00e2teau des Bruneaux sera alors sous le feu des projecteurs avec un spectacle sons et lumi\u00e8res enti\u00e8rement gratuit.<\/p>\n<p>  \u00ab\u00a0On n\u2019a jamais eu ce type d\u2019\u00e9v\u00e8nements, un m\u00e9lange de sons et vid\u00e9os, \u00e0 Firminy\u00a0\u00bb<\/p>\n<p>\u00ab\u00a0C\u2019est un beau cadeau que la R\u00e9gion nous fait\u00a0\u00bb s\u2019enthousiasme Denis Celle, adjoint \u00e0 la culture de Firminy. \u00ab\u00a0On n\u2019a jamais eu ce type d\u2019\u00e9v\u00e8nements, un m\u00e9lange de sons et vid\u00e9os, \u00e0 Firminy.\u00a0\u00bb<\/p>\n<p>La soir\u00e9e d\u2019inauguration, le samedi 23\u00a0ao\u00fbt, r\u00e9serve quelques belles surprises \u00e0 partir de 18 heures\u00a0: un march\u00e9 nocturne, une animation musicale avec d\u00e9ambulation, des stands ludiques pour petits et grands,\u00a0etc. Pour cette soir\u00e9e de lancement, il sera possible de d\u00eener sur place dans le style un peu guinguette avec un stand de restauration qui proposera une paella\u2026 Et il sera \u00e9galement possible de pique-niquer dans le parc des Bruneaux.<\/p>\n<p>  L\u2019histoire de la ville projet\u00e9e sur la fa\u00e7ade du ch\u00e2teau des Bruneaux<\/p>\n<p>D\u00e8s la tomb\u00e9e de la nuit, place \u00e0 la magie\u2026 Sur la fa\u00e7ade du ch\u00e2teau, c\u00f4t\u00e9 parc, c\u2019est l\u2019histoire de la ville qui va s\u2019animer, en sons et en lumi\u00e8res\u00a0: le pass\u00e9 industriel avec les forges, l\u2019aci\u00e9rie mais aussi la mine, le patrimoine de la ville avec notamment le site Le Corbusier, les festivit\u00e9s telles que la Sainte-barbe, la vogue des Noix, le corso,\u00a0etc.<\/p>\n<p>L\u2019histoire plus r\u00e9cente ne sera pas oubli\u00e9e avec un moment fort pour la ville qui a eu lieu l\u2019ann\u00e9e derni\u00e8re, lors des JO avec <a href=\"https:\/\/www.leprogres.fr\/sport\/2024\/06\/22\/une-foule-dense-pour-accueillir-la-flamme-au-stade-le-corbusier\" target=\"_blank\" rel=\"noopener\">le passage de la flamme olympique<\/a>. Le film dure une quinzaine de minutes et il est projet\u00e9 en boucle \u00e0 partir de 20\u00a0h\u00a045\/21heures jusqu\u2019\u00e0 23\u00a0h\u00a030.<\/p>\n<p>  Le plus compliqu\u00e9\u00a0? Trouver le site\u2026<\/p>\n<p>\u00ab\u00a0C\u2019est la m\u00e9moire et le patrimoine de la ville, explique Denis Celle. On a travaill\u00e9 avec les Allumeurs de r\u00eave qui r\u00e9alisent le spectacle pour le choix du site et pour les \u00e9l\u00e9ments du spectacle. On \u00e9tait heureux que la R\u00e9gion pense \u00e0 nous, le plus compliqu\u00e9, c&rsquo;\u00e9tait de trouver le site\u00a0: Le Corbusier, l\u2019\u00e9glise Saint-Firmin, le ch\u00e2teau des Bruneaux\u00a0?\u00a0\u00bb<\/p>\n<p>Le choix s\u2019est finalement port\u00e9 sur le ch\u00e2teau, l\u2019occasion aussi de mettre en lumi\u00e8re un patrimoine de la ville qui l\u2019est moins souvent que le site Le Corbusier\u2026<\/p>\n<p>\u00ab\u00a0Oui, reconna\u00eet Denis Celle, et c\u2019est un site proche du quartier de Firminy Vert, proche de Chazeau, facile d\u2019acc\u00e8s et pas forc\u00e9ment connu de tout le monde.\u00a0\u00bb<\/p>\n<p>  Fin ao\u00fbt, d\u00e9but septembre\u00a0: une bonne p\u00e9riode\u00a0?<\/p>\n<p>Quant \u00e0 la p\u00e9riode choisie par la R\u00e9gion, fin ao\u00fbt, d\u00e9but septembre, sera-t-elle propice \u00e0 une forte fr\u00e9quentation\u00a0? \u00ab\u00a0La p\u00e9riode est int\u00e9ressante, les gens sont revenus de vacances et sont disponibles. Ils pourront passer quand ils veulent jusqu\u2019\u00e0 23\u00a0h\u00a030. L\u2019ann\u00e9e derni\u00e8re, le spectacle a \u00e9t\u00e9 projet\u00e9 sur le ch\u00e2teau d\u2019Aurec-sur-Loire et \u00e7a a \u00e9t\u00e9 <a href=\"https:\/\/www.leprogres.fr\/culture-loisirs\/2024\/08\/10\/le-festival-des-lumieres-a-attire-15-668-spectateurs\" target=\"_blank\" rel=\"noopener\">un gros succ\u00e8s<\/a>. Les gens vont en parler, \u00e7a va se savoir par le bouche-\u00e0-oreille\u2026\u00a0\u00bb<\/p>\n<p>Enfin, l\u2019op\u00e9ration est enti\u00e8rement gratuite pour la Ville et \u00ab\u00a0tout est g\u00e9r\u00e9 par la R\u00e9gion\u00a0\u00bb. \u00c0 l\u2019exception de la soir\u00e9e inaugurale, qui sera organis\u00e9e par la ville de Firminy. Un accueil sp\u00e9cifique a \u00e9t\u00e9 pens\u00e9 pour les personnes \u00e0 mobilit\u00e9 r\u00e9duite qui pourront b\u00e9n\u00e9ficier, le soir de la premi\u00e8re, d\u2019un syst\u00e8me d\u2019audiodescription, d\u2019un plancher vibrant et d\u2019une maquette 3D du ch\u00e2teau.<\/p>\n<p>Ensuite, jusqu\u2019au 14\u00a0septembre, des chaises seront install\u00e9es dans un espace d\u00e9di\u00e9 aux personnes PMR.\u00a0Pour les autres spectateurs, ce sera debout dans l\u2019enceinte du ch\u00e2teau des Bruneaux ou assis dans le parc, d\u2019o\u00f9 le spectacle sera bien s\u00fbr visible.<\/p>\n","protected":false},"excerpt":{"rendered":"Cet \u00e9t\u00e9, huit villes de Rh\u00f4ne-Alpes Auvergne ont \u00e9t\u00e9 s\u00e9lectionn\u00e9es pour accueillir le festival R\u00e9gions des lumi\u00e8res. Et&hellip;\n","protected":false},"author":2,"featured_media":311840,"comment_status":"","ping_status":"","sticky":false,"template":"","format":"standard","meta":{"footnotes":""},"categories":[9653],"tags":[1111,11,2430,1687,7539,1777,674,10282,10283,1011,27,937,12,2661,25,4001,3140],"class_list":{"0":"post-311839","1":"post","2":"type-post","3":"status-publish","4":"format-standard","5":"has-post-thumbnail","7":"category-saint-etienne","8":"tag-actu","9":"tag-actualites","10":"tag-auvergne-rhone-alpes","11":"tag-culture-loisirs","12":"tag-edition-loire-sud","13":"tag-eu","14":"tag-europe","15":"tag-firminy","16":"tag-firminy-ville","17":"tag-fr","18":"tag-france","19":"tag-histoire","20":"tag-news","21":"tag-patrimoine-culturel","22":"tag-republique-francaise","23":"tag-saint-etienne","24":"tag-spectacle"},"share_on_mastodon":{"url":"https:\/\/pubeurope.com\/@fr\/115010753321041818","error":""},"_links":{"self":[{"href":"https:\/\/www.europesays.com\/fr\/wp-json\/wp\/v2\/posts\/311839","targetHints":{"allow":["GET"]}}],"collection":[{"href":"https:\/\/www.europesays.com\/fr\/wp-json\/wp\/v2\/posts"}],"about":[{"href":"https:\/\/www.europesays.com\/fr\/wp-json\/wp\/v2\/types\/post"}],"author":[{"embeddable":true,"href":"https:\/\/www.europesays.com\/fr\/wp-json\/wp\/v2\/users\/2"}],"replies":[{"embeddable":true,"href":"https:\/\/www.europesays.com\/fr\/wp-json\/wp\/v2\/comments?post=311839"}],"version-history":[{"count":0,"href":"https:\/\/www.europesays.com\/fr\/wp-json\/wp\/v2\/posts\/311839\/revisions"}],"wp:featuredmedia":[{"embeddable":true,"href":"https:\/\/www.europesays.com\/fr\/wp-json\/wp\/v2\/media\/311840"}],"wp:attachment":[{"href":"https:\/\/www.europesays.com\/fr\/wp-json\/wp\/v2\/media?parent=311839"}],"wp:term":[{"taxonomy":"category","embeddable":true,"href":"https:\/\/www.europesays.com\/fr\/wp-json\/wp\/v2\/categories?post=311839"},{"taxonomy":"post_tag","embeddable":true,"href":"https:\/\/www.europesays.com\/fr\/wp-json\/wp\/v2\/tags?post=311839"}],"curies":[{"name":"wp","href":"https:\/\/api.w.org\/{rel}","templated":true}]}}