{"id":31184,"date":"2025-04-17T08:01:16","date_gmt":"2025-04-17T08:01:16","guid":{"rendered":"https:\/\/www.europesays.com\/fr\/31184\/"},"modified":"2025-04-17T08:01:16","modified_gmt":"2025-04-17T08:01:16","slug":"a-lyon-plusieurs-emeutes-eclatent-au-cra-a-cause-de-la-nourriture-servie","status":"publish","type":"post","link":"https:\/\/www.europesays.com\/fr\/31184\/","title":{"rendered":"\u00c0 Lyon, plusieurs \u00e9meutes \u00e9clatent au CRA \u00e0 cause de la nourriture servie"},"content":{"rendered":"<p>Deux \u00e9meutes ont eu lieu en une semaine au sein du centre de r\u00e9tention administrative de Lyon. Lundi, les forces de l\u2019ordre ont m\u00eame d\u00fb intervenir pour imposer le retour au calme.<\/p>\n<p class=\"fig-paragraph\">Lundi 14 avril vers 19\u00a0h\u00a030, une \u00e9meute a eu lieu\u00a0<a href=\"http:\/\/www.lefigaro.fr\/lyon\/un-climat-de-violences-inacceptables-a-lyon-des-elus-alertent-sur-le-nouveau-centre-de-retention-des-etrangers-20230419\" data-fig-type=\"NewsFlash\" data-gtm-custom-categorie=\"navigation\" data-gtm-custom-action=\"crossclick\" data-gtm-custom-label=\"Contextuel\" data-gtm-event=\"customEventSPE\" data-fig-domain=\"LEFIGARO\" target=\"_blank\" rel=\"noopener\">dans le centre de r\u00e9tention administrative (CRA) de Lyon<\/a>, indique une source s\u00e9curitaire au Figaro confirmant une information\u00a0<a href=\"https:\/\/www.europe1.fr\/Police-Justice\/info-europe-1-victimes-de-la-crise-diplomatique-des-retenus-algeriens-provoquent-une-emeute-au-cra-de-lyon-683422\" target=\"_blank\" rel=\"nofollow noopener\" data-gtm-custom-categorie=\"navigation\" data-gtm-custom-action=\"crossclick\" data-gtm-custom-label=\"Contextuel\" data-gtm-event=\"customEventSPE\">d\u2019Europe 1<\/a> . D\u2019apr\u00e8s nos informations, un homme de nationalit\u00e9 tunisienne a jet\u00e9 son plateau-repas dans le r\u00e9fectoire et cr\u00e9\u00e9 un mouvement de protestation parmi les d\u00e9tenus. Un m\u00e9contentement plus g\u00e9n\u00e9ral des d\u00e9tenus de nationalit\u00e9 alg\u00e9rienne est\u00a0<a href=\"http:\/\/www.lefigaro.fr\/lyon\/lyon-la-justice-rejette-la-demande-de-fermeture-d-un-centre-de-retention-administrative-20241024\" data-fig-type=\"NewsFlash\" data-gtm-custom-categorie=\"navigation\" data-gtm-custom-action=\"crossclick\" data-gtm-custom-label=\"Contextuel\" data-gtm-event=\"customEventSPE\" data-fig-domain=\"LEFIGARO\" target=\"_blank\" rel=\"noopener\">alors mont\u00e9 au sein du CRA<\/a>.<\/p>\n<p>Pas li\u00e9 \u00e0 la situation diplomatique<\/p>\n<p class=\"fig-paragraph\">Toutefois, \u00abces d\u00e9bordements ne sont en rien li\u00e9s \u00e0 la situation diplomatique entre Paris et Alger\u00bb,\u00a0<a href=\"http:\/\/www.lefigaro.fr\/politique\/crise-avec-l-algerie-paris-calibre-sa-riposte-apres-l-expulsion-de-douze-fonctionnaires-francais-20250414\" data-fig-type=\"Article\" data-gtm-custom-categorie=\"navigation\" data-gtm-custom-action=\"crossclick\" data-gtm-custom-label=\"Contextuel\" data-gtm-event=\"customEventSPE\" data-fig-domain=\"LEFIGARO\" target=\"_blank\" rel=\"noopener\">assure plusieurs sources s\u00e9curitaires<\/a>, contrairement \u00e0 ce qu\u2019indiquent nos confr\u00e8res. \u00abCe genre d\u2019\u00e9v\u00e9nement arrive tr\u00e8s fr\u00e9quemment quand les d\u00e9tenus ne veulent pas manger ce qui leur est servi. Il y a par exemple eu une \u00e9meute pour cette m\u00eame raison le mercredi 9 avril dernier\u00bb, indique un policier.<\/p>\n<p class=\"fig-paragraph\">Lundi, les \u00e9meutiers ont provoqu\u00e9 un d\u00e9part de feu qui a rapidement \u00e9t\u00e9 ma\u00eetris\u00e9. Les forces de l\u2019ordre les ont dispers\u00e9s et la situation a retrouv\u00e9 son calme vers 20\u00a0h\u00a030. L\u2019instigateur du mouvement de foule a lui \u00e9t\u00e9 plac\u00e9 \u00e0 l\u2019isolement pour \u00abincitation \u00e0 l\u2019\u00e9meute\u00bb.<\/p>\n","protected":false},"excerpt":{"rendered":"Deux \u00e9meutes ont eu lieu en une semaine au sein du centre de r\u00e9tention administrative de Lyon. Lundi,&hellip;\n","protected":false},"author":2,"featured_media":31185,"comment_status":"","ping_status":"","sticky":false,"template":"","format":"standard","meta":{"footnotes":""},"categories":[1889],"tags":[1111,11,5273,2430,5299,5272,5312,5296,5285,10643,1777,674,5293,1011,27,5303,5311,5301,5279,5275,5313,5276,5300,5302,5280,5298,5281,5306,5305,5308,5309,5284,5294,5297,5269,5271,5268,5270,5267,2428,5295,5307,5277,5304,5283,12,978,4347,5274,25,2431,5314,5288,5292,5289,5291,5290,5315,5282,5286,5310,5287,5278],"class_list":{"0":"post-31184","1":"post","2":"type-post","3":"status-publish","4":"format-standard","5":"has-post-thumbnail","7":"category-lyon","8":"tag-actu","9":"tag-actualites","10":"tag-ainay","11":"tag-auvergne-rhone-alpes","12":"tag-bellecombe","13":"tag-bellecour","14":"tag-champvert-nord","15":"tag-champvert-sud","16":"tag-clos-jouve","17":"tag-emeutes","18":"tag-eu","19":"tag-europe","20":"tag-fourviere","21":"tag-fr","22":"tag-france","23":"tag-gerland","24":"tag-gorge-de-loup","25":"tag-jean-mace","26":"tag-la-buire","27":"tag-la-confluence","28":"tag-la-duchere","29":"tag-la-guillotiere-nord-prefecture","30":"tag-la-guillotiere-sud","31":"tag-la-mouche","32":"tag-la-part-dieu","33":"tag-la-tete-dor","34":"tag-la-villette","35":"tag-laennec","36":"tag-le-bachut","37":"tag-le-grand-trou","38":"tag-le-moulin-a-vent","39":"tag-le-plateau-de-la-croix-rousse","40":"tag-le-point-du-jour","41":"tag-les-brotteaux","42":"tag-les-chartreux","43":"tag-les-cordeliers","44":"tag-les-pentes-de-la-croix-rousse","45":"tag-les-terreaux","46":"tag-les-traboules","47":"tag-lyon","48":"tag-menival","49":"tag-mermoz","50":"tag-moncey","51":"tag-monplaisir","52":"tag-montchat","53":"tag-news","54":"tag-olympique-lyonnais","55":"tag-oqtf","56":"tag-perrache","57":"tag-republique-francaise","58":"tag-rhone-alpes","59":"tag-rochecardon-industrie","60":"tag-saint-georges","61":"tag-saint-irenee","62":"tag-saint-jean","63":"tag-saint-just","64":"tag-saint-paul","65":"tag-saint-rambert-lile-barbe","66":"tag-sans-souci-dauphine","67":"tag-serin-saint-charles","68":"tag-vaise","69":"tag-vieux-lyon","70":"tag-voltaire"},"share_on_mastodon":{"url":"","error":"Validation failed: Text character limit of 500 exceeded"},"_links":{"self":[{"href":"https:\/\/www.europesays.com\/fr\/wp-json\/wp\/v2\/posts\/31184","targetHints":{"allow":["GET"]}}],"collection":[{"href":"https:\/\/www.europesays.com\/fr\/wp-json\/wp\/v2\/posts"}],"about":[{"href":"https:\/\/www.europesays.com\/fr\/wp-json\/wp\/v2\/types\/post"}],"author":[{"embeddable":true,"href":"https:\/\/www.europesays.com\/fr\/wp-json\/wp\/v2\/users\/2"}],"replies":[{"embeddable":true,"href":"https:\/\/www.europesays.com\/fr\/wp-json\/wp\/v2\/comments?post=31184"}],"version-history":[{"count":0,"href":"https:\/\/www.europesays.com\/fr\/wp-json\/wp\/v2\/posts\/31184\/revisions"}],"wp:featuredmedia":[{"embeddable":true,"href":"https:\/\/www.europesays.com\/fr\/wp-json\/wp\/v2\/media\/31185"}],"wp:attachment":[{"href":"https:\/\/www.europesays.com\/fr\/wp-json\/wp\/v2\/media?parent=31184"}],"wp:term":[{"taxonomy":"category","embeddable":true,"href":"https:\/\/www.europesays.com\/fr\/wp-json\/wp\/v2\/categories?post=31184"},{"taxonomy":"post_tag","embeddable":true,"href":"https:\/\/www.europesays.com\/fr\/wp-json\/wp\/v2\/tags?post=31184"}],"curies":[{"name":"wp","href":"https:\/\/api.w.org\/{rel}","templated":true}]}}