{"id":311849,"date":"2025-08-11T15:10:11","date_gmt":"2025-08-11T15:10:11","guid":{"rendered":"https:\/\/www.europesays.com\/fr\/311849\/"},"modified":"2025-08-11T15:10:11","modified_gmt":"2025-08-11T15:10:11","slug":"toulon-patricia-miralles-le-15-aout-a-saint-raphael-pour-le-81eme-anniversaire-du-debarquement-de-provence","status":"publish","type":"post","link":"https:\/\/www.europesays.com\/fr\/311849\/","title":{"rendered":"TOULON : Patricia Miralles le 15 ao\u00fbt \u00e0 Saint-Rapha\u00ebl pour le 81\u00e8me anniversaire du D\u00e9barquement de Provence"},"content":{"rendered":"<p><strong>D\u00e9placement de Patricia Miralles, ministre d\u00e9l\u00e9gu\u00e9e charg\u00e9e de la M\u00e9moire et des Anciens combattants, \u00e0 Saint-Rapha\u00ebl, vendredi 15 ao\u00fbt, \u00e0 l\u2019occasion du 81\u00e8me anniversaire du d\u00e9barquement de Provence.<\/strong><\/p>\n<p>Une premi\u00e8re c\u00e9r\u00e9monie se d\u00e9roulera \u00e0 la N\u00e9cropole nationale de Boulouris \u00e0 partir de 8h45 et une autre sur la place du m\u00e9morial du d\u00e9barquement du Dramont \u00e0 partir de 10h.<\/p>\n<p>\u00c0 l\u2019occasion des comm\u00e9morations du 81e anniversaire du d\u00e9barquement de Provence, Madame Patricia Miralles, ministre d\u00e9l\u00e9gu\u00e9e charg\u00e9e de la M\u00e9moire et des Anciens combattants, se rendra dans le Var le vendredi 15 ao\u00fbt 2025.<br \/>Lanc\u00e9e le 15 ao\u00fbt 1944, l\u2019op\u00e9ration Dragoon marque un tournant d\u00e9cisif dans la lib\u00e9ration du territoire fran\u00e7ais. Pr\u00e8s de 350 000 soldats participent \u00e0 cette offensive, dont 230 000 sous les couleurs fran\u00e7aises. A leurs c\u00f4t\u00e9s de nombreux soldats venus d\u2019Afrique du Nord, d\u2019Afrique subsaharienne, des Antilles, du Maghreb et d\u2019Indochine prennent part aux combats, incarnant ainsi la diversit\u00e9 des forces engag\u00e9es pour lib\u00e9rer la France.<br \/>Le matin du 15 ao\u00fbt, la ministre pr\u00e9sidera une c\u00e9r\u00e9monie d\u2019hommage aux combattants du d\u00e9barquement \u00e0 la n\u00e9cropole nationale de Boulouris, \u00e0 Saint-Rapha\u00ebl. Ce haut lieu de m\u00e9moire, inaugur\u00e9 par le g\u00e9n\u00e9ral de Gaulle le 15 ao\u00fbt 1964, abrite les tombes de 464 soldats fran\u00e7ais tomb\u00e9s pour la lib\u00e9ration de la Provence.<br \/>Elle participera ensuite \u00e0 la c\u00e9r\u00e9monie comm\u00e9morative organis\u00e9e par la ville de Saint-Rapha\u00ebl, sur la plage du Dramont. Ce site fut l\u2019un des principaux points de d\u00e9barquement alli\u00e9 en 1944 : plus de 30 000 soldats et 10 000 v\u00e9hicules y ont accost\u00e9 dans les premi\u00e8res heures de l\u2019op\u00e9ration.<\/p>\n<p><strong>Programme pr\u00e9visionnel\u00a0<\/strong><\/p>\n<p><strong>S\u00e9quence 1 : N\u00e9cropole nationale de Boulouris, Saint-Rapha\u00ebl (83)<\/strong><\/p>\n<p>Parking pour la presse sur le parking autorit\u00e9s \u00e0 5mn \u00e0 pied de la N\u00e9cropole<br \/>08h45 : Arriv\u00e9e de la ministre<br \/>Accueil r\u00e9publicain<br \/>D\u00e9p\u00f4t de gerbe<br \/>09h15 : Fin de la c\u00e9r\u00e9monie<\/p>\n<p><strong>S\u00e9quence 2 : Place du m\u00e9morial du d\u00e9barquement du Dramont, Saint-Rapha\u00ebl (83)<\/strong><\/p>\n<p>Parking de l\u2019esplanade du Dramont<br \/>09h55 : Arriv\u00e9e de la ministre<br \/>Accueil r\u00e9publicain<br \/>10h : D\u00e9but de la c\u00e9r\u00e9monie<br \/>Allocution du maire de Saint-Rapha\u00ebl<br \/>Discours de la ministre<br \/>D\u00e9p\u00f4t de gerbes<br \/>A l\u2019issue : Micro-tendu.<\/p>\n","protected":false},"excerpt":{"rendered":"D\u00e9placement de Patricia Miralles, ministre d\u00e9l\u00e9gu\u00e9e charg\u00e9e de la M\u00e9moire et des Anciens combattants, \u00e0 Saint-Rapha\u00ebl, vendredi 15&hellip;\n","protected":false},"author":2,"featured_media":123432,"comment_status":"","ping_status":"","sticky":false,"template":"","format":"standard","meta":{"footnotes":""},"categories":[9619],"tags":[1111,11,1777,674,1011,27,12,882,25,2310],"class_list":{"0":"post-311849","1":"post","2":"type-post","3":"status-publish","4":"format-standard","5":"has-post-thumbnail","7":"category-toulon","8":"tag-actu","9":"tag-actualites","10":"tag-eu","11":"tag-europe","12":"tag-fr","13":"tag-france","14":"tag-news","15":"tag-provence-alpes-cote-dazur","16":"tag-republique-francaise","17":"tag-toulon"},"share_on_mastodon":{"url":"https:\/\/pubeurope.com\/@fr\/115010773017204251","error":""},"_links":{"self":[{"href":"https:\/\/www.europesays.com\/fr\/wp-json\/wp\/v2\/posts\/311849","targetHints":{"allow":["GET"]}}],"collection":[{"href":"https:\/\/www.europesays.com\/fr\/wp-json\/wp\/v2\/posts"}],"about":[{"href":"https:\/\/www.europesays.com\/fr\/wp-json\/wp\/v2\/types\/post"}],"author":[{"embeddable":true,"href":"https:\/\/www.europesays.com\/fr\/wp-json\/wp\/v2\/users\/2"}],"replies":[{"embeddable":true,"href":"https:\/\/www.europesays.com\/fr\/wp-json\/wp\/v2\/comments?post=311849"}],"version-history":[{"count":0,"href":"https:\/\/www.europesays.com\/fr\/wp-json\/wp\/v2\/posts\/311849\/revisions"}],"wp:featuredmedia":[{"embeddable":true,"href":"https:\/\/www.europesays.com\/fr\/wp-json\/wp\/v2\/media\/123432"}],"wp:attachment":[{"href":"https:\/\/www.europesays.com\/fr\/wp-json\/wp\/v2\/media?parent=311849"}],"wp:term":[{"taxonomy":"category","embeddable":true,"href":"https:\/\/www.europesays.com\/fr\/wp-json\/wp\/v2\/categories?post=311849"},{"taxonomy":"post_tag","embeddable":true,"href":"https:\/\/www.europesays.com\/fr\/wp-json\/wp\/v2\/tags?post=311849"}],"curies":[{"name":"wp","href":"https:\/\/api.w.org\/{rel}","templated":true}]}}