{"id":311850,"date":"2025-08-11T15:11:09","date_gmt":"2025-08-11T15:11:09","guid":{"rendered":"https:\/\/www.europesays.com\/fr\/311850\/"},"modified":"2025-08-11T15:11:09","modified_gmt":"2025-08-11T15:11:09","slug":"des-temperatures-a-plus-de-60-c-voici-les-lieux-les-plus-chauds","status":"publish","type":"post","link":"https:\/\/www.europesays.com\/fr\/311850\/","title":{"rendered":"des temp\u00e9ratures \u00e0 plus de 60 \u00b0C, voici les lieux les plus chauds"},"content":{"rendered":"<p>            Par<br \/>\n        <strong><br \/>\n            <a href=\"https:\/\/actu.fr\/auteur\/lea-pippinato\" title=\"Consulter tous les articles de L\u00e9a Pippinato\" target=\"_blank\" rel=\"noopener\">L\u00e9a Pippinato<\/a><br \/>\n        <\/strong><\/p>\n<p>        Publi\u00e9 le<\/p>\n<p>            11 ao\u00fbt 2025 \u00e0 16h31<br \/>\n        ; mis \u00e0 jour le 11 ao\u00fbt 2025 \u00e0 16h52    <\/p>\n<p>Les relev\u00e9s effectu\u00e9s <strong>ce lundi 11 ao\u00fbt 2025<\/strong> entre midi et 14h sont saisissants. Sable br\u00fblant \u00e0 49,5 \u00b0C sur les plages de Palavas. Volant de voiture \u00e0 62 \u00b0C. Banc en bois des rives du Lez \u00e0 54 \u00b0C. Place de la Com\u00e9die \u00e0 55,2 \u00b0C. Sol de l\u2019aire de jeux de l\u2019Esplanade \u00e0 67,4 \u00b0C. Affichage de 39 \u00b0C \u00e0 la Grande pharmacie des Facult\u00e9s.<\/p>\n<p>    <a href=\"https:\/\/www.facebook.com\/plugins\/video.php?height=476&amp;href=https%3A%2F%2Fwww.facebook.com%2FMetropolitainFR%2Fvideos%2F1818880502381613%2F&amp;show_text=false&amp;width=350&amp;t=0\" title=\"Ouvrie le lien\" target=\"_blank\" rel=\"noopener\">Cliquez ici pour visualiser le contenu<\/a><\/p>\n<p class=\" wall-content\">La canicule se d\u00e9finit par des temp\u00e9ratures sup\u00e9rieures \u00e0 <strong>35 \u00b0C<\/strong> le jour et <strong>22 \u00b0C<\/strong> la nuit pendant au moins trois jours cons\u00e9cutifs. La vigilance orange est d\u00e9clench\u00e9e \u00e0 Montpellier. La Ville, la M\u00e9tropole et le CCAS ouvrent des points frais, et <a href=\"https:\/\/www.montpellier.fr\/vie-quotidienne\/vivre-ici\/se-balader-a-montpellier\/fontaines-de-montpellier\" target=\"_blank\" rel=\"noopener\">une carte en ligne<\/a> recense les fontaines publiques<\/p>\n<p>Des lieux ouverts pour se rafra\u00eechir<\/p>\n<p class=\" wall-content\"><strong> Ce lundi<\/strong>, plusieurs Clubs de l\u2019\u00e2ge d\u2019or climatis\u00e9s ouvrent de 10h \u00e0 18h : La Cavalerie, Paul Val\u00e9ry, Jacqueline Maillan, Le Lac, Vincent Scotto et Docteur Bonnet. Les Maisons pour tous L\u2019Escouta\u00efre, Louis Feuillade et Albert Camus accueillent le public dans la journ\u00e9e. La salle Pelloutier \u00e0 Antigone reste accessible de 11h \u00e0 21h, en lien avec la Croix-Rouge. Les piscines ouvertes sont Fran\u00e7oise et Yves Jarrousse (10h \u00e0 20h30), Suzanne Berlioux (10h \u00e0 20h30), Jean Vives (10h \u00e0 20h30) et Olympique Antigone (11h \u00e0 21h30).<\/p>\n<p class=\" wall-content\">Le CCAS renforce la surveillance des personnes inscrites sur le registre des vuln\u00e9rables. Des b\u00e9n\u00e9voles de la R\u00e9serve communale appellent pour rappeler les bons gestes et proposer une aide. <strong>Dans les sept EHPAD de la ville<\/strong>, <a href=\"https:\/\/solidarites.gouv.fr\/guide-daide-lelaboration-du-plan-bleu-en-ehpad#:~:text=Le%20plan%20bleu%20constitue%20le,la%20gouvernance%20de%20l&#039;%C3%A9tablissement.\" target=\"_blank\" rel=\"noopener\">le plan bleu<\/a> est d\u00e9clench\u00e9. Les r\u00e9sidents restent dans des pi\u00e8ces climatis\u00e9es. Fen\u00eatres, volets et stores sont ferm\u00e9s aux heures chaudes. L\u2019hydratation est assur\u00e9e par des distributions r\u00e9guli\u00e8res d\u2019eau et de brumisateurs. Les menus sont all\u00e9g\u00e9s, les fen\u00eatres ouvertes la nuit pour a\u00e9rer. Les autorit\u00e9s rappellent de boire r\u00e9guli\u00e8rement, \u00e9viter les efforts physiques, fermer volets et rideaux le jour, rafra\u00eechir les pi\u00e8ces la nuit. Il faut aussi prendre des nouvelles des proches fragiles.<\/p>\n<p>Vid\u00e9os : en ce moment sur ActuPr\u00e9visions pour la semaine<\/p>\n<p class=\" wall-content\"><strong>Ce mardi 12 ao\u00fbt<\/strong>, Lod\u00e8ve passera la barre des 41 \u00b0C apr\u00e8s une matin\u00e9e brumeuse. Montpellier et Lunel ne d\u00e9passeront pas 33 \u00b0C. B\u00e9ziers, Agde et S\u00e8te grimperont jusqu\u2019\u00e0 34 \u00b0C, avec un l\u00e9ger r\u00e9pit sur le littoral gr\u00e2ce \u00e0 l\u2019air marin.<strong> Ce mercredi 13 ao\u00fbt<\/strong>, un voile nuageux plus dense fera l\u00e9g\u00e8rement baisser le mercure. Montpellier, B\u00e9ziers et Agde afficheront 32 \u00b0C. Lod\u00e8ve restera au-dessus avec 37 \u00b0C. Lunel sera \u00e0 32 \u00b0C. S\u00e8te se contentera de 31 \u00b0C, dans une ambiance plus respirable. Ce jeudi 14 ao\u00fbt, les nuages s\u2019imposeront par moments, accompagn\u00e9s d\u2019averses orageuses vers les reliefs. Lod\u00e8ve conservera une forte chaleur avec 36 \u00b0C. Montpellier, Lunel, B\u00e9ziers, S\u00e8te et Agde resteront proches de 32 \u00b0C.<\/p>\n<p class=\" wall-content\"><strong>Ce vendredi 15 ao\u00fbt<\/strong>, le ciel s\u2019\u00e9claircira et la chaleur se fera moins \u00e9crasante. Montpellier affichera 31 \u00b0C. Lod\u00e8ve se maintiendra \u00e0 36 \u00b0C. Lunel visera 32 \u00b0C, comme S\u00e8te et Agde, o\u00f9 les brises marines rendront l\u2019air plus agr\u00e9able. <strong>Ce samedi 16 ao\u00fbt<\/strong>, le soleil franc fera remonter les temp\u00e9ratures. Montpellier et Lunel atteindront 33 \u00b0C. B\u00e9ziers et Agde grimperont \u00e0 34 \u00b0C. S\u00e8te suivra avec 33 \u00b0C. Lod\u00e8ve culminera \u00e0 36 \u00b0C, sans exc\u00e8s par rapport au d\u00e9but de semaine. <strong>Ce dimanche 17 ao\u00fbt<\/strong>, le thermom\u00e8tre reculera nettement. Montpellier et Lunel se stabiliseront \u00e0 30 \u00b0C. S\u00e8te affichera 31 \u00b0C. B\u00e9ziers et Agde resteront \u00e0 32 \u00b0C. Lod\u00e8ve pointera \u00e0 32 \u00b0C, sous un souffle marin annon\u00e7ant la fin de l\u2019\u00e9pisode caniculaire.<\/p>\n<p class=\" wall-content\">Suivez toute l\u2019actualit\u00e9 de vos villes et m\u00e9dias favoris en vous inscrivant \u00e0 <a href=\"https:\/\/moncompte.actu.fr\" title=\"D\u00e9couvez Mon Actu\" rel=\"nofollow noopener\" data-trk=\"{&quot;cta&quot;:{&quot;action&quot;:&quot;https:\\\/\\\/moncompte.actu.fr&quot;,&quot;category&quot;:&quot;mon compte&quot;,&quot;from&quot;:&quot;article footer&quot;,&quot;name&quot;:&quot;Mon actu&quot;,&quot;type&quot;:&quot;cta&quot;}}\" target=\"_blank\">Mon Actu<\/a>.<\/p>\n","protected":false},"excerpt":{"rendered":"Par L\u00e9a Pippinato Publi\u00e9 le 11 ao\u00fbt 2025 \u00e0 16h31 ; mis \u00e0 jour le 11 ao\u00fbt 2025&hellip;\n","protected":false},"author":2,"featured_media":311851,"comment_status":"","ping_status":"","sticky":false,"template":"","format":"standard","meta":{"footnotes":""},"categories":[9599],"tags":[1111,11,6698,1777,674,1011,27,2487,2357,2208,12,2680,8302,25],"class_list":{"0":"post-311850","1":"post","2":"type-post","3":"status-publish","4":"format-standard","5":"has-post-thumbnail","7":"category-montpellier","8":"tag-actu","9":"tag-actualites","10":"tag-canicule","11":"tag-eu","12":"tag-europe","13":"tag-fr","14":"tag-france","15":"tag-meteo","16":"tag-meteo-france","17":"tag-montpellier","18":"tag-news","19":"tag-occitanie","20":"tag-plages","21":"tag-republique-francaise"},"share_on_mastodon":{"url":"https:\/\/pubeurope.com\/@fr\/115010776870385500","error":""},"_links":{"self":[{"href":"https:\/\/www.europesays.com\/fr\/wp-json\/wp\/v2\/posts\/311850","targetHints":{"allow":["GET"]}}],"collection":[{"href":"https:\/\/www.europesays.com\/fr\/wp-json\/wp\/v2\/posts"}],"about":[{"href":"https:\/\/www.europesays.com\/fr\/wp-json\/wp\/v2\/types\/post"}],"author":[{"embeddable":true,"href":"https:\/\/www.europesays.com\/fr\/wp-json\/wp\/v2\/users\/2"}],"replies":[{"embeddable":true,"href":"https:\/\/www.europesays.com\/fr\/wp-json\/wp\/v2\/comments?post=311850"}],"version-history":[{"count":0,"href":"https:\/\/www.europesays.com\/fr\/wp-json\/wp\/v2\/posts\/311850\/revisions"}],"wp:featuredmedia":[{"embeddable":true,"href":"https:\/\/www.europesays.com\/fr\/wp-json\/wp\/v2\/media\/311851"}],"wp:attachment":[{"href":"https:\/\/www.europesays.com\/fr\/wp-json\/wp\/v2\/media?parent=311850"}],"wp:term":[{"taxonomy":"category","embeddable":true,"href":"https:\/\/www.europesays.com\/fr\/wp-json\/wp\/v2\/categories?post=311850"},{"taxonomy":"post_tag","embeddable":true,"href":"https:\/\/www.europesays.com\/fr\/wp-json\/wp\/v2\/tags?post=311850"}],"curies":[{"name":"wp","href":"https:\/\/api.w.org\/{rel}","templated":true}]}}