{"id":311854,"date":"2025-08-11T15:13:24","date_gmt":"2025-08-11T15:13:24","guid":{"rendered":"https:\/\/www.europesays.com\/fr\/311854\/"},"modified":"2025-08-11T15:13:24","modified_gmt":"2025-08-11T15:13:24","slug":"seine-maritime-une-infirmiere-lance-un-service-de-transport-solidaire-pour-lutter-contre-la-penurie-de-medecins","status":"publish","type":"post","link":"https:\/\/www.europesays.com\/fr\/311854\/","title":{"rendered":"Seine-Maritime\u00a0: une infirmi\u00e8re lance un service de transport solidaire pour lutter contre la p\u00e9nurie de m\u00e9decins"},"content":{"rendered":"<p class=\"paragraph text_align_left lp-f-body-02\">Depuis le d\u00e9but de l\u2019ann\u00e9e, des patients de Petit-Couronne (Seine-Maritime) qui ne peuvent pas se d\u00e9placer par eux-m\u00eames se rendent \u00e0 des consultations m\u00e9dicales hors de la commune une dizaine de fois par semaine, en payant seulement 2 euros l\u2019aller-retour. L\u2019initiative a \u00e9t\u00e9 mise en place gr\u00e2ce \u00e0 la mobilisation de l\u2019infirmi\u00e8re Val\u00e9rie De Sousa, install\u00e9e depuis 20 ans dans la commune de l\u2019agglom\u00e9ration rouennaise.<\/p>\n<p class=\"paragraph text_align_left lp-f-body-02\">\u00c0 l\u2019\u00e9poque, huit m\u00e9decins y exer\u00e7aient. \u00ab Depuis, ils sont tous <a href=\"https:\/\/www.leparisien.fr\/societe\/sante\/une-voix-difficile-a-faire-entendre-ces-medecins-a-contre-courant-qui-defendent-une-regulation-a-linstallation-07-05-2025-L2EV27SI65CEVKINLIPF2HV6AU.php\" target=\"_blank\" rel=\"noopener\">partis \u00e0 la retraite sans vraiment pr\u00e9voir leur succession<\/a> \u00bb, regrette-t-elle. \u00ab Le dernier, \u00e2g\u00e9 de 70 ans, est parti en juillet 2024. \u00bb Pour leurs patients, la seule solution \u00e9tait de se rabattre sur les m\u00e9decins des communes voisines. Impossible pour les personnes non autonomes que Val\u00e9rie de Sousa accompagne : \u00ab J\u2019ai consid\u00e9r\u00e9 que c\u2019\u00e9tait \u00e0 ma charge de m\u2019en occuper, afin de rendre service \u00e0 la population en mati\u00e8re de soins. J\u2019ai contact\u00e9 la ville pour mettre en place un transport solidaire. \u00bb<\/p>\n<p class=\"paragraph text_align_left lp-f-body-02\">Le dispositif s\u2019est mis en place en deux temps. D\u2019abord, en faisant appel \u00e0 un m\u00e9decin r\u00e9cemment install\u00e9 \u00e0 Grand-Couronne (Seine-Maritime) , \u00e0 quelques kilom\u00e8tres. \u00ab Avec le CCAS de la ville et l\u2019accord de Jo\u00ebl Bigot, le maire, nous utilisions le minibus social pour emmener quelques patients \u00e0 leurs rendez-vous \u00bb, se souvient l\u2019infirmi\u00e8re. Mais le dispositif est vite d\u00e9pass\u00e9 par son succ\u00e8s.<\/p>\n<p class=\"paragraph text_align_left lp-f-body-02\">Elle se tourne alors vers l\u2019association La Marcotte, devenue une entreprise \u00e0 but d\u2019emploi dans le cadre du dispositif \u00ab <a href=\"https:\/\/www.leparisien.fr\/seine-maritime-76\/redonner-confiance-a-ceux-qui-ny-croient-plus-darnetal-pres-de-rouen-sengage-contre-le-chomage-de-longue-duree-07-03-2022-LNRPFR6Q4FG65MIPTXRQNH3ZEE.php\" target=\"_blank\" rel=\"noreferrer noopener\">territoire z\u00e9ro ch\u00f4meur de longue dur\u00e9e<\/a> \u00bb en novembre 2024. \u00ab Elle ouvrait un service de transport avec une \u00e9quipe de quatre chauffeurs \u00bb raconte Val\u00e9rie De Sousa. \u00ab J\u2019ai de nouveau interpell\u00e9 le maire, qui a accept\u00e9 tout de suite la mise en relation. Nous avons \u00e9crit une convention valid\u00e9e par le conseil municipal et dot\u00e9e d\u2019une enveloppe de 10 000 euros. \u00bb<\/p>\n<p>Un dispositif encore exp\u00e9rimental<\/p>\n<p class=\"paragraph text_align_left lp-f-body-02\">Apr\u00e8s avoir pris le temps d\u2019identifier les b\u00e9n\u00e9ficiaires qui en avaient vraiment besoin, les premiers transports sont r\u00e9alis\u00e9s en janvier 2025 avec un v\u00e9hicule de la ville. Mais l\u00e0 encore, le dispositif n\u2019est pas suffisant pour r\u00e9pondre \u00e0 la demande.<\/p>\n<p class=\"paragraph text_align_left lp-f-body-02\">Le projet a cependant pris assez d\u2019ampleur pour retenir l\u2019attention de la Fondation Vinci, qui verse 14 000 euros et permet ainsi l\u2019achat d\u2019une voiture d\u00e9di\u00e9e. \u00ab Maintenant, nous en sommes \u00e0 une dizaine de voyages par semaine \u00bb, d\u00e9taille l\u2019infirmi\u00e8re. \u00ab Les personnes \u00e9ligibles prennent rendez-vous chez leurs m\u00e9decins \u00e0 Grand-Quevilly, Saint-\u00c9tienne-du-Rouvray et Sotteville-l\u00e8s-Rouen, font une demande de transport, et c\u2019est planifi\u00e9 par le CCAS et La Marcotte. Cela ne r\u00e9pond pas \u00e0 tous les besoins, mais c\u2019est encore exp\u00e9rimental. \u00bb<\/p>\n<p class=\"paragraph text_align_left lp-f-body-02\">Le prix de 2 euros pour l\u2019aller-retour vise \u00e0 \u00ab responsabiliser les gens. Montrer que cela repr\u00e9sente quelque chose. Que c\u2019est un service rendu \u00bb, indique Val\u00e9rie De Sousa.<\/p>\n<p class=\"paragraph text_align_left lp-f-body-02\">Le bouche \u00e0 oreille fonctionne si bien pour le dispositif \u2013 renomm\u00e9 par certains le \u00ab bus magique \u00bb \u2013, que le mot est aussi pass\u00e9 chez les professionnels de sant\u00e9\u2026 Et que les limites apparaissent de nouveau. \u00c0 quand le prochain v\u00e9hicule ? \u00ab C\u2019est amen\u00e9 \u00e0 se d\u00e9velopper \u00bb, temporise la professionnelle de sant\u00e9, qui pointe aussi le manque d\u2019acc\u00e8s \u00e0 certaines sp\u00e9cialistes pour les patients : \u00ab J\u2019aurais besoin d\u2019un acc\u00e8s \u00e0 un dentiste par exemple. \u00bb<\/p>\n<p class=\"paragraph text_align_left lp-f-body-02\">Elle esp\u00e8re par ailleurs que cette dynamique attire de nouveaux m\u00e9decins \u00e0 Petit-Couronne directement. Des m\u00e9decins qui se verraient bien accueillis : \u00ab On trouverait des locaux avec la ville et ils ne s\u2019installeraient pas seul \u00bb, promet l\u2019infirmi\u00e8re.<\/p>\n","protected":false},"excerpt":{"rendered":"Depuis le d\u00e9but de l\u2019ann\u00e9e, des patients de Petit-Couronne (Seine-Maritime) qui ne peuvent pas se d\u00e9placer par eux-m\u00eames&hellip;\n","protected":false},"author":2,"featured_media":311855,"comment_status":"","ping_status":"","sticky":false,"template":"","format":"standard","meta":{"footnotes":""},"categories":[9587],"tags":[1111,11,459,1777,674,1011,27,12,5161,25,9590,11074,104],"class_list":{"0":"post-311854","1":"post","2":"type-post","3":"status-publish","4":"format-standard","5":"has-post-thumbnail","7":"category-rouen","8":"tag-actu","9":"tag-actualites","10":"tag-departements-horsidfo","11":"tag-eu","12":"tag-europe","13":"tag-fr","14":"tag-france","15":"tag-news","16":"tag-normandie","17":"tag-republique-francaise","18":"tag-rouen","19":"tag-seine-maritime-76","20":"tag-societe"},"share_on_mastodon":{"url":"https:\/\/pubeurope.com\/@fr\/115010784815723884","error":""},"_links":{"self":[{"href":"https:\/\/www.europesays.com\/fr\/wp-json\/wp\/v2\/posts\/311854","targetHints":{"allow":["GET"]}}],"collection":[{"href":"https:\/\/www.europesays.com\/fr\/wp-json\/wp\/v2\/posts"}],"about":[{"href":"https:\/\/www.europesays.com\/fr\/wp-json\/wp\/v2\/types\/post"}],"author":[{"embeddable":true,"href":"https:\/\/www.europesays.com\/fr\/wp-json\/wp\/v2\/users\/2"}],"replies":[{"embeddable":true,"href":"https:\/\/www.europesays.com\/fr\/wp-json\/wp\/v2\/comments?post=311854"}],"version-history":[{"count":0,"href":"https:\/\/www.europesays.com\/fr\/wp-json\/wp\/v2\/posts\/311854\/revisions"}],"wp:featuredmedia":[{"embeddable":true,"href":"https:\/\/www.europesays.com\/fr\/wp-json\/wp\/v2\/media\/311855"}],"wp:attachment":[{"href":"https:\/\/www.europesays.com\/fr\/wp-json\/wp\/v2\/media?parent=311854"}],"wp:term":[{"taxonomy":"category","embeddable":true,"href":"https:\/\/www.europesays.com\/fr\/wp-json\/wp\/v2\/categories?post=311854"},{"taxonomy":"post_tag","embeddable":true,"href":"https:\/\/www.europesays.com\/fr\/wp-json\/wp\/v2\/tags?post=311854"}],"curies":[{"name":"wp","href":"https:\/\/api.w.org\/{rel}","templated":true}]}}