{"id":311856,"date":"2025-08-11T15:14:16","date_gmt":"2025-08-11T15:14:16","guid":{"rendered":"https:\/\/www.europesays.com\/fr\/311856\/"},"modified":"2025-08-11T15:14:16","modified_gmt":"2025-08-11T15:14:16","slug":"un-homme-menace-les-passagers-dun-bus-avec-une-lance-artisanale-de-90-centimetres","status":"publish","type":"post","link":"https:\/\/www.europesays.com\/fr\/311856\/","title":{"rendered":"Un homme menace les passagers d&rsquo;un bus avec une lance artisanale de 90 centim\u00e8tres"},"content":{"rendered":"<p>Un homme a fait irruption a bord d&rsquo;un bus de la m\u00e9tropole rouennaise avec une arme tranchante confectionn\u00e9e \u00e0 la main. L&rsquo;intervention rapide des agents du r\u00e9seau Astuce et de la Police Nationale a \u00e9vit\u00e9 le pire.<\/p>\n<p>\n      L\u2019actu des r\u00e9gions\n    <\/p>\n<p>\n      Chaque jour, un tour d\u2019horizon des principales infos de toutes les r\u00e9gions.\n    <\/p>\n<p>    France T\u00e9l\u00e9visions utilise votre adresse e-mail afin de vous envoyer la newsletter \u00ab\u00a0L\u2019actu des r\u00e9gions\u00a0\u00bb. Vous pouvez vous d\u00e9sinscrire \u00e0 tout moment via le lien en bas de cette newsletter. <a target=\"_blank\" href=\"https:\/\/www.francetelevisions.fr\/groupe\/confidentialite\/politique-de-confidentialite\/politique-de-confidentialite-de-france-televisions-6503\" rel=\"nofollow noopener\">Notre politique de confidentialit\u00e9<\/a><\/p>\n<p>La sc\u00e8ne se passe samedi 9 ao\u00fbt \u00e0 20 heures 55 \u00e0 un arr\u00eat de bus devant le th\u00e9\u00e2tre des Arts de Rouen. Un homme \u00e9tait mont\u00e9 \u00e0 bord en brandissant une lame fix\u00e9e au bout d&rsquo;un b\u00e2ton de 90 centim\u00e8tres.<\/p>\n<p>La Police a \u00e9t\u00e9 alert\u00e9e. Les agents du R\u00e9seau Astuce \u00e9taient sur place quand ils sont arriv\u00e9s. Ils avaient somm\u00e9 l&rsquo;individu de l\u00e2cher son arme artisanale. Il avait obtemp\u00e9r\u00e9.<\/p>\n<p>Cet homme tr\u00e8s agit\u00e9 est \u00e2g\u00e9 de 59 ans. Il \u00e9tait compl\u00e8tement ivre. Il a \u00e9t\u00e9 interpell\u00e9 par la Police rouennaise.\u00a0\u00a0<\/p>\n","protected":false},"excerpt":{"rendered":"Un homme a fait irruption a bord d&rsquo;un bus de la m\u00e9tropole rouennaise avec une arme tranchante confectionn\u00e9e&hellip;\n","protected":false},"author":2,"featured_media":311857,"comment_status":"","ping_status":"","sticky":false,"template":"","format":"standard","meta":{"footnotes":""},"categories":[9587],"tags":[1111,11,1777,674,1011,27,12,5161,25,9590],"class_list":{"0":"post-311856","1":"post","2":"type-post","3":"status-publish","4":"format-standard","5":"has-post-thumbnail","7":"category-rouen","8":"tag-actu","9":"tag-actualites","10":"tag-eu","11":"tag-europe","12":"tag-fr","13":"tag-france","14":"tag-news","15":"tag-normandie","16":"tag-republique-francaise","17":"tag-rouen"},"share_on_mastodon":{"url":"https:\/\/pubeurope.com\/@fr\/115010788599302721","error":""},"_links":{"self":[{"href":"https:\/\/www.europesays.com\/fr\/wp-json\/wp\/v2\/posts\/311856","targetHints":{"allow":["GET"]}}],"collection":[{"href":"https:\/\/www.europesays.com\/fr\/wp-json\/wp\/v2\/posts"}],"about":[{"href":"https:\/\/www.europesays.com\/fr\/wp-json\/wp\/v2\/types\/post"}],"author":[{"embeddable":true,"href":"https:\/\/www.europesays.com\/fr\/wp-json\/wp\/v2\/users\/2"}],"replies":[{"embeddable":true,"href":"https:\/\/www.europesays.com\/fr\/wp-json\/wp\/v2\/comments?post=311856"}],"version-history":[{"count":0,"href":"https:\/\/www.europesays.com\/fr\/wp-json\/wp\/v2\/posts\/311856\/revisions"}],"wp:featuredmedia":[{"embeddable":true,"href":"https:\/\/www.europesays.com\/fr\/wp-json\/wp\/v2\/media\/311857"}],"wp:attachment":[{"href":"https:\/\/www.europesays.com\/fr\/wp-json\/wp\/v2\/media?parent=311856"}],"wp:term":[{"taxonomy":"category","embeddable":true,"href":"https:\/\/www.europesays.com\/fr\/wp-json\/wp\/v2\/categories?post=311856"},{"taxonomy":"post_tag","embeddable":true,"href":"https:\/\/www.europesays.com\/fr\/wp-json\/wp\/v2\/tags?post=311856"}],"curies":[{"name":"wp","href":"https:\/\/api.w.org\/{rel}","templated":true}]}}