{"id":311858,"date":"2025-08-11T15:17:11","date_gmt":"2025-08-11T15:17:11","guid":{"rendered":"https:\/\/www.europesays.com\/fr\/311858\/"},"modified":"2025-08-11T15:17:11","modified_gmt":"2025-08-11T15:17:11","slug":"tristan-labouteley-vers-le-fc-grenoble","status":"publish","type":"post","link":"https:\/\/www.europesays.com\/fr\/311858\/","title":{"rendered":"Tristan Labouteley vers le FC Grenoble ?"},"content":{"rendered":"<p><strong>D\u2019apr\u00e8s nos confr\u00e8res du Midi Olympique, le FCG aurait trouv\u00e9 son deuxi\u00e8me ligne pour la saison prochaine en la personne de Tristan Labouteley. Une arriv\u00e9e sous forme de pr\u00eat qui renforcerait un effectif grenoblois qui s\u2019annonce comp\u00e9titif \u2026<\/strong><\/p>\n<p>Et si le feuilleton concernant l\u2019arriv\u00e9e d\u2019un deuxi\u00e8me ligne dans les Alpes prenait fin ? Apr\u00e8s les d\u00e9convenues concernant James Fender (probl\u00e8mes administratifs) et Janse Roux (qui a rejoint Lyon), Patrick P\u00e9zery et Nicolas Nadau devraient compter sur un renfort venu de Top 14. Avec 14 apparitions sous le maillot perpignanais la saison derni\u00e8re, Tristan Labouteley (30 ans, 2,02 m, 107 kg), devrait apporter toute son exp\u00e9rience et son talent \u00e0 l\u2019effectif is\u00e9rois. Une arriv\u00e9e sous forme de pr\u00eat la premi\u00e8re ann\u00e9e qui d\u00e9boucherait sur un contrat de deux ans, le liant au FCG jusqu\u2019en 2028. International fran\u00e7ais chez les jeunes et auteur de 170 matchs sous le maillot de l\u2019USAP, le deuxi\u00e8me ligne serait donc la cinqui\u00e8me recrue\u00a0grenobloise\u00a0!<\/p>\n<p>Retrouvez ci-dessous les recrues du FCG\u00a0:<\/p>\n<tr>\n<td width=\"151\"><strong>Nom et pr\u00e9nom<\/strong><\/td>\n<td width=\"151\"><strong>Age<\/strong><\/td>\n<td width=\"151\"><strong>Poste<\/strong><\/td>\n<td width=\"151\"><strong>Arriv\u00e9 en provenance de \u2026<\/strong><\/td>\n<\/tr>\n<tr>\n<td width=\"151\">Romain RUFFENACH<\/td>\n<td width=\"151\">30 ans<\/td>\n<td width=\"151\">Talonneur<\/td>\n<td width=\"151\">Pau<\/td>\n<\/tr>\n<tr>\n<td width=\"151\">Josh THOMPSON<\/td>\n<td width=\"151\">24 ans<\/td>\n<td width=\"151\">Deuxi\u00e8me ligne<\/td>\n<td width=\"151\">Western Force (AUS)<\/td>\n<\/tr>\n<tr>\n<td width=\"151\">Aur\u00e9lien CALLANDRET<\/td>\n<td width=\"151\">27 ans<\/td>\n<td width=\"151\">Ailier<\/td>\n<td width=\"151\">Bayonne<\/td>\n<\/tr>\n<tr>\n<td width=\"151\">Raffaele COSTA STORTI<\/td>\n<td width=\"151\">24 ans<\/td>\n<td width=\"151\">Ailier<\/td>\n<td width=\"151\">Stade Fran\u00e7ais<\/td>\n<\/tr>\n<tr>\n<td width=\"151\">Tristan LABOUTELEY<\/td>\n<td width=\"151\">30 ans<\/td>\n<td width=\"151\">Deuxi\u00e8me ligne<\/td>\n<td width=\"151\">Perpignan<\/td>\n<\/tr>\n<p>\n\tArticles similaires<\/p>\n","protected":false},"excerpt":{"rendered":"D\u2019apr\u00e8s nos confr\u00e8res du Midi Olympique, le FCG aurait trouv\u00e9 son deuxi\u00e8me ligne pour la saison prochaine en&hellip;\n","protected":false},"author":2,"featured_media":208192,"comment_status":"","ping_status":"","sticky":false,"template":"","format":"standard","meta":{"footnotes":""},"categories":[9566],"tags":[1111,11,2430,1777,674,1011,27,2731,12,25],"class_list":{"0":"post-311858","1":"post","2":"type-post","3":"status-publish","4":"format-standard","5":"has-post-thumbnail","7":"category-grenoble","8":"tag-actu","9":"tag-actualites","10":"tag-auvergne-rhone-alpes","11":"tag-eu","12":"tag-europe","13":"tag-fr","14":"tag-france","15":"tag-grenoble","16":"tag-news","17":"tag-republique-francaise"},"share_on_mastodon":{"url":"https:\/\/pubeurope.com\/@fr\/115010800466282665","error":""},"_links":{"self":[{"href":"https:\/\/www.europesays.com\/fr\/wp-json\/wp\/v2\/posts\/311858","targetHints":{"allow":["GET"]}}],"collection":[{"href":"https:\/\/www.europesays.com\/fr\/wp-json\/wp\/v2\/posts"}],"about":[{"href":"https:\/\/www.europesays.com\/fr\/wp-json\/wp\/v2\/types\/post"}],"author":[{"embeddable":true,"href":"https:\/\/www.europesays.com\/fr\/wp-json\/wp\/v2\/users\/2"}],"replies":[{"embeddable":true,"href":"https:\/\/www.europesays.com\/fr\/wp-json\/wp\/v2\/comments?post=311858"}],"version-history":[{"count":0,"href":"https:\/\/www.europesays.com\/fr\/wp-json\/wp\/v2\/posts\/311858\/revisions"}],"wp:featuredmedia":[{"embeddable":true,"href":"https:\/\/www.europesays.com\/fr\/wp-json\/wp\/v2\/media\/208192"}],"wp:attachment":[{"href":"https:\/\/www.europesays.com\/fr\/wp-json\/wp\/v2\/media?parent=311858"}],"wp:term":[{"taxonomy":"category","embeddable":true,"href":"https:\/\/www.europesays.com\/fr\/wp-json\/wp\/v2\/categories?post=311858"},{"taxonomy":"post_tag","embeddable":true,"href":"https:\/\/www.europesays.com\/fr\/wp-json\/wp\/v2\/tags?post=311858"}],"curies":[{"name":"wp","href":"https:\/\/api.w.org\/{rel}","templated":true}]}}