{"id":311859,"date":"2025-08-11T15:18:24","date_gmt":"2025-08-11T15:18:24","guid":{"rendered":"https:\/\/www.europesays.com\/fr\/311859\/"},"modified":"2025-08-11T15:18:24","modified_gmt":"2025-08-11T15:18:24","slug":"fortes-chaleurs-quelles-temperatures-sont-attendues-en-bretagne-ce-debut-de-semaine-france-3-regions","status":"publish","type":"post","link":"https:\/\/www.europesays.com\/fr\/311859\/","title":{"rendered":"Fortes chaleurs : quelles temp\u00e9ratures sont attendues en Bretagne ce d\u00e9but de semaine ? &#8211; France 3 R\u00e9gions"},"content":{"rendered":"<ol>\n<li><a href=\"https:\/\/news.google.com\/rss\/articles\/CBMi-gFBVV95cUxQLVNiTVh2ZEZKVG1YeTlFZHpuc2YyS0hPSG13SHEwMWwzbjAxWXNzVE0tVm9la2JPUGxlcjFoM1dqX2RPaHRsbE1GWlBpeWtpVzVfbWotSy1MVVN3amVWbGs1cUk3Yk9XekVZRXNIRUhhQlZacEFORXVYWE9sUUVGLTZnLVE0MlJmUzNUM2lnb3BDMC1pSzU3MjcyVFppdVliLTJyNHhCTUJ4WUUwYnZjNm1YZUQ4M0liamFxZWhGaFdNWm5leEN6N3JTR19TbERpa3lNT1FXMHN4Q3NmaW9vV1F4VzlNcDVpbDlxWTNyZkZaN1BWTnR6Rmhn?oc=5\" target=\"_blank\" rel=\"nofollow noopener\">Fortes chaleurs : quelles temp\u00e9ratures sont attendues en Bretagne ce d\u00e9but de semaine ?<\/a>&nbsp;&nbsp;France 3 R\u00e9gions<\/li>\n<li><a href=\"https:\/\/news.google.com\/rss\/articles\/CBMi2wFBVV95cUxNQy10aEZ5NFNScXZLUnQwLXhPSUZYNTlFXzV3SEhsYm5GSi1zeUJkbGtJeF9TcjZrSmdUSENXUm16Tmthc2hfbHpFaDVkTm85U3lzbmZyY085aFRsd1FGV3QxcExMclFCb1MzdktNNkRsdVhJeGxVYlNYbHhGdnYwMXc5Z2RFUHpSSUxiajRJeG1rOW14bWFDZlN3VEtndl9PUUlraDhnWW00OWdpa0Y2ZkJWR2k5dmRUdkpnZ1lUdHpxa2QzNnFaRUNoWEFYQTZURFBRYmNDN2hUdWM?oc=5\" target=\"_blank\" rel=\"nofollow noopener\">Pic de chaleur : le coin le plus frais de Bretagne, pr\u00e8s de Paimpol et Lannion<\/a>&nbsp;&nbsp;Le T\u00e9l\u00e9gramme<\/li>\n<li><a href=\"https:\/\/news.google.com\/rss\/articles\/CBMizgFBVV95cUxPMDIyQ1ktM2RJSFh3WGpIMEdwM1lWeC1OVzFYMFVWYnhwRnhDazJFak9YUlNxazZ6MHU3T1FjTm9taVBzYU0xUHQ0bnFyUV9KVjVOT0FvSXpJZkpoYWI0M0d4RnFVWTlHQUF5OXg4enlORk9vWUpwaEhjazl4TUlBcnZzc3hBcl9GVF9UY3VYc1NPNVpUYU5UYVpWV1psbzdmSkRQbnFBNS1IMml5UUtWLWJMZUZ4ZU5YQTgyM2djSkpmNnhocHFWVmtBYV9Fdw?oc=5\" target=\"_blank\" rel=\"nofollow noopener\">Pollution \u00e0 Rennes : avec la canicule, l&rsquo;indice de la qualit\u00e9 de l&rsquo;air vire au rouge<\/a>&nbsp;&nbsp;Actu.fr<\/li>\n<li><a href=\"https:\/\/news.google.com\/rss\/articles\/CBMilgFBVV95cUxOVWhsamdKN2k5dW5qQmtiaHpNMWFVTjYyV01TTG5Yd2RrNWZZSjZXSlU3ckRSRFJFVzZDQUNMR2JLYjZmM1Q3MWlIOHJBb3lNMWJIWlk2QXF0SVd0dGdoYVhLMVladkhlSWk2TXZySGd4TzE2R2x0TS1tMUN1SktlOE4yTjhXZ2NaSW5wc0NEZU5UdFAtMEE?oc=5\" target=\"_blank\" rel=\"nofollow noopener\">Pr\u00e9visions m\u00e9t\u00e9o du lundi 11 ao\u00fbt 2025 \u00e0 Rennes<\/a>&nbsp;&nbsp;20 Minutes<\/li>\n<\/ol>\n","protected":false},"excerpt":{"rendered":"Fortes chaleurs : quelles temp\u00e9ratures sont attendues en Bretagne ce d\u00e9but de semaine ?&nbsp;&nbsp;France 3 R\u00e9gions Pic de&hellip;\n","protected":false},"author":2,"featured_media":1445,"comment_status":"","ping_status":"","sticky":false,"template":"","format":"standard","meta":{"footnotes":""},"categories":[2821],"tags":[1111,11,829,1777,674,1011,27,12,584,25],"class_list":{"0":"post-311859","1":"post","2":"type-post","3":"status-publish","4":"format-standard","5":"has-post-thumbnail","7":"category-rennes","8":"tag-actu","9":"tag-actualites","10":"tag-bretagne","11":"tag-eu","12":"tag-europe","13":"tag-fr","14":"tag-france","15":"tag-news","16":"tag-rennes","17":"tag-republique-francaise"},"share_on_mastodon":{"url":"https:\/\/pubeurope.com\/@fr\/115010804362647504","error":""},"_links":{"self":[{"href":"https:\/\/www.europesays.com\/fr\/wp-json\/wp\/v2\/posts\/311859","targetHints":{"allow":["GET"]}}],"collection":[{"href":"https:\/\/www.europesays.com\/fr\/wp-json\/wp\/v2\/posts"}],"about":[{"href":"https:\/\/www.europesays.com\/fr\/wp-json\/wp\/v2\/types\/post"}],"author":[{"embeddable":true,"href":"https:\/\/www.europesays.com\/fr\/wp-json\/wp\/v2\/users\/2"}],"replies":[{"embeddable":true,"href":"https:\/\/www.europesays.com\/fr\/wp-json\/wp\/v2\/comments?post=311859"}],"version-history":[{"count":0,"href":"https:\/\/www.europesays.com\/fr\/wp-json\/wp\/v2\/posts\/311859\/revisions"}],"wp:featuredmedia":[{"embeddable":true,"href":"https:\/\/www.europesays.com\/fr\/wp-json\/wp\/v2\/media\/1445"}],"wp:attachment":[{"href":"https:\/\/www.europesays.com\/fr\/wp-json\/wp\/v2\/media?parent=311859"}],"wp:term":[{"taxonomy":"category","embeddable":true,"href":"https:\/\/www.europesays.com\/fr\/wp-json\/wp\/v2\/categories?post=311859"},{"taxonomy":"post_tag","embeddable":true,"href":"https:\/\/www.europesays.com\/fr\/wp-json\/wp\/v2\/tags?post=311859"}],"curies":[{"name":"wp","href":"https:\/\/api.w.org\/{rel}","templated":true}]}}