{"id":311860,"date":"2025-08-11T15:19:12","date_gmt":"2025-08-11T15:19:12","guid":{"rendered":"https:\/\/www.europesays.com\/fr\/311860\/"},"modified":"2025-08-11T15:19:12","modified_gmt":"2025-08-11T15:19:12","slug":"qui-est-virginie-valentin-nouvelle-directrice-du-chu-de-rennes","status":"publish","type":"post","link":"https:\/\/www.europesays.com\/fr\/311860\/","title":{"rendered":"Qui est Virginie Valentin, nouvelle directrice du CHU de Rennes"},"content":{"rendered":"<p>Virginie Valentin a \u00e9t\u00e9 nomm\u00e9e directrice g\u00e9n\u00e9rale du CHU de Rennes. Le d\u00e9cret de sa nomination est paru jeudi 7 ao\u00fbt 2025 au journal officiel. <a href=\"https:\/\/www.letelegramme.fr\/ille-et-vilaine\/rennes-35000\/apres-dix-ans-a-la-tete-du-chu-de-rennes-la-directrice-veronique-anatole-sur-le-depart-6799840.php\" target=\"_blank\" rel=\"nofollow noopener\">Elle succ\u00e8de \u00e0 V\u00e9ronique Anatole-Touzet<\/a>, nomm\u00e9e en mai dernier, au coll\u00e8ge de la Haute autorit\u00e9 de sant\u00e9.<\/p>\n<p>\u00c0 51 ans, Virginie Valentin conna\u00eet la Bretagne. C\u2019est en \u00e9tudiant \u00e0 l\u2019Ecole des hautes \u00e9tudes de sant\u00e9 publique (EHESP) de Rennes entre 1996 et 1998 qu\u2019elle a commenc\u00e9 son parcours dans la fonction hospitali\u00e8re. \u00c0 sa sortie d\u2019\u00e9cole, elle a \u00e9t\u00e9 nomm\u00e9e directrice des syst\u00e8mes d\u2018\u00a0information, de l\u2019organisation et de la communication au CH Bretagne-Sud \u00e0 Lorient (Morbihan).<\/p>\n<p>Ensuite, elle a exerc\u00e9 aux CHU de Bordeaux (Gironde), comme secr\u00e9taire g\u00e9n\u00e9rale et directrice de la strat\u00e9gie, des coop\u00e9rations et du d\u00e9veloppement durable. Elle a ensuite \u00e9t\u00e9 nomm\u00e9e au CHU de Montpellier (H\u00e9rault), \u00e0 la t\u00eate de la direction des ressources humaines et de la formation.<\/p>\n<p>Depuis 2021, Virginie Valentin a occup\u00e9 le poste de directrice g\u00e9n\u00e9rale adjointe des Hospices civils de Lyon (HCL, Rh\u00f4ne) en charge de la strat\u00e9gie. Dans ce m\u00eame poste, elle a \u00e9galement assur\u00e9 l\u2018\u00a0int\u00e9rim de la direction g\u00e9n\u00e9rale entre 2023 et 2024. Le directeur \u00e9tant devenu le directeur de cabinet de l\u2019\u00e9ph\u00e9m\u00e8re ministre de la sant\u00e9, Aur\u00e9lien Rousseau.<\/p>\n","protected":false},"excerpt":{"rendered":"Virginie Valentin a \u00e9t\u00e9 nomm\u00e9e directrice g\u00e9n\u00e9rale du CHU de Rennes. Le d\u00e9cret de sa nomination est paru&hellip;\n","protected":false},"author":2,"featured_media":311861,"comment_status":"","ping_status":"","sticky":false,"template":"","format":"standard","meta":{"footnotes":""},"categories":[2821],"tags":[1111,11,829,765,1777,674,1011,27,12,584,25],"class_list":{"0":"post-311860","1":"post","2":"type-post","3":"status-publish","4":"format-standard","5":"has-post-thumbnail","7":"category-rennes","8":"tag-actu","9":"tag-actualites","10":"tag-bretagne","11":"tag-en-continu","12":"tag-eu","13":"tag-europe","14":"tag-fr","15":"tag-france","16":"tag-news","17":"tag-rennes","18":"tag-republique-francaise"},"share_on_mastodon":{"url":"https:\/\/pubeurope.com\/@fr\/115010808316497373","error":""},"_links":{"self":[{"href":"https:\/\/www.europesays.com\/fr\/wp-json\/wp\/v2\/posts\/311860","targetHints":{"allow":["GET"]}}],"collection":[{"href":"https:\/\/www.europesays.com\/fr\/wp-json\/wp\/v2\/posts"}],"about":[{"href":"https:\/\/www.europesays.com\/fr\/wp-json\/wp\/v2\/types\/post"}],"author":[{"embeddable":true,"href":"https:\/\/www.europesays.com\/fr\/wp-json\/wp\/v2\/users\/2"}],"replies":[{"embeddable":true,"href":"https:\/\/www.europesays.com\/fr\/wp-json\/wp\/v2\/comments?post=311860"}],"version-history":[{"count":0,"href":"https:\/\/www.europesays.com\/fr\/wp-json\/wp\/v2\/posts\/311860\/revisions"}],"wp:featuredmedia":[{"embeddable":true,"href":"https:\/\/www.europesays.com\/fr\/wp-json\/wp\/v2\/media\/311861"}],"wp:attachment":[{"href":"https:\/\/www.europesays.com\/fr\/wp-json\/wp\/v2\/media?parent=311860"}],"wp:term":[{"taxonomy":"category","embeddable":true,"href":"https:\/\/www.europesays.com\/fr\/wp-json\/wp\/v2\/categories?post=311860"},{"taxonomy":"post_tag","embeddable":true,"href":"https:\/\/www.europesays.com\/fr\/wp-json\/wp\/v2\/tags?post=311860"}],"curies":[{"name":"wp","href":"https:\/\/api.w.org\/{rel}","templated":true}]}}