{"id":311864,"date":"2025-08-11T15:21:09","date_gmt":"2025-08-11T15:21:09","guid":{"rendered":"https:\/\/www.europesays.com\/fr\/311864\/"},"modified":"2025-08-11T15:21:09","modified_gmt":"2025-08-11T15:21:09","slug":"strasbourg-cap-21-alerte-sur-les-impacts-locaux-de-la-loi-duplomb","status":"publish","type":"post","link":"https:\/\/www.europesays.com\/fr\/311864\/","title":{"rendered":"Strasbourg. CAP 21 alerte sur les impacts locaux de la loi Duplomb"},"content":{"rendered":"<p>R\u00e9agissant \u00e0 <a href=\"https:\/\/www.dna.fr\/politique\/2025\/08\/08\/loi-duplomb-quelle-est-cette-charte-de-l-environnement-invoquee-par-le-conseil-constitutionnel\" target=\"_blank\" rel=\"nofollow noopener\">la d\u00e9cision du Conseil constitutionnel<\/a> du 7\u00a0ao\u00fbt concernant la loi Duplomb, Chantal Cutajar, pr\u00e9sidente de CAP 21 \u2013 Le Rassemblement Citoyen, salue la censure de <a href=\"https:\/\/www.dna.fr\/environnement\/2025\/08\/08\/un-nouveau-texte-pour-reintroduire-l-acetamipride-laurent-duplomb-ne-l-exclut-pas\" target=\"_blank\" rel=\"nofollow noopener\">la r\u00e9introduction des n\u00e9onicotino\u00efdes<\/a> , mais d\u00e9nonce \u00ab\u00a0l\u2019essentiel du texte valid\u00e9\u00a0\u00bb qui affaiblit, selon elle, \u00ab\u00a0la protection du vivant, l\u2019accompagnement du monde agricole et le d\u00e9bat d\u00e9mocratique\u00a0\u00bb.<\/p>\n<p>Dans l\u2019Eurom\u00e9tropole de Strasbourg, CAP 21 craint pour l\u2019ind\u00e9pendance du conseil agricole, la transparence sur l\u2019usage des pesticides, le droit \u00e0 l\u2019information des habitants et la capacit\u00e9 des collectivit\u00e9s \u00e0 encadrer l\u2019agriculture intensive.<\/p>\n<p>Ce contenu est bloqu\u00e9 car vous n&rsquo;avez pas accept\u00e9 les cookies et autres traceurs.<\/p>\n<p>En cliquant sur \u00ab J\u2019accepte \u00bb, les cookies et autres traceurs seront d\u00e9pos\u00e9s et vous pourrez visualiser les contenus  (<a href=\"\" class=\"consentModule_policy\" target=\"_blank\" title=\"Consulter la politique de protection des donn\u00e9es du fournisseur\">plus d&rsquo;informations<\/a>).<\/p>\n<p>En cliquant sur \u00ab J\u2019accepte tous les cookies \u00bb, vous autorisez des d\u00e9p\u00f4ts de cookies et autres traceurs pour le stockage de vos donn\u00e9es sur nos sites et applications \u00e0 des fins de personnalisation et de ciblage publicitaire.<\/p>\n<p class=\"consentModule_secondaryText\">Vous gardez la possibilit\u00e9 de retirer votre consentement \u00e0 tout moment en consultant notre <a href=\"https:\/\/www.dna.fr\/protection-des-donnees\" target=\"_blank\" title=\"Consulter notre politique de protection des donn\u00e9es\" rel=\"nofollow noopener\">politique de protection des donn\u00e9es<\/a>. <br \/>&#13;<br \/>\n            <a href=\"https:\/\/www.dna.fr\/politique\/2025\/08\/11\/javascript:Didomi.notice.show()\" class=\"consentModule_cmp\" rel=\"nofollow noopener\" target=\"_blank\">G\u00e9rer mes choix<\/a>&#13;\n        <\/p>\n<p>&#13;<br \/>\n                        J&rsquo;accepte&#13;<br \/>\n            J&rsquo;accepte tous les cookies&#13;\n        <\/p>\n<p>\u00c0 l\u2019approche des municipales de 2026, le mouvement appelle \u00e0 \u00ab\u00a0un d\u00e9bat local sur la pr\u00e9servation de l\u2019eau, de la terre et du vivant\u00a0\u00bb et \u00e0 un mod\u00e8le agricole \u00ab\u00a0sobre, \u00e9quitable et respectueux du vivant\u00a0\u00bb. \u00ab\u00a0Les agriculteurs veulent vivre dignement de leur travail, cette exigence sociale est indissociable de la transition \u00e9cologique et d\u00e9mocratique\u00a0\u00bb, insiste Chantal Cutajar.<\/p>\n","protected":false},"excerpt":{"rendered":"R\u00e9agissant \u00e0 la d\u00e9cision du Conseil constitutionnel du 7\u00a0ao\u00fbt concernant la loi Duplomb, Chantal Cutajar, pr\u00e9sidente de CAP&hellip;\n","protected":false},"author":2,"featured_media":311865,"comment_status":"","ping_status":"","sticky":false,"template":"","format":"standard","meta":{"footnotes":""},"categories":[2820],"tags":[1111,11,1984,2880,1777,674,107,1011,27,775,12,316,25,640,2879],"class_list":{"0":"post-311864","1":"post","2":"type-post","3":"status-publish","4":"format-standard","5":"has-post-thumbnail","7":"category-strasbourg","8":"tag-actu","9":"tag-actualites","10":"tag-conseil-municipal","11":"tag-edition-strasbourg","12":"tag-eu","13":"tag-europe","14":"tag-fil-info","15":"tag-fr","16":"tag-france","17":"tag-grand-est","18":"tag-news","19":"tag-politique","20":"tag-republique-francaise","21":"tag-strasbourg","22":"tag-strasbourg-ville"},"share_on_mastodon":{"url":"https:\/\/pubeurope.com\/@fr\/115010816159786404","error":""},"_links":{"self":[{"href":"https:\/\/www.europesays.com\/fr\/wp-json\/wp\/v2\/posts\/311864","targetHints":{"allow":["GET"]}}],"collection":[{"href":"https:\/\/www.europesays.com\/fr\/wp-json\/wp\/v2\/posts"}],"about":[{"href":"https:\/\/www.europesays.com\/fr\/wp-json\/wp\/v2\/types\/post"}],"author":[{"embeddable":true,"href":"https:\/\/www.europesays.com\/fr\/wp-json\/wp\/v2\/users\/2"}],"replies":[{"embeddable":true,"href":"https:\/\/www.europesays.com\/fr\/wp-json\/wp\/v2\/comments?post=311864"}],"version-history":[{"count":0,"href":"https:\/\/www.europesays.com\/fr\/wp-json\/wp\/v2\/posts\/311864\/revisions"}],"wp:featuredmedia":[{"embeddable":true,"href":"https:\/\/www.europesays.com\/fr\/wp-json\/wp\/v2\/media\/311865"}],"wp:attachment":[{"href":"https:\/\/www.europesays.com\/fr\/wp-json\/wp\/v2\/media?parent=311864"}],"wp:term":[{"taxonomy":"category","embeddable":true,"href":"https:\/\/www.europesays.com\/fr\/wp-json\/wp\/v2\/categories?post=311864"},{"taxonomy":"post_tag","embeddable":true,"href":"https:\/\/www.europesays.com\/fr\/wp-json\/wp\/v2\/tags?post=311864"}],"curies":[{"name":"wp","href":"https:\/\/api.w.org\/{rel}","templated":true}]}}