{"id":311870,"date":"2025-08-11T15:24:43","date_gmt":"2025-08-11T15:24:43","guid":{"rendered":"https:\/\/www.europesays.com\/fr\/311870\/"},"modified":"2025-08-11T15:24:43","modified_gmt":"2025-08-11T15:24:43","slug":"saint-sebastien-sur-loire-loire-cool-enquetes-sur-contes-le-13-aout-2","status":"publish","type":"post","link":"https:\/\/www.europesays.com\/fr\/311870\/","title":{"rendered":"Saint-S\u00e9bastien-sur-Loire. Loire Cool\u00a0: enqu\u00eates sur contes le 13\u00a0ao\u00fbt"},"content":{"rendered":"<p>Dans le cadre des animations \u00ab\u00a0la \u00ab\u00a0Loire Cool\u00a0\u00bb, Francis et Martine deux com\u00e9diens de la Compagnie \u00ab\u00a0Les ar\u00eates du biftek\u00a0\u00bb sont les animateurs d\u2019une radio compl\u00e8tement d\u00e9jant\u00e9e, le temps d\u2019une soir\u00e9e, mercredi 13\u00a0ao\u00fbt.<\/p>\n<p>Quelles questions le public posera-t-il\u00a0?<\/p>\n<p>Dans leur \u00e9mission en enqu\u00eateurs un peu sp\u00e9ciaux, ils r\u00e9pondent aux questions du public\u00a0: Pourquoi le Chat bott\u00e9 ne porte-t-il pas des tongs\u00a0? Blanche-Neige aimait-elle le ping-pong\u00a0? Pourquoi Peter Pan a-t-il mauvaise haleine\u00a0?<\/p>\n<p>Et probablement encore bien des meilleures questions \u00e0 venir.<\/p>\n<p>Spectacle le mercredi 13\u00a0ao\u00fbt \u00e0 18\u00a0h\u00a030 sur l\u2019\u00eele Forget. Acc\u00e8s libre, tout public Dur\u00e9e 45\u00a0minutes.<\/p>\n<p>\u00a0<\/p>\n","protected":false},"excerpt":{"rendered":"Dans le cadre des animations \u00ab\u00a0la \u00ab\u00a0Loire Cool\u00a0\u00bb, Francis et Martine deux com\u00e9diens de la Compagnie \u00ab\u00a0Les ar\u00eates&hellip;\n","protected":false},"author":2,"featured_media":311027,"comment_status":"","ping_status":"","sticky":false,"template":"","format":"standard","meta":{"footnotes":""},"categories":[2818],"tags":[18876,1111,11,2863,13435,45108,3695,1777,674,1011,27,3367,766,12,2636,25,3524],"class_list":{"0":"post-311870","1":"post","2":"type-post","3":"status-publish","4":"format-standard","5":"has-post-thumbnail","7":"category-nantes","8":"tag-18876","9":"tag-actu","10":"tag-actualites","11":"tag-aout","12":"tag-contes","13":"tag-cool","14":"tag-enquetes","15":"tag-eu","16":"tag-europe","17":"tag-fr","18":"tag-france","19":"tag-loire","20":"tag-nantes","21":"tag-news","22":"tag-pays-de-la-loire","23":"tag-republique-francaise","24":"tag-saint-sebastien-sur-loire"},"share_on_mastodon":{"url":"https:\/\/pubeurope.com\/@fr\/115010827998534367","error":""},"_links":{"self":[{"href":"https:\/\/www.europesays.com\/fr\/wp-json\/wp\/v2\/posts\/311870","targetHints":{"allow":["GET"]}}],"collection":[{"href":"https:\/\/www.europesays.com\/fr\/wp-json\/wp\/v2\/posts"}],"about":[{"href":"https:\/\/www.europesays.com\/fr\/wp-json\/wp\/v2\/types\/post"}],"author":[{"embeddable":true,"href":"https:\/\/www.europesays.com\/fr\/wp-json\/wp\/v2\/users\/2"}],"replies":[{"embeddable":true,"href":"https:\/\/www.europesays.com\/fr\/wp-json\/wp\/v2\/comments?post=311870"}],"version-history":[{"count":0,"href":"https:\/\/www.europesays.com\/fr\/wp-json\/wp\/v2\/posts\/311870\/revisions"}],"wp:featuredmedia":[{"embeddable":true,"href":"https:\/\/www.europesays.com\/fr\/wp-json\/wp\/v2\/media\/311027"}],"wp:attachment":[{"href":"https:\/\/www.europesays.com\/fr\/wp-json\/wp\/v2\/media?parent=311870"}],"wp:term":[{"taxonomy":"category","embeddable":true,"href":"https:\/\/www.europesays.com\/fr\/wp-json\/wp\/v2\/categories?post=311870"},{"taxonomy":"post_tag","embeddable":true,"href":"https:\/\/www.europesays.com\/fr\/wp-json\/wp\/v2\/tags?post=311870"}],"curies":[{"name":"wp","href":"https:\/\/api.w.org\/{rel}","templated":true}]}}