{"id":311873,"date":"2025-08-11T15:26:11","date_gmt":"2025-08-11T15:26:11","guid":{"rendered":"https:\/\/www.europesays.com\/fr\/311873\/"},"modified":"2025-08-11T15:26:11","modified_gmt":"2025-08-11T15:26:11","slug":"bordeaux-bat-son-record-absolu-de-chaleur-et-un-village-de-gironde-decroche-la-valeur-la-plus-chaude-en-france","status":"publish","type":"post","link":"https:\/\/www.europesays.com\/fr\/311873\/","title":{"rendered":"Bordeaux bat son record absolu de chaleur et un village de Gironde d\u00e9croche la valeur la plus chaude en France"},"content":{"rendered":"<p>            Par<br \/>\n        <strong><br \/>\n            <a href=\"https:\/\/actu.fr\/auteur\/sports33\" title=\"Consulter tous les articles de Nicolas Gosselin\" target=\"_blank\" rel=\"noopener\">Nicolas Gosselin<\/a><br \/>\n        <\/strong><\/p>\n<p>        Publi\u00e9 le<\/p>\n<p>            11 ao\u00fbt 2025 \u00e0 17h16        <\/p>\n<p><a href=\"https:\/\/actu.fr\/tag\/meteo-france\" target=\"_blank\" rel=\"noopener\">M\u00e9t\u00e9o France<\/a> avait plac\u00e9 la Gironde en <a href=\"https:\/\/actu.fr\/nouvelle-aquitaine\/bordeaux_33063\/canicule-la-gironde-bascule-en-vigilance-rouge-les-temperatures-vont-depasser-les-40-degres_63020059.html\" target=\"_blank\" rel=\"noopener\">vigilance rouge pour canicule<\/a>, ce lundi 11 ao\u00fbt 2025, et les pr\u00e9visions \u00e9taient justes. La chaleur a assomm\u00e9 le d\u00e9partement avec <strong>des records absolus atteints<\/strong>, y compris \u00e0 Bordeaux. Mieux (ou pire), une commune du Sud-Gironde a m\u00eame obtenu <strong>la valeur la plus chaude<\/strong> de la journ\u00e9e enregistr\u00e9e <strong>dans tout l\u2019Hexagone<\/strong>\u2026<\/p>\n<p class=\" wall-content\">Dans la capitale girondine, le thermom\u00e8tre a atteint les <strong>41,6 degr\u00e9s \u00e0 15h30<\/strong>, battant l\u2019ancien record du 23 juillet 2019 (41,2 degr\u00e9s).<\/p>\n<p>Captieux, commune fran\u00e7aise la plus chaude du jour<\/p>\n<p class=\" wall-content\">Bordeaux n\u2019est pas un cas \u00e0 part dans le Sud-Ouest puisque <a href=\"https:\/\/actu.fr\/nouvelle-aquitaine\/captieux_33095\" target=\"_blank\" rel=\"noopener\">le village de Captieux<\/a>, bas\u00e9 en Sud-Gironde, \u00e0 la fronti\u00e8re avec les Landes, a d\u00e9croch\u00e9 la valeur la plus chaude enregistr\u00e9e dans tout l\u2019Hexagone avec <strong>42,9 degr\u00e9s<\/strong> !<\/p>\n<p class=\" wall-content\">\n<p class=\" wall-content\">Autre exemple \u00e0 une heure de route de Bordeaux : le thermom\u00e8tre a atteint <strong>41,4 degr\u00e9s \u00e0 Bergerac<\/strong>, en Dordogne. Un autre record absolu.<\/p>\n<p class=\" wall-content\">Heureusement, la chaleur devrait l\u00e9g\u00e8rement s\u2019att\u00e9nuer d\u00e8s ce mardi et <a href=\"https:\/\/actu.fr\/nouvelle-aquitaine\/bordeaux_33063\/en-plus-de-la-vigilance-rouge-pour-canicule-meteo-france-place-la-gironde-en-alerte-pour-les-orages_63021533.html\" target=\"_blank\" rel=\"noopener\">la Gironde devrait passer de vigilance rouge \u00e0 vigilance orange<\/a>.<\/p>\n<p class=\" wall-content\">Suivez toute l\u2019actualit\u00e9 de vos villes et m\u00e9dias favoris en vous inscrivant \u00e0 <a href=\"https:\/\/moncompte.actu.fr\" title=\"D\u00e9couvez Mon Actu\" rel=\"nofollow noopener\" data-trk=\"{&quot;cta&quot;:{&quot;action&quot;:&quot;https:\\\/\\\/moncompte.actu.fr&quot;,&quot;category&quot;:&quot;mon compte&quot;,&quot;from&quot;:&quot;article footer&quot;,&quot;name&quot;:&quot;Mon actu&quot;,&quot;type&quot;:&quot;cta&quot;}}\" target=\"_blank\">Mon Actu<\/a>.<\/p>\n","protected":false},"excerpt":{"rendered":"Par Nicolas Gosselin Publi\u00e9 le 11 ao\u00fbt 2025 \u00e0 17h16 M\u00e9t\u00e9o France avait plac\u00e9 la Gironde en vigilance&hellip;\n","protected":false},"author":2,"featured_media":288979,"comment_status":"","ping_status":"","sticky":false,"template":"","format":"standard","meta":{"footnotes":""},"categories":[2817],"tags":[1111,11,1997,6698,1777,674,1011,27,2487,2357,12,2219,25],"class_list":{"0":"post-311873","1":"post","2":"type-post","3":"status-publish","4":"format-standard","5":"has-post-thumbnail","7":"category-bordeaux","8":"tag-actu","9":"tag-actualites","10":"tag-bordeaux","11":"tag-canicule","12":"tag-eu","13":"tag-europe","14":"tag-fr","15":"tag-france","16":"tag-meteo","17":"tag-meteo-france","18":"tag-news","19":"tag-nouvelle-aquitaine","20":"tag-republique-francaise"},"share_on_mastodon":{"url":"https:\/\/pubeurope.com\/@fr\/115010835887498034","error":""},"_links":{"self":[{"href":"https:\/\/www.europesays.com\/fr\/wp-json\/wp\/v2\/posts\/311873","targetHints":{"allow":["GET"]}}],"collection":[{"href":"https:\/\/www.europesays.com\/fr\/wp-json\/wp\/v2\/posts"}],"about":[{"href":"https:\/\/www.europesays.com\/fr\/wp-json\/wp\/v2\/types\/post"}],"author":[{"embeddable":true,"href":"https:\/\/www.europesays.com\/fr\/wp-json\/wp\/v2\/users\/2"}],"replies":[{"embeddable":true,"href":"https:\/\/www.europesays.com\/fr\/wp-json\/wp\/v2\/comments?post=311873"}],"version-history":[{"count":0,"href":"https:\/\/www.europesays.com\/fr\/wp-json\/wp\/v2\/posts\/311873\/revisions"}],"wp:featuredmedia":[{"embeddable":true,"href":"https:\/\/www.europesays.com\/fr\/wp-json\/wp\/v2\/media\/288979"}],"wp:attachment":[{"href":"https:\/\/www.europesays.com\/fr\/wp-json\/wp\/v2\/media?parent=311873"}],"wp:term":[{"taxonomy":"category","embeddable":true,"href":"https:\/\/www.europesays.com\/fr\/wp-json\/wp\/v2\/categories?post=311873"},{"taxonomy":"post_tag","embeddable":true,"href":"https:\/\/www.europesays.com\/fr\/wp-json\/wp\/v2\/tags?post=311873"}],"curies":[{"name":"wp","href":"https:\/\/api.w.org\/{rel}","templated":true}]}}