{"id":311876,"date":"2025-08-11T15:28:10","date_gmt":"2025-08-11T15:28:10","guid":{"rendered":"https:\/\/www.europesays.com\/fr\/311876\/"},"modified":"2025-08-11T15:28:10","modified_gmt":"2025-08-11T15:28:10","slug":"les-eveques-de-france-invitent-a-reconsiderer-cette-decision","status":"publish","type":"post","link":"https:\/\/www.europesays.com\/fr\/311876\/","title":{"rendered":"les \u00e9v\u00eaques de France invitent \u00e0 \u00ab\u00a0reconsid\u00e9rer\u00a0\u00bb cette d\u00e9cision"},"content":{"rendered":"<p>            Par<br \/>\n        <strong><br \/>\n            <a href=\"https:\/\/actu.fr\/auteur\/anaelle-montagne\" title=\"Consulter tous les articles de Anaelle Montagne\" rel=\"nofollow noopener\" target=\"_blank\">Anaelle Montagne<\/a><br \/>\n        <\/strong><\/p>\n<p>        Publi\u00e9 le<\/p>\n<p>            11 ao\u00fbt 2025 \u00e0 16h25        <\/p>\n<p>Les \u00e9v\u00eaques de France souhaitent que l\u2019archev\u00eaque de Toulouse, Guy de Kerimel, revienne sur sa d\u00e9cision de <a href=\"https:\/\/actu.fr\/occitanie\/toulouse_31555\/un-pretre-condamne-pour-viol-sur-mineur-en-2006-nomme-chancelier-par-le-diocese-de-toulouse-qui-se-justifie_62877658.html\" rel=\"nofollow noopener\" target=\"_blank\">promouvoir le p\u00e8re Dominique Spina<\/a>, un pr\u00eatre <strong>condamn\u00e9 pour viol sur mineur<\/strong> en 2006. Ils estiment que cette nomination ne peut que \u00ab\u00a0raviver des blessures\u00a0\u00bb et \u00ab\u00a0d\u00e9concerter\u00a0\u00bb les fid\u00e8les.<\/p>\n<p class=\" wall-content\">D\u00e9but juin 2025, l\u2019archev\u00eaque de Toulouse, Guy de Kerimel, a lanc\u00e9 <strong>une vive pol\u00e9mique<\/strong> dans un pays d\u00e9j\u00e0 scandalis\u00e9 par des r\u00e9v\u00e9lations de crimes p\u00e9dophiles dans l\u2019\u00c9glise, en nommant au poste de chancelier le pr\u00eatre Dominique Spina, condamn\u00e9 en 2006 \u00e0 cinq ans de prison dont un avec sursis pour <strong>le viol d\u2019un lyc\u00e9en de 16 ans<\/strong> en 1993 et \u00e9l\u00e8ve de Notre-Dame de B\u00e9tharram.<\/p>\n<p class=\" wall-content\"><strong>L\u2019ancien cur\u00e9 de Fronton<\/strong> \u00e9tait jusqu\u2019ici vice-chancelier du dioc\u00e8se de Toulouse, et a \u00e9t\u00e9 nomm\u00e9 chancelier et d\u00e9l\u00e9gu\u00e9 \u00e9piscopal aux mariages. De quoi cr\u00e9er <a href=\"https:\/\/actu.fr\/occitanie\/toulouse_31555\/toulouse-inacceptable-reactions-indignees-apres-la-promotion-d-un-pretre-condamne-pour-viol-sur-mineur_62907452.html\" rel=\"nofollow noopener\" target=\"_blank\">un v\u00e9ritable soul\u00e8vement<\/a> dans la sph\u00e8re chr\u00e9tienne et au-del\u00e0. Et les \u00e9v\u00eaques de France ne sont pas en reste.<\/p>\n<p>L\u2019archev\u00eaque de Toulouse invit\u00e9 \u00e0 reconsid\u00e9rer sa d\u00e9cision<\/p>\n<p class=\" wall-content\">\u00ab\u00a0Nous avons engag\u00e9 un dialogue constructif avec Mgr Guy de Kerimel, l\u2019invitant \u00e0 reconsid\u00e9rer la d\u00e9cision qu\u2019il avait pris quant \u00e0 la nomination du chancelier de son dioc\u00e8se\u00a0\u00bb, indiquait, ce dimanche 10 ao\u00fbt 2025, la pr\u00e9sidence de la Conf\u00e9rence des \u00e9v\u00eaques de France dans un communiqu\u00e9.<\/p>\n<p class=\" wall-content\">\u00ab\u00a0En effet, une telle nomination \u00e0 un poste aussi important, canoniquement et symboliquement, <strong>ne peut que raviver des blessures<\/strong>, r\u00e9veiller des soup\u00e7ons et d\u00e9concerter le peuple de Dieu\u00a0\u00bb, souligne l\u2019organisation.<\/p>\n<p>Vid\u00e9os : en ce moment sur ActuIl plaide la mis\u00e9ricorde<\/p>\n<p class=\" wall-content\">L\u2019archev\u00eaque a expliqu\u00e9 avoir<strong> \u00ab\u00a0pris le parti de la mis\u00e9ricorde\u00a0\u00bb<\/strong> pour nommer ce pr\u00eatre \u00e0 qui il n\u2019a<strong> \u00ab\u00a0rien \u00e0 reprocher\u00a0\u00bb<\/strong> dans une \u00ab\u00a0fonction administrative\u00a0\u00bb : le chancelier \u00e9tablit les actes administratifs et a un r\u00f4le de conseil.<\/p>\n<p class=\" wall-content\">Une d\u00e9cision qui a suscit\u00e9 l\u2019incompr\u00e9hension. En r\u00e9action, plusieurs collectifs de victimes d\u2019\u00e9tablissements catholiques, dont celui de <a href=\"https:\/\/actu.fr\/faits-divers\/betharram-francois-bayrou-en-cause-monstruosites-les-conclusions-de-la-commission-d-enquete_62854930.html\" rel=\"nofollow noopener\" target=\"_blank\">Notre-Dame de B\u00e9tharram<\/a>, ont fait part de leur \u00ab\u00a0col\u00e8re\u00a0\u00bb face \u00e0 une situation \u00ab\u00a0inacceptable\u00a0\u00bb.<\/p>\n<p>Regarder les faits du point de vue des victimes<\/p>\n<p class=\" wall-content\">\u00ab\u00a0Nous avons appris \u00e0 regarder ces faits d\u2019abord du point de vue des personnes qui en ont \u00e9t\u00e9 les victimes et qui en subissent les cons\u00e9quences \u00e0 longueur de vie. Ce d\u00e9placement du regard, l\u2019\u00e9coute bouleversante de leur d\u00e9tresse et de leur douleur, l\u2019accueil de leur invitation \u00e0 poursuivre humblement avec elles un chemin de v\u00e9rit\u00e9, ont amorc\u00e9, pour notre institution eccl\u00e9siale, <strong>un long et exigeant travail de conversion<\/strong>, que nous sommes r\u00e9solus \u00e0 poursuivre\u00a0\u00bb, affirme la Conf\u00e9rence des \u00e9v\u00eaques de France (CEF), pr\u00e9sid\u00e9e par le cardinal<strong> Jean-Marc Aveline<\/strong>, archev\u00eaque de Marseille.<\/p>\n<p class=\" wall-content\">D\u2019anciens religieux et personnels la\u00efcs de Notre-Dame-de-B\u00e9tharram sont vis\u00e9s par <strong>plus de 150 plaintes<\/strong> d\u00e9pos\u00e9es par des anciens \u00e9l\u00e8ves pour violences physiques, agressions sexuelles et viols.<\/p>\n<p class=\" wall-content\">Cette nomination s\u2019inscrit \u00e0 contre-courant des efforts de l\u2019\u00c9glise face \u00e0 l\u2019ampleur des violences r\u00e9v\u00e9l\u00e9es en 2021 par un rapport de la Commission ind\u00e9pendante sur les abus sexuels dans l\u2019\u00c9glise. Deux commissions de reconnaissance et de r\u00e9paration ont ainsi \u00e9t\u00e9 mises en place.<\/p>\n<p class=\" wall-content\"><strong>Avec AFP<\/strong><\/p>\n<p class=\" wall-content\">Suivez toute l\u2019actualit\u00e9 de vos villes et m\u00e9dias favoris en vous inscrivant \u00e0 <a href=\"https:\/\/moncompte.actu.fr\" title=\"D\u00e9couvez Mon Actu\" rel=\"nofollow noopener\" data-trk=\"{&quot;cta&quot;:{&quot;action&quot;:&quot;https:\\\/\\\/moncompte.actu.fr&quot;,&quot;category&quot;:&quot;mon compte&quot;,&quot;from&quot;:&quot;article footer&quot;,&quot;name&quot;:&quot;Mon actu&quot;,&quot;type&quot;:&quot;cta&quot;}}\" target=\"_blank\">Mon Actu<\/a>.<\/p>\n<ul class=\"ac-article-tag wall-content\">\n<li><a href=\"https:\/\/actu.fr\/tag\/religion\" data-trk=\"{&quot;cta&quot;:{&quot;action&quot;:&quot;Religion&quot;,&quot;category&quot;:&quot;tag&quot;,&quot;from&quot;:&quot;article footer&quot;,&quot;name&quot;:&quot;Religion&quot;,&quot;type&quot;:&quot;cta&quot;}}\" rel=\"nofollow noopener\" target=\"_blank\">#Religion<\/a><\/li>\n<li><a href=\"https:\/\/actu.fr\/tag\/violences-sexuelles\" data-trk=\"{&quot;cta&quot;:{&quot;action&quot;:&quot;Violences sexuelles&quot;,&quot;category&quot;:&quot;tag&quot;,&quot;from&quot;:&quot;article footer&quot;,&quot;name&quot;:&quot;Violences sexuelles&quot;,&quot;type&quot;:&quot;cta&quot;}}\" rel=\"nofollow noopener\" target=\"_blank\">#Violences sexuelles<\/a><\/li>\n<\/ul>\n","protected":false},"excerpt":{"rendered":"Par Anaelle Montagne Publi\u00e9 le 11 ao\u00fbt 2025 \u00e0 16h25 Les \u00e9v\u00eaques de France souhaitent que l\u2019archev\u00eaque de&hellip;\n","protected":false},"author":2,"featured_media":311877,"comment_status":"","ping_status":"","sticky":false,"template":"","format":"standard","meta":{"footnotes":""},"categories":[2816],"tags":[1111,11,1777,674,1011,27,12,2680,4020,25,104,2312,799],"class_list":{"0":"post-311876","1":"post","2":"type-post","3":"status-publish","4":"format-standard","5":"has-post-thumbnail","7":"category-toulouse","8":"tag-actu","9":"tag-actualites","10":"tag-eu","11":"tag-europe","12":"tag-fr","13":"tag-france","14":"tag-news","15":"tag-occitanie","16":"tag-religion","17":"tag-republique-francaise","18":"tag-societe","19":"tag-toulouse","20":"tag-violences-sexuelles"},"share_on_mastodon":{"url":"https:\/\/pubeurope.com\/@fr\/115010843745891593","error":""},"_links":{"self":[{"href":"https:\/\/www.europesays.com\/fr\/wp-json\/wp\/v2\/posts\/311876","targetHints":{"allow":["GET"]}}],"collection":[{"href":"https:\/\/www.europesays.com\/fr\/wp-json\/wp\/v2\/posts"}],"about":[{"href":"https:\/\/www.europesays.com\/fr\/wp-json\/wp\/v2\/types\/post"}],"author":[{"embeddable":true,"href":"https:\/\/www.europesays.com\/fr\/wp-json\/wp\/v2\/users\/2"}],"replies":[{"embeddable":true,"href":"https:\/\/www.europesays.com\/fr\/wp-json\/wp\/v2\/comments?post=311876"}],"version-history":[{"count":0,"href":"https:\/\/www.europesays.com\/fr\/wp-json\/wp\/v2\/posts\/311876\/revisions"}],"wp:featuredmedia":[{"embeddable":true,"href":"https:\/\/www.europesays.com\/fr\/wp-json\/wp\/v2\/media\/311877"}],"wp:attachment":[{"href":"https:\/\/www.europesays.com\/fr\/wp-json\/wp\/v2\/media?parent=311876"}],"wp:term":[{"taxonomy":"category","embeddable":true,"href":"https:\/\/www.europesays.com\/fr\/wp-json\/wp\/v2\/categories?post=311876"},{"taxonomy":"post_tag","embeddable":true,"href":"https:\/\/www.europesays.com\/fr\/wp-json\/wp\/v2\/tags?post=311876"}],"curies":[{"name":"wp","href":"https:\/\/api.w.org\/{rel}","templated":true}]}}