{"id":311878,"date":"2025-08-11T15:29:10","date_gmt":"2025-08-11T15:29:10","guid":{"rendered":"https:\/\/www.europesays.com\/fr\/311878\/"},"modified":"2025-08-11T15:29:10","modified_gmt":"2025-08-11T15:29:10","slug":"apres-le-depart-de-la-base-easyjet-lactivite-de-laeroport-de-toulouse-bat-de-laile","status":"publish","type":"post","link":"https:\/\/www.europesays.com\/fr\/311878\/","title":{"rendered":"Apr\u00e8s le d\u00e9part de la base easyJet, l&rsquo;activit\u00e9 de l&rsquo;a\u00e9roport de Toulouse bat de l&rsquo;aile"},"content":{"rendered":"<p>            Par<br \/>\n        <strong><br \/>\n            <a href=\"https:\/\/actu.fr\/auteur\/marie-lamarque\" title=\"Consulter tous les articles de Marie Lamarque\" target=\"_blank\" rel=\"noopener\">Marie Lamarque<\/a><br \/>\n        <\/strong><\/p>\n<p>        Publi\u00e9 le<\/p>\n<p>            11 ao\u00fbt 2025 \u00e0 17h02        <\/p>\n<p><a href=\"https:\/\/actu.fr\/occitanie\/toulouse_31555\/lignes-supprimees-emplois-transferes-ce-que-l-on-sait-de-la-fermeture-de-la-base-easyjet-a-toulouse_62015364.html\" target=\"_blank\" rel=\"noopener\">La fermeture de la base easyJet<\/a> fin mars 2025 n\u2019aura pas \u00e9t\u00e9 sans cons\u00e9quence sur l\u2019activit\u00e9 de <a href=\"https:\/\/actu.fr\/tag\/aeroport-toulouse-blagnac\" target=\"_blank\" rel=\"noopener\">l\u2019a\u00e9roport de Toulouse-Blagnac<\/a>. Depuis que la compagnie a pli\u00e9 bagage, les chiffres de l\u2019a\u00e9roport ont pris un coup. <a href=\"https:\/\/actu.fr\/toulouse\/\" target=\"_blank\" rel=\"noopener\">Actu Toulouse<\/a> les a analys\u00e9s.<\/p>\n<p class=\" wall-content\">Les chiffres relatifs au trafic enregistr\u00e9s lors du 2\u1d49 trimestre 2025 (du 1\u1d49\u02b3 avril au 30 juin) montrent <strong>une baisse de 3,7% par rapport \u00e0 la m\u00eame p\u00e9riode en 2024<\/strong>.<\/p>\n<p class=\" wall-content\">Au total,<strong> 2 060 438 passagers<\/strong> ont voyag\u00e9 sur les lignes toulousaines, contre 3 787 691 l\u2019an pass\u00e9. \u00ab\u00a0Le volume 2025 repr\u00e9sente 80% du trafic enregistr\u00e9 sur la m\u00eame p\u00e9riode en 2019\u00a0\u00bb, expose l\u2019a\u00e9roport.<\/p>\n<p>EasyJet, 3e compagnie a\u00e9rienne \u00e0 Toulouse<\/p>\n<p class=\" wall-content\">Avec le d\u00e9part de cette base, plusieurs lignes ont \u00e9t\u00e9 supprim\u00e9es, \u00e0 destination de Rennes, Berlin ou encore Milan.<\/p>\n<p class=\" wall-content\">En mars dernier, easyJet expliquait n\u00e9anmoins mettre en vente<strong> pr\u00e8s d\u20191,5 million de si\u00e8ges<\/strong> pour 2025 et souhaitait conserver son statut de \u00ab<strong> 3\u1d49 compagnie a\u00e9rienne<\/strong> en termes de capacit\u00e9 \u00e0 l\u2019a\u00e9roport de Toulouse-Blagnac \u00bb.<\/p>\n<p>Des chiffres en baisse sur le trafic national, comme international<\/p>\n<p class=\" wall-content\">Les chiffres du 2e trimestre, qui correspondent aux trois premiers mois du programme \u00e9t\u00e9, d\u00e9montrent <strong>une baisse du trafic<\/strong>, aussi bien \u00e0 l\u2019international (-5% par rapport \u00e0 2024) qu\u2019\u00e0 l\u2019\u00e9chelle nationale (-2%).<\/p>\n<p class=\" wall-content\">Le niveau du trafic \u00e0 l\u2019international \u2013 qui repr\u00e9sente 60% du trafic total \u2013 reste n\u00e9anmoins \u00ab\u00a0tr\u00e8s proche de celui de 2019\u00a0\u00bb, pointe l\u2019a\u00e9roport.<\/p>\n<p class=\" wall-content\">Le trafic national repr\u00e9sente 40% du trafic total. Par rapport \u00e0 2024, le nombre de <strong>d\u00e9placements vers Paris affiche une hausse de 3%<\/strong>, tandis que \u00ab\u00a0les vols transversaux [hors Paris, NDLR] affichent un trafic<strong> en baisse de 12%<\/strong>, expliqu\u00e9 par la fermeture des lignes vers Lille et Rennes d\u2019easyJet\u00a0\u00bb, rel\u00e8ve l\u2019a\u00e9roport.<\/p>\n<p>De nouvelles lignes cr\u00e9\u00e9es, d\u2019autres renforc\u00e9es<\/p>\n<p class=\" wall-content\">Si la base easyJet a d\u00e9finitivement pli\u00e9 bagage, la compagnie au logo orange avait n\u00e9anmoins annonc\u00e9 que certaines de ses lignes seront rouvertes, <a href=\"https:\/\/actu.fr\/occitanie\/toulouse_31555\/aeroport-de-toulouse-apres-la-fermeture-de-sa-base-easyjet-propose-de-nouveaux-vols-notamment-vers-paris_62728397.html\" target=\"_blank\" rel=\"noopener\">notamment pour l\u2019hiver 2025-2026<\/a>.<\/p>\n<p class=\" wall-content\">Afin de compenser les suppressions easyJet,<strong>\u00a0Twin Jet<\/strong> avait expliqu\u00e9 <a href=\"https:\/\/actu.fr\/occitanie\/toulouse_31555\/toulouse-apres-la-fermeture-de-la-base-d-easyjet-une-compagnie-renforce-ses-vols-pour-cette-ville-en-france_62131568.html\" target=\"_blank\" rel=\"noopener\">assurer \u00ab la navette a\u00e9rienne<\/a> entre le Sud-Ouest et la Bretagne \u00bb. D\u2019autres compagnies poursuivent leurs ouvertures de lignes afin de satisfaire les voyageurs : \u00e0 titre d\u2019exemple,<strong> Transavia<\/strong> avait annonc\u00e9 <a href=\"https:\/\/actu.fr\/occitanie\/toulouse_31555\/toulouse-cette-compagnie-low-cost-lance-cinq-nouvelles-destinations-inedites-au-soleil-voici-lesquelles_62511764.html\" target=\"_blank\" rel=\"noopener\">cinq ouvertures et avril denier<\/a> ; puis <a href=\"https:\/\/actu.fr\/occitanie\/toulouse_31555\/toulouse-cette-compagnie-low-cost-lance-deux-nouvelles-lignes-vers-des-destinations-au-soleil_62935794.html\" target=\"_blank\" rel=\"noopener\">deux autres en juillet<\/a> vers des destinations au soleil.<\/p>\n<p class=\" wall-content\">Cela suffira-t-il \u00e0 faire remonter les chiffres de l\u2019a\u00e9roport de Toulouse-Blagnac pour le 3e trimestre 2025 ? Le prochain bilan le dira, d\u2019autant que celui-ci correspondra \u00e0 la pleine p\u00e9riode estivale.\u00a0<\/p>\n<p class=\" wall-content\">Suivez toute l\u2019actualit\u00e9 de vos villes et m\u00e9dias favoris en vous inscrivant \u00e0 <a href=\"https:\/\/moncompte.actu.fr\" title=\"D\u00e9couvez Mon Actu\" rel=\"nofollow noopener\" data-trk=\"{&quot;cta&quot;:{&quot;action&quot;:&quot;https:\\\/\\\/moncompte.actu.fr&quot;,&quot;category&quot;:&quot;mon compte&quot;,&quot;from&quot;:&quot;article footer&quot;,&quot;name&quot;:&quot;Mon actu&quot;,&quot;type&quot;:&quot;cta&quot;}}\" target=\"_blank\">Mon Actu<\/a>.<\/p>\n<ul class=\"ac-article-tag wall-content\">\n<li><a href=\"https:\/\/actu.fr\/tag\/aeroport-toulouse-blagnac\" data-trk=\"{&quot;cta&quot;:{&quot;action&quot;:&quot;A\\u00e9roport Toulouse-Blagnac&quot;,&quot;category&quot;:&quot;tag&quot;,&quot;from&quot;:&quot;article footer&quot;,&quot;name&quot;:&quot;A\\u00e9roport Toulouse-Blagnac&quot;,&quot;type&quot;:&quot;cta&quot;}}\" target=\"_blank\" rel=\"noopener\">#A\u00e9roport Toulouse-Blagnac<\/a><\/li>\n<li><a href=\"https:\/\/actu.fr\/tag\/easy-jet\" data-trk=\"{&quot;cta&quot;:{&quot;action&quot;:&quot;Easy Jet&quot;,&quot;category&quot;:&quot;tag&quot;,&quot;from&quot;:&quot;article footer&quot;,&quot;name&quot;:&quot;Easy Jet&quot;,&quot;type&quot;:&quot;cta&quot;}}\" target=\"_blank\" rel=\"noopener\">#Easy Jet<\/a><\/li>\n<\/ul>\n","protected":false},"excerpt":{"rendered":"Par Marie Lamarque Publi\u00e9 le 11 ao\u00fbt 2025 \u00e0 17h02 La fermeture de la base easyJet fin mars&hellip;\n","protected":false},"author":2,"featured_media":311879,"comment_status":"","ping_status":"","sticky":false,"template":"","format":"standard","meta":{"footnotes":""},"categories":[2816],"tags":[1111,11,103,12527,33,1777,674,1011,27,12,2680,25,2312],"class_list":{"0":"post-311878","1":"post","2":"type-post","3":"status-publish","4":"format-standard","5":"has-post-thumbnail","7":"category-toulouse","8":"tag-actu","9":"tag-actualites","10":"tag-aeroport-toulouse-blagnac","11":"tag-easy-jet","12":"tag-economie","13":"tag-eu","14":"tag-europe","15":"tag-fr","16":"tag-france","17":"tag-news","18":"tag-occitanie","19":"tag-republique-francaise","20":"tag-toulouse"},"share_on_mastodon":{"url":"https:\/\/pubeurope.com\/@fr\/115010847736060161","error":""},"_links":{"self":[{"href":"https:\/\/www.europesays.com\/fr\/wp-json\/wp\/v2\/posts\/311878","targetHints":{"allow":["GET"]}}],"collection":[{"href":"https:\/\/www.europesays.com\/fr\/wp-json\/wp\/v2\/posts"}],"about":[{"href":"https:\/\/www.europesays.com\/fr\/wp-json\/wp\/v2\/types\/post"}],"author":[{"embeddable":true,"href":"https:\/\/www.europesays.com\/fr\/wp-json\/wp\/v2\/users\/2"}],"replies":[{"embeddable":true,"href":"https:\/\/www.europesays.com\/fr\/wp-json\/wp\/v2\/comments?post=311878"}],"version-history":[{"count":0,"href":"https:\/\/www.europesays.com\/fr\/wp-json\/wp\/v2\/posts\/311878\/revisions"}],"wp:featuredmedia":[{"embeddable":true,"href":"https:\/\/www.europesays.com\/fr\/wp-json\/wp\/v2\/media\/311879"}],"wp:attachment":[{"href":"https:\/\/www.europesays.com\/fr\/wp-json\/wp\/v2\/media?parent=311878"}],"wp:term":[{"taxonomy":"category","embeddable":true,"href":"https:\/\/www.europesays.com\/fr\/wp-json\/wp\/v2\/categories?post=311878"},{"taxonomy":"post_tag","embeddable":true,"href":"https:\/\/www.europesays.com\/fr\/wp-json\/wp\/v2\/tags?post=311878"}],"curies":[{"name":"wp","href":"https:\/\/api.w.org\/{rel}","templated":true}]}}