{"id":311889,"date":"2025-08-11T15:35:11","date_gmt":"2025-08-11T15:35:11","guid":{"rendered":"https:\/\/www.europesays.com\/fr\/311889\/"},"modified":"2025-08-11T15:35:11","modified_gmt":"2025-08-11T15:35:11","slug":"metropole-de-lyon-a-cette-terrasse-de-sainte-foy-les-lyon-on-trinque-entre-barbecue-et-petanque","status":"publish","type":"post","link":"https:\/\/www.europesays.com\/fr\/311889\/","title":{"rendered":"M\u00e9tropole de Lyon. \u00c0 cette terrasse de Sainte-Foy-l\u00e8s-Lyon, on trinque entre barbecue et p\u00e9tanque"},"content":{"rendered":"<p>Dans ce quartier r\u00e9sidentiel de Sainte-Foy-l\u00e8s-Lyon, rien ne laisse deviner l\u2019existence d\u2019un bistrot anim\u00e9. Pourtant, une fois pass\u00e9 le portail en fer forg\u00e9, on d\u00e9couvre une grande terrasse orn\u00e9e de lampions color\u00e9s, une pergola en bois, un terrain de p\u00e9tanque et m\u00eame un bar ext\u00e9rieur.<\/p>\n<p>Pour ajouter au charme des lieux, Fenet est install\u00e9 dans une vieille b\u00e2tisse couverte de lierre. Fra\u00eecheur et convivialit\u00e9&#8230;<\/p>\n","protected":false},"excerpt":{"rendered":"Dans ce quartier r\u00e9sidentiel de Sainte-Foy-l\u00e8s-Lyon, rien ne laisse deviner l\u2019existence d\u2019un bistrot anim\u00e9. Pourtant, une fois pass\u00e9&hellip;\n","protected":false},"author":2,"featured_media":311890,"comment_status":"","ping_status":"","sticky":false,"template":"","format":"standard","meta":{"footnotes":""},"categories":[1889],"tags":[1111,11,2430,1687,3154,1777,674,1011,27,2428,6016,12,25,2429,15673,15674],"class_list":{"0":"post-311889","1":"post","2":"type-post","3":"status-publish","4":"format-standard","5":"has-post-thumbnail","7":"category-lyon","8":"tag-actu","9":"tag-actualites","10":"tag-auvergne-rhone-alpes","11":"tag-culture-loisirs","12":"tag-edition-sud-lyonnais","13":"tag-eu","14":"tag-europe","15":"tag-fr","16":"tag-france","17":"tag-lyon","18":"tag-magazine-cuisine-et-vins","19":"tag-news","20":"tag-republique-francaise","21":"tag-rhone","22":"tag-sainte-foy-les-lyon","23":"tag-sainte-foy-les-lyon-bassin"},"share_on_mastodon":{"url":"https:\/\/pubeurope.com\/@fr\/115010871212140659","error":""},"_links":{"self":[{"href":"https:\/\/www.europesays.com\/fr\/wp-json\/wp\/v2\/posts\/311889","targetHints":{"allow":["GET"]}}],"collection":[{"href":"https:\/\/www.europesays.com\/fr\/wp-json\/wp\/v2\/posts"}],"about":[{"href":"https:\/\/www.europesays.com\/fr\/wp-json\/wp\/v2\/types\/post"}],"author":[{"embeddable":true,"href":"https:\/\/www.europesays.com\/fr\/wp-json\/wp\/v2\/users\/2"}],"replies":[{"embeddable":true,"href":"https:\/\/www.europesays.com\/fr\/wp-json\/wp\/v2\/comments?post=311889"}],"version-history":[{"count":0,"href":"https:\/\/www.europesays.com\/fr\/wp-json\/wp\/v2\/posts\/311889\/revisions"}],"wp:featuredmedia":[{"embeddable":true,"href":"https:\/\/www.europesays.com\/fr\/wp-json\/wp\/v2\/media\/311890"}],"wp:attachment":[{"href":"https:\/\/www.europesays.com\/fr\/wp-json\/wp\/v2\/media?parent=311889"}],"wp:term":[{"taxonomy":"category","embeddable":true,"href":"https:\/\/www.europesays.com\/fr\/wp-json\/wp\/v2\/categories?post=311889"},{"taxonomy":"post_tag","embeddable":true,"href":"https:\/\/www.europesays.com\/fr\/wp-json\/wp\/v2\/tags?post=311889"}],"curies":[{"name":"wp","href":"https:\/\/api.w.org\/{rel}","templated":true}]}}