{"id":311895,"date":"2025-08-11T15:38:10","date_gmt":"2025-08-11T15:38:10","guid":{"rendered":"https:\/\/www.europesays.com\/fr\/311895\/"},"modified":"2025-08-11T15:38:10","modified_gmt":"2025-08-11T15:38:10","slug":"deux-hommes-urinent-sur-une-femme-a-la-rue-avec-ses-enfants-en-bas-age","status":"publish","type":"post","link":"https:\/\/www.europesays.com\/fr\/311895\/","title":{"rendered":"deux hommes urinent sur une femme \u00e0 la rue avec ses enfants en bas-\u00e2ge"},"content":{"rendered":"<p>            Par<br \/>\n        <strong><br \/>\n            <a href=\"https:\/\/actu.fr\/auteur\/antoine-blanchet\" title=\"Consulter tous les articles de Antoine Blanchet\" rel=\"nofollow noopener\" target=\"_blank\">Antoine Blanchet<\/a><br \/>\n        <\/strong><\/p>\n<p>        Publi\u00e9 le<\/p>\n<p>            11 ao\u00fbt 2025 \u00e0 15h50        <\/p>\n<p>Des faits abjects. Dans la nuit du samedi 9 au dimanche 10 ao\u00fbt 2025, <strong>deux hommes ont urin\u00e9 sur une femme endormie ainsi que sur ses enfants<\/strong>, sur le parvis de l\u2019H\u00f4tel de Ville \u00e0 <a href=\"https:\/\/actu.fr\/paris\/\" rel=\"nofollow noopener\" target=\"_blank\">Paris<\/a>, a indiqu\u00e9 l\u2019association Utopia 56 dans un communiqu\u00e9. L\u2019un des deux hommes a \u00e9t\u00e9 interpell\u00e9. Une enqu\u00eate est ouverte pour <strong>violences en r\u00e9union<\/strong>, nous pr\u00e9cise le parquet.\u00a0<\/p>\n<p>\u00ab\u00a0Les couvetures de toute la famille \u00e9taient imbib\u00e9es\u00a0\u00bb<\/p>\n<p class=\" wall-content\">Les faits se sont d\u00e9roul\u00e9s vers une heure du matin. Ces derniers jours, plusieurs centaines de personnes sans-abri, dont des femmes et des enfants, campent pr\u00e8s de l\u2019H\u00f4tel de Ville. Deux hommes, \u00e2g\u00e9s d\u2019une vingtaine d\u2019ann\u00e9es, se sont rendus sur place. Ils ont urin\u00e9 sur une femme enceinte qui dormait avec ses enfants. \u00ab\u00a0L\u2019enfant de six ans a re\u00e7u des gouttes d\u2019urine sur le visage et les couverture de toute la famille \u00e9taient imbib\u00e9es\u00a0\u00bb, relate Utopia 56.\u00a0<\/p>\n<p class=\" wall-content\">Un b\u00e9n\u00e9vole de l\u2019association, pr\u00e9sent sur les lieux, a pris les deux hommes en flagrant d\u00e9lit. Ces derniers ont alors pris la fuite. L\u2019un d\u2019eux <strong>aurait toutefois pu \u00eatre interpell\u00e9 par la police<\/strong>. \u00ab\u00a0L\u2019agression semblait pr\u00e9m\u00e9dit\u00e9e et les agresseurs en possession de toutes leurs capacit\u00e9s\u00a0\u00bb, affirme Utopia 56. Une main courante a \u00e9t\u00e9 d\u00e9pos\u00e9e et un signalement fait au procureur de la R\u00e9publique.\u00a0<\/p>\n<p>Un d\u00e9ferlement de haine<\/p>\n<p class=\" wall-content\">Pour l\u2019association, les faits pourraient \u00eatre en lien avec le d\u00e9ferlement de messages haineux sur les r\u00e9seaux sociaux ayant suivi l\u2019occupation du parvis. \u00ab\u00a0Il appara\u00eet qu\u2019il y existe un lien entre ce climat et les faits survenus cette nuit\u00a0\u00bb, maintient Utopia 56. Pour l\u2019heure, une enqu\u00eate est en cours pour violence aggrav\u00e9es.\u00a0<\/p>\n<p class=\" wall-content\">Suivez toute l\u2019actualit\u00e9 de vos villes et m\u00e9dias favoris en vous inscrivant \u00e0 <a href=\"https:\/\/moncompte.actu.fr\" title=\"D\u00e9couvez Mon Actu\" rel=\"nofollow noopener\" data-trk=\"{&quot;cta&quot;:{&quot;action&quot;:&quot;https:\\\/\\\/moncompte.actu.fr&quot;,&quot;category&quot;:&quot;mon compte&quot;,&quot;from&quot;:&quot;article footer&quot;,&quot;name&quot;:&quot;Mon actu&quot;,&quot;type&quot;:&quot;cta&quot;}}\" target=\"_blank\">Mon Actu<\/a>.<\/p>\n","protected":false},"excerpt":{"rendered":"Par Antoine Blanchet Publi\u00e9 le 11 ao\u00fbt 2025 \u00e0 15h50 Des faits abjects. Dans la nuit du samedi&hellip;\n","protected":false},"author":2,"featured_media":311896,"comment_status":"","ping_status":"","sticky":false,"template":"","format":"standard","meta":{"footnotes":""},"categories":[1888],"tags":[1111,1928,11,1927,1777,674,118,1011,27,12,1926,626,1925,1072,25],"class_list":{"0":"post-311895","1":"post","2":"type-post","3":"status-publish","4":"format-standard","5":"has-post-thumbnail","7":"category-paris","8":"tag-actu","9":"tag-actu-paris","10":"tag-actualites","11":"tag-actualites-paris","12":"tag-eu","13":"tag-europe","14":"tag-faits-divers","15":"tag-fr","16":"tag-france","17":"tag-news","18":"tag-news-paris","19":"tag-paris","20":"tag-paris-news","21":"tag-police","22":"tag-republique-francaise"},"share_on_mastodon":{"url":"https:\/\/pubeurope.com\/@fr\/115010883075938116","error":""},"_links":{"self":[{"href":"https:\/\/www.europesays.com\/fr\/wp-json\/wp\/v2\/posts\/311895","targetHints":{"allow":["GET"]}}],"collection":[{"href":"https:\/\/www.europesays.com\/fr\/wp-json\/wp\/v2\/posts"}],"about":[{"href":"https:\/\/www.europesays.com\/fr\/wp-json\/wp\/v2\/types\/post"}],"author":[{"embeddable":true,"href":"https:\/\/www.europesays.com\/fr\/wp-json\/wp\/v2\/users\/2"}],"replies":[{"embeddable":true,"href":"https:\/\/www.europesays.com\/fr\/wp-json\/wp\/v2\/comments?post=311895"}],"version-history":[{"count":0,"href":"https:\/\/www.europesays.com\/fr\/wp-json\/wp\/v2\/posts\/311895\/revisions"}],"wp:featuredmedia":[{"embeddable":true,"href":"https:\/\/www.europesays.com\/fr\/wp-json\/wp\/v2\/media\/311896"}],"wp:attachment":[{"href":"https:\/\/www.europesays.com\/fr\/wp-json\/wp\/v2\/media?parent=311895"}],"wp:term":[{"taxonomy":"category","embeddable":true,"href":"https:\/\/www.europesays.com\/fr\/wp-json\/wp\/v2\/categories?post=311895"},{"taxonomy":"post_tag","embeddable":true,"href":"https:\/\/www.europesays.com\/fr\/wp-json\/wp\/v2\/tags?post=311895"}],"curies":[{"name":"wp","href":"https:\/\/api.w.org\/{rel}","templated":true}]}}