{"id":311897,"date":"2025-08-11T15:39:18","date_gmt":"2025-08-11T15:39:18","guid":{"rendered":"https:\/\/www.europesays.com\/fr\/311897\/"},"modified":"2025-08-11T15:39:18","modified_gmt":"2025-08-11T15:39:18","slug":"rugby-le-seul-club-de-top-14-dirige-par-un-president-absent-lancien-entraineur-du-stade-francais-se-lache-contre-la-direction-du-club","status":"publish","type":"post","link":"https:\/\/www.europesays.com\/fr\/311897\/","title":{"rendered":"Rugby\u00a0: \u00ab\u00a0Le seul club de Top 14 dirig\u00e9 par un pr\u00e9sident absent\u00a0!\u00a0\u00bb L\u2019ancien entra\u00eeneur du Stade Fran\u00e7ais se l\u00e2che contre la direction du club"},"content":{"rendered":"<p>\n                                                                    l&rsquo;essentiel<br \/>\n                                                                Pr\u00e8s de six mois apr\u00e8s son d\u00e9part du Stade Fran\u00e7ais en tant qu\u2019entra\u00eeneur, Laurent Labit a expliqu\u00e9 les raisons de cette d\u00e9cision.\n                            <\/p>\n<p>Dans une longue interview accord\u00e9e au\u00a0<a href=\"https:\/\/www.rugbyrama.fr\/2025\/08\/10\/grands-entretiens-cest-moi-qui-ai-demande-a-quitter-le-club-laurent-labit-sexplique-sur-son-depart-du-stade-francais-12868397.php\" target=\"_self\" rel=\"nofollow noopener\">Midi Olympique<\/a>, l\u2019ex-entra\u00eeneur du Stade Fran\u00e7ais, Laurent Labit, a r\u00e9gl\u00e9 ses comptes avec les dirigeants du club parisien. Ce dernier a directement annonc\u00e9 la couleur en insistant\u00a0: \u00ab\u00a0C\u2019est moi qui ai demand\u00e9 \u00e0 \u00eatre lib\u00e9r\u00e9\u00a0\u00bb.<\/p>\n<p class=\"std-elt__inline\">\n        <strong>\u00c0 lire aussi :<\/strong><br \/>\n        <a href=\"https:\/\/www.ladepeche.fr\/2025\/08\/10\/en-images-pro-d2-retour-sur-le-premier-match-de-preparation-du-su-agen-battu-a-casteljaloux-par-colomiers-rugby-12868546.php\" rel=\"nofollow noopener\" target=\"_blank\">EN IMAGES. Pro D2\u00a0: retour sur le premier match de pr\u00e9paration du SU Agen, battu \u00e0 Casteljaloux par Colomiers Rugby<\/a>\n    <\/p>\n<p>\u00ab\u00a0Le Stade Fran\u00e7ais est le seul club de Top 14 dirig\u00e9 par un pr\u00e9sident actionnaire absent 90\u00a0% du temps\u00a0\u00bb, a-t-il spontan\u00e9ment lanc\u00e9 \u00e0 l\u2019encontre de\u00a0Hans-Peter Wild, pr\u00e9sident et propri\u00e9taire des Soldats Roses. \u00ab\u00a0Je pense qu\u2019il ne conna\u00eet pas bien son club, il ne sait pas qui fait quoi\u00a0\u00bb, a d\u00e9nonc\u00e9 l\u2019ancien joueur de Colomiers.<\/p>\n<p class=\"std-elt__inline\">\n        <strong>\u00c0 lire aussi :<\/strong><br \/>\n        <a href=\"https:\/\/www.ladepeche.fr\/2025\/08\/07\/rugby-une-retraite-dune-semaine-un-international-australien-contraint-de-rechausser-les-crampons-pour-aider-son-equipe-decimee-par-les-blessures-12864825.php\" rel=\"nofollow noopener\" target=\"_blank\">Rugby\u00a0: une retraite d\u2019une semaine\u2026 Un international australien contraint de rechausser les crampons pour aider son \u00e9quipe d\u00e9cim\u00e9e par les blessures<\/a>\n    <\/p>\n<p>Il s\u2019est \u00e9galement exprim\u00e9 sur Thomas Lombard, le directeur g\u00e9n\u00e9ral. Accus\u00e9 d\u2019une mauvaise gestion de la masse salariale, l\u2019homme de 57 ans a affirm\u00e9 n\u2019avoir jamais eu de conversation \u00e0 ce sujet. \u00ab\u00a0La gestion incombe \u00e0 ce moment-l\u00e0 au directeur g\u00e9n\u00e9ral, or il est tr\u00e8s compliqu\u00e9 de travailler sans cadre ni rigueur\u00a0\u00bb, a expliqu\u00e9 Labit.<\/p>\n<p class=\"std-elt__inline\">\n        <strong>\u00c0 lire aussi :<\/strong><br \/>\n        <a href=\"https:\/\/www.ladepeche.fr\/2025\/08\/06\/rugby-changement-important-laustralie-autorise-dorenavant-la-selection-sans-restrictions-de-ses-joueurs-evoluant-a-letranger-12862729.php\" rel=\"nofollow noopener\" target=\"_blank\">Rugby\u00a0: changement important, l\u2019Australie autorise dor\u00e9navant la s\u00e9lection sans restrictions de ses joueurs \u00e9voluant \u00e0 l\u2019\u00e9tranger<\/a>\n    <\/p>\n<p>Selon ses mots, les \u00ab\u00a0valeurs\u00a0\u00bb et le \u00ab\u00a0fonctionnement\u00a0\u00bb \u00e9taient contraires \u00e0 ce qu\u2019il fait depuis plus d\u2019une vingtaine d\u2019ann\u00e9es. Cette diff\u00e9rence l\u2019a pouss\u00e9 \u00e0 s\u2019en aller.<\/p>\n","protected":false},"excerpt":{"rendered":"l&rsquo;essentiel Pr\u00e8s de six mois apr\u00e8s son d\u00e9part du Stade Fran\u00e7ais en tant qu\u2019entra\u00eeneur, Laurent Labit a expliqu\u00e9&hellip;\n","protected":false},"author":2,"featured_media":311898,"comment_status":"","ping_status":"","sticky":false,"template":"","format":"standard","meta":{"footnotes":""},"categories":[1888],"tags":[1111,1928,11,1927,1777,674,1011,27,12,1926,626,1925,25],"class_list":{"0":"post-311897","1":"post","2":"type-post","3":"status-publish","4":"format-standard","5":"has-post-thumbnail","7":"category-paris","8":"tag-actu","9":"tag-actu-paris","10":"tag-actualites","11":"tag-actualites-paris","12":"tag-eu","13":"tag-europe","14":"tag-fr","15":"tag-france","16":"tag-news","17":"tag-news-paris","18":"tag-paris","19":"tag-paris-news","20":"tag-republique-francaise"},"share_on_mastodon":{"url":"https:\/\/pubeurope.com\/@fr\/115010886928834077","error":""},"_links":{"self":[{"href":"https:\/\/www.europesays.com\/fr\/wp-json\/wp\/v2\/posts\/311897","targetHints":{"allow":["GET"]}}],"collection":[{"href":"https:\/\/www.europesays.com\/fr\/wp-json\/wp\/v2\/posts"}],"about":[{"href":"https:\/\/www.europesays.com\/fr\/wp-json\/wp\/v2\/types\/post"}],"author":[{"embeddable":true,"href":"https:\/\/www.europesays.com\/fr\/wp-json\/wp\/v2\/users\/2"}],"replies":[{"embeddable":true,"href":"https:\/\/www.europesays.com\/fr\/wp-json\/wp\/v2\/comments?post=311897"}],"version-history":[{"count":0,"href":"https:\/\/www.europesays.com\/fr\/wp-json\/wp\/v2\/posts\/311897\/revisions"}],"wp:featuredmedia":[{"embeddable":true,"href":"https:\/\/www.europesays.com\/fr\/wp-json\/wp\/v2\/media\/311898"}],"wp:attachment":[{"href":"https:\/\/www.europesays.com\/fr\/wp-json\/wp\/v2\/media?parent=311897"}],"wp:term":[{"taxonomy":"category","embeddable":true,"href":"https:\/\/www.europesays.com\/fr\/wp-json\/wp\/v2\/categories?post=311897"},{"taxonomy":"post_tag","embeddable":true,"href":"https:\/\/www.europesays.com\/fr\/wp-json\/wp\/v2\/tags?post=311897"}],"curies":[{"name":"wp","href":"https:\/\/api.w.org\/{rel}","templated":true}]}}