{"id":311905,"date":"2025-08-11T15:43:11","date_gmt":"2025-08-11T15:43:11","guid":{"rendered":"https:\/\/www.europesays.com\/fr\/311905\/"},"modified":"2025-08-11T15:43:11","modified_gmt":"2025-08-11T15:43:11","slug":"avoirs-russes-immobilises-un-troisieme-transfert-de-16-milliard-deuros-au-profit-de-lukraine","status":"publish","type":"post","link":"https:\/\/www.europesays.com\/fr\/311905\/","title":{"rendered":"Avoirs russes immobilis\u00e9s : un troisi\u00e8me transfert de 1,6 milliard d\u2019euros au profit de l\u2019Ukraine"},"content":{"rendered":"<p>Vendredi dernier, l\u2019Union europ\u00e9enne a re\u00e7u\u00a01,6 milliard d\u2019euros\u00a0de \u00ab\u202fb\u00e9n\u00e9fices exceptionnels\u202f\u00bb g\u00e9n\u00e9r\u00e9s par les int\u00e9r\u00eats sur les soldes en liquidit\u00e9s issus des avoirs immobilis\u00e9s de la Banque centrale de Russie, d\u00e9tenus par des d\u00e9positaires centraux de titres.<\/p>\n<p>Il s\u2019agit du\u00a0<strong>troisi\u00e8me transfert\u00a0de ce type vers l\u2019UE<\/strong>, apr\u00e8s une premi\u00e8re tranche en\u00a0<strong>juillet 2024<\/strong>\u00a0et une deuxi\u00e8me en\u00a0<strong>avril 2025<\/strong>. Ce versement couvre les recettes accumul\u00e9es au cours du premier semestre 2025.<\/p>\n<p><strong>Ces b\u00e9n\u00e9fices exceptionnels proviennent d\u2019avoirs gel\u00e9s dans le cadre des sanctions de l\u2019UE adopt\u00e9es<\/strong> en r\u00e9ponse \u00e0 <strong>la guerre d\u2019agression men\u00e9e par la Russie<\/strong> contre l\u2019Ukraine. Les actifs eux-m\u00eames restent bloqu\u00e9s, mais les int\u00e9r\u00eats g\u00e9n\u00e9r\u00e9s peuvent \u00eatre utilis\u00e9s pour soutenir l\u2019Ukraine.<\/p>\n<p>Jusqu\u2019\u00e0 pr\u00e9sent,\u00a090%\u00a0des deux premi\u00e8res tranches avaient \u00e9t\u00e9 allou\u00e9s au soutien de l\u2019Ukraine via la\u00a0Facilit\u00e9 europ\u00e9enne pour la paix (FEP)\u00a0et\u00a010%\u00a0par le biais de la\u00a0Facilit\u00e9 pour l\u2019Ukraine. Avec cette troisi\u00e8me tranche, la r\u00e9partition \u00e9volue\u202f:<\/p>\n<ul>\n<li>95%\u00a0des fonds seront d\u00e9sormais consacr\u00e9s au soutien de l\u2019Ukraine via le\u00a0M\u00e9canisme de coop\u00e9ration pour les pr\u00eats \u00e0 l\u2019Ukraine (ULCM).<\/li>\n<li>5%\u00a0seront vers\u00e9s \u00e0 la\u00a0FEP.<\/li>\n<\/ul>\n<p>Le\u00a0ULCM\u00a0offre un appui non remboursable destin\u00e9 \u00e0 aider l\u2019Ukraine \u00e0 rembourser les pr\u00eats de l\u2019assistance macro-financi\u00e8re de l\u2019UE ainsi que ceux accord\u00e9s par des pr\u00eateurs bilat\u00e9raux dans le cadre du m\u00e9canisme. Le soutien total en pr\u00eats atteint\u00a045 milliards d\u2019euros.<\/p>\n<p>La\u00a0FEP, quant \u00e0 elle, aide l\u2019Ukraine \u00e0 couvrir ses besoins militaires et de d\u00e9fense les plus urgents.<\/p>\n<p>Cette mesure traduit l\u2019engagement constant de l\u2019Union europ\u00e9enne\u202fqui consiste \u00e0 <strong>rester aux c\u00f4t\u00e9s de l\u2019Ukraine aussi longtemps que n\u00e9cessaire<\/strong>.<\/p>\n","protected":false},"excerpt":{"rendered":"Vendredi dernier, l\u2019Union europ\u00e9enne a re\u00e7u\u00a01,6 milliard d\u2019euros\u00a0de \u00ab\u202fb\u00e9n\u00e9fices exceptionnels\u202f\u00bb g\u00e9n\u00e9r\u00e9s par les int\u00e9r\u00eats sur les soldes en&hellip;\n","protected":false},"author":2,"featured_media":311906,"comment_status":"","ping_status":"","sticky":false,"template":"","format":"standard","meta":{"footnotes":""},"categories":[1590],"tags":[11,1777,674,131,12,220],"class_list":{"0":"post-311905","1":"post","2":"type-post","3":"status-publish","4":"format-standard","5":"has-post-thumbnail","7":"category-ukraine","8":"tag-actualites","9":"tag-eu","10":"tag-europe","11":"tag-guerre-en-ukraine","12":"tag-news","13":"tag-ukraine"},"share_on_mastodon":{"url":"https:\/\/pubeurope.com\/@fr\/115010902704960671","error":""},"_links":{"self":[{"href":"https:\/\/www.europesays.com\/fr\/wp-json\/wp\/v2\/posts\/311905","targetHints":{"allow":["GET"]}}],"collection":[{"href":"https:\/\/www.europesays.com\/fr\/wp-json\/wp\/v2\/posts"}],"about":[{"href":"https:\/\/www.europesays.com\/fr\/wp-json\/wp\/v2\/types\/post"}],"author":[{"embeddable":true,"href":"https:\/\/www.europesays.com\/fr\/wp-json\/wp\/v2\/users\/2"}],"replies":[{"embeddable":true,"href":"https:\/\/www.europesays.com\/fr\/wp-json\/wp\/v2\/comments?post=311905"}],"version-history":[{"count":0,"href":"https:\/\/www.europesays.com\/fr\/wp-json\/wp\/v2\/posts\/311905\/revisions"}],"wp:featuredmedia":[{"embeddable":true,"href":"https:\/\/www.europesays.com\/fr\/wp-json\/wp\/v2\/media\/311906"}],"wp:attachment":[{"href":"https:\/\/www.europesays.com\/fr\/wp-json\/wp\/v2\/media?parent=311905"}],"wp:term":[{"taxonomy":"category","embeddable":true,"href":"https:\/\/www.europesays.com\/fr\/wp-json\/wp\/v2\/categories?post=311905"},{"taxonomy":"post_tag","embeddable":true,"href":"https:\/\/www.europesays.com\/fr\/wp-json\/wp\/v2\/tags?post=311905"}],"curies":[{"name":"wp","href":"https:\/\/api.w.org\/{rel}","templated":true}]}}