{"id":311907,"date":"2025-08-11T15:44:10","date_gmt":"2025-08-11T15:44:10","guid":{"rendered":"https:\/\/www.europesays.com\/fr\/311907\/"},"modified":"2025-08-11T15:44:10","modified_gmt":"2025-08-11T15:44:10","slug":"a-la-maison-blanche-donald-trump-relegue-les-portraits-dobama-et-des-bush-dans-lescalier","status":"publish","type":"post","link":"https:\/\/www.europesays.com\/fr\/311907\/","title":{"rendered":"\u00e0 la Maison Blanche, Donald Trump rel\u00e8gue les portraits d\u2019Obama et des Bush dans l\u2019escalier"},"content":{"rendered":"<p>Le portrait du pr\u00e9d\u00e9cesseur d\u00e9mocrate du R\u00e9publicain a m\u00eame \u00e9t\u00e9 accroch\u00e9 en haut de l\u2019escalier pr\u00e9sidentiel, dans un espace invisible des touristes.<\/p>\n<p class=\"fig-paragraph\">Barack Obama rel\u00e9gu\u00e9 dans un coin de l\u2019escalier. \u00c0 la Maison Blanche, plusieurs portraits d\u2019anciens chefs d\u2019\u00c9tats am\u00e9ricains ont \u00e9t\u00e9 d\u00e9plac\u00e9s sur ordre de Donald Trump,<a href=\"https:\/\/edition.cnn.com\/2025\/08\/10\/politics\/trump-moves-obama-bush-portraits-to-hidden-stairwell\" target=\"_blank\" rel=\"noopener nofollow\" data-gtm-custom-categorie=\"navigation\" data-gtm-custom-action=\"crossclick\" data-gtm-custom-label=\"Contextuel\" data-gtm-event=\"customEventSPE\">\u00a0a affirm\u00e9 CNN ce 10 ao\u00fbt.<\/a><\/p>\n<p class=\"fig-paragraph\">Selon la cha\u00eene am\u00e9ricaine, les tableaux \u00e0 l\u2019effigie des anciens pr\u00e9sidents r\u00e9publicains George W. Bush, George Herbert Walker Bush, et du d\u00e9mocrate Barack Obama ont \u00e9t\u00e9 d\u00e9plac\u00e9s de l\u2019entr\u00e9e principale du bureau pr\u00e9sidentiel,\u00a0<a href=\"http:\/\/www.lefigaro.fr\/international\/le-bureau-ovale-theatre-des-guets-apens-mediatiques-du-president-trump-20250521\" data-fig-type=\"Article\" data-gtm-custom-categorie=\"navigation\" data-gtm-custom-action=\"crossclick\" data-gtm-custom-label=\"Contextuel\" data-gtm-event=\"customEventSPE\" data-fig-domain=\"LEFIGARO\" rel=\"nofollow noopener\" target=\"_blank\">devenu le th\u00e9\u00e2tre des revirements spectaculaires<\/a>\u00a0de la politique de Trump.<\/p>\n<p>                                    <a class=\"fig-a11y-skip a11y-hidden\" href=\"#fig-a11y-skip-main-inarticle\"><br \/>\n        Passer la publicit\u00e9<br \/>\n    <\/a><\/p>\n<p>Le portrait d\u2019Obama hors de vue des spectateurs<\/p>\n<p class=\"fig-paragraph\">Les portraits des deux Bush tr\u00f4neraient d\u00e9sormais sur les murs de l\u2019escalier pr\u00e9sidentiel. Trump aurait \u00e9galement ordonn\u00e9 \u00e0 son personnel de d\u00e9placer le portrait d\u2019Obama en haut de ce m\u00eame escalier, ont indiqu\u00e9 \u00e0 CNN deux sources proches du dossier. Ce tableau sera ainsi d\u00e9sormais hors de vue des milliers de visiteurs qui visitent la Maison Blanche chaque jour, puisqu\u2019il se trouve dans un espace strictement r\u00e9serv\u00e9 aux membres de la famille pr\u00e9sidentielle, aux agents des services secrets am\u00e9ricains et \u00e0 un nombre limit\u00e9 de membres du personnel de la Maison-Blanche et de la r\u00e9sidence pr\u00e9sidentielle.<\/p>\n<p class=\"fig-paragraph\">Selon le protocole am\u00e9ricain, les portraits des pr\u00e9sidents les plus r\u00e9cents doivent \u00eatre install\u00e9s en bonne place, dans le hall du b\u00e2timent, de fa\u00e7on \u00e0 \u00eatre visibles tant par les invit\u00e9s de marque que par les visiteurs. Celui de Joe Biden, le pr\u00e9d\u00e9cesseur direct de Donald Trump, n\u2019\u00e9tant pas encore termin\u00e9, ceux de Barack Obama et George W. Bush devraient y tr\u00f4ner.<\/p>\n<p class=\"fig-paragraph\"><a href=\"http:\/\/www.lefigaro.fr\/international\/a-la-maison-blanche-donald-trump-remplace-un-portrait-d-obama-par-le-sien-20250412\" data-fig-type=\"NewsFlash\" data-gtm-custom-categorie=\"navigation\" data-gtm-custom-action=\"crossclick\" data-gtm-custom-label=\"Contextuel\" data-gtm-event=\"customEventSPE\" data-fig-domain=\"LEFIGARO\" rel=\"nofollow noopener\" target=\"_blank\">En avril dernier, le portrait d\u2019Obama<\/a>, qui tr\u00f4nait jusqu\u2019\u00e0 pr\u00e9sent dans le grand hall d\u2019entr\u00e9e, avait d\u00e9j\u00e0 \u00e9t\u00e9 remplac\u00e9, sous l\u2019\u00e9gide de Donald Trump, par un tableau de lui le repr\u00e9sentant bless\u00e9, le poing rageur, lors de sa tentative d\u2019assassinat. Le r\u00e9publicain de 78 ans avait fait d\u00e9placer le portrait de l\u2019unique pr\u00e9sident noir de l\u2019histoire des \u00c9tats-Unis de l\u2019autre c\u00f4t\u00e9 du grand couloir d\u2019entr\u00e9e du b\u00e2timent.<\/p>\n<p>L\u2019administration Obama accus\u00e9e de \u00abtrahison\u00bb<\/p>\n<p class=\"fig-paragraph\">La ranc\u0153ur qu\u2019\u00e9prouve\u00a0<a href=\"http:\/\/www.lefigaro.fr\/international\/barack-obama-menotte-et-jete-en-prison-par-le-fbi-quand-donald-trump-partage-des-images-surrealistes-generees-par-ia-20250722\" data-fig-type=\"NewsFlash\" data-gtm-custom-categorie=\"navigation\" data-gtm-custom-action=\"crossclick\" data-gtm-custom-label=\"Contextuel\" data-gtm-event=\"customEventSPE\" data-fig-domain=\"LEFIGARO\" rel=\"nofollow noopener\" target=\"_blank\">Donald Trump \u00e0 l\u2019encontre de Barack Obama<\/a>\u00a0ne date pas d\u2019hier. Alors qu\u2019il \u00e9tait encore promoteur immobilier et star de t\u00e9l\u00e9r\u00e9alit\u00e9, le R\u00e9publicain d\u00e9fendait la fausse affirmation selon laquelle le 44e pr\u00e9sident des \u00c9tats-Unis n\u2019\u00e9tait pas de nationalit\u00e9 am\u00e9ricaine. Plus r\u00e9cemment, Donald Trump a accus\u00e9 l\u2019administration Obama d\u2019avoir \u00abfabriqu\u00e9 et politis\u00e9 des renseignements pour jeter les bases\u00bb de l\u2019enqu\u00eate du FBI dans l\u2019ing\u00e9rence russe dans les \u00e9lections de 2016.<\/p>\n<p class=\"fig-paragraph\">Lors de son premier mandat, Donald Trump avait d\u00e9j\u00e0 fait d\u00e9placer les portraits des deux pr\u00e9sidents Bush, leur pr\u00e9f\u00e9rant les 25e et 26e pr\u00e9sidents des \u00c9tats-Unis, William McKinley et Theodore Roosevelt, bafouant ainsi d\u00e9j\u00e0 les traditions \u00e9tablies jusqu\u2019ici \u00e0 la Maison-Blanche.<\/p>\n","protected":false},"excerpt":{"rendered":"Le portrait du pr\u00e9d\u00e9cesseur d\u00e9mocrate du R\u00e9publicain a m\u00eame \u00e9t\u00e9 accroch\u00e9 en haut de l\u2019escalier pr\u00e9sidentiel, dans un&hellip;\n","protected":false},"author":2,"featured_media":311908,"comment_status":"","ping_status":"","sticky":false,"template":"","format":"standard","meta":{"footnotes":""},"categories":[1589],"tags":[11,75,73,1866,12,1864,1865,1863,308],"class_list":{"0":"post-311907","1":"post","2":"type-post","3":"status-publish","4":"format-standard","5":"has-post-thumbnail","7":"category-etats-unis","8":"tag-actualites","9":"tag-donald-trump","10":"tag-etats-unis","11":"tag-etats-unis-damerique","12":"tag-news","13":"tag-united-states","14":"tag-united-states-of-america","15":"tag-us","16":"tag-usa"},"share_on_mastodon":{"url":"https:\/\/pubeurope.com\/@fr\/115010906602603755","error":""},"_links":{"self":[{"href":"https:\/\/www.europesays.com\/fr\/wp-json\/wp\/v2\/posts\/311907","targetHints":{"allow":["GET"]}}],"collection":[{"href":"https:\/\/www.europesays.com\/fr\/wp-json\/wp\/v2\/posts"}],"about":[{"href":"https:\/\/www.europesays.com\/fr\/wp-json\/wp\/v2\/types\/post"}],"author":[{"embeddable":true,"href":"https:\/\/www.europesays.com\/fr\/wp-json\/wp\/v2\/users\/2"}],"replies":[{"embeddable":true,"href":"https:\/\/www.europesays.com\/fr\/wp-json\/wp\/v2\/comments?post=311907"}],"version-history":[{"count":0,"href":"https:\/\/www.europesays.com\/fr\/wp-json\/wp\/v2\/posts\/311907\/revisions"}],"wp:featuredmedia":[{"embeddable":true,"href":"https:\/\/www.europesays.com\/fr\/wp-json\/wp\/v2\/media\/311908"}],"wp:attachment":[{"href":"https:\/\/www.europesays.com\/fr\/wp-json\/wp\/v2\/media?parent=311907"}],"wp:term":[{"taxonomy":"category","embeddable":true,"href":"https:\/\/www.europesays.com\/fr\/wp-json\/wp\/v2\/categories?post=311907"},{"taxonomy":"post_tag","embeddable":true,"href":"https:\/\/www.europesays.com\/fr\/wp-json\/wp\/v2\/tags?post=311907"}],"curies":[{"name":"wp","href":"https:\/\/api.w.org\/{rel}","templated":true}]}}