{"id":311915,"date":"2025-08-11T15:48:18","date_gmt":"2025-08-11T15:48:18","guid":{"rendered":"https:\/\/www.europesays.com\/fr\/311915\/"},"modified":"2025-08-11T15:48:18","modified_gmt":"2025-08-11T15:48:18","slug":"mae-espagnol-lue-ne-reconnaitra-jamais-lannexion-unilaterale-de-gaza-ou-de-la-cisjordanie","status":"publish","type":"post","link":"https:\/\/www.europesays.com\/fr\/311915\/","title":{"rendered":"MAE espagnol: L\u2019UE ne reconna\u00eetra jamais l\u2019annexion unilat\u00e9rale de Gaza ou de la Cisjordanie"},"content":{"rendered":"<p textalign=\"left\" class=\"\">\u201cCette escalade de l\u2019occupation militaire isra\u00e9lienne de Gaza ne fera qu\u2019apporter plus de morts, plus de souffrances, compliquera davantage la lib\u00e9ration des otages et d\u00e9stabilisera le Moyen-Orient\u201d, d\u00e9clare le ministre.<\/p>\n<p textalign=\"left\" class=\"\">Le ministre espagnol des Affaires \u00e9trang\u00e8res a affirm\u00e9 lundi que ni son pays ni l\u2019Union europ\u00e9enne ne reconna\u00eetraient \u201cjamais\u201d une annexion unilat\u00e9rale de Gaza ou de la Cisjordanie, tout en condamnant l\u2019escalade militaire d\u2019Isra\u00ebl dans le territoire.<\/p>\n<p textalign=\"left\" class=\"\">\u201cJe me suis exprim\u00e9 imm\u00e9diatement, je l\u2019ai fermement condamn\u00e9e : ni nous ni l\u2019Union europ\u00e9enne ne la reconna\u00eetrons jamais\u201d, a d\u00e9clar\u00e9 Jos\u00e9 Manuel Albares \u00e0 la cha\u00eene publique espagnole RTVE.<\/p>\n<p textalign=\"left\" class=\"\">Albares qui a condamn\u00e9 l\u2019escalade militaire d\u2019Isra\u00ebl dans le territoire a soulign\u00e9 que ce dont le Moyen-Orient a le plus besoin actuellement, c\u2019est de s\u00e9curit\u00e9 pour le peuple palestinien et pour le peuple isra\u00e9lien.<\/p>\n<p textalign=\"left\" class=\"\">\u201cCette escalade de l\u2019occupation militaire isra\u00e9lienne de Gaza ne fera qu\u2019apporter plus de morts, plus de souffrances, compliquera davantage la lib\u00e9ration des otages et d\u00e9stabilisera le Moyen-Orient\u201d, a-t-il averti.<\/p>\n<p textalign=\"left\" class=\"\">Il a appel\u00e9 \u00e0 \u201cun cessez-le-feu permanent, la fin du blocus impos\u00e9 par Isra\u00ebl \u00e0 Gaza, cette famine provoqu\u00e9e, un afflux massif d\u2019aide humanitaire, la lib\u00e9ration imm\u00e9diate de tous les otages, et une paix d\u00e9finitive, ce qui revient \u00e0 \u00e9tablir une solution \u00e0 deux \u00c9tats\u201d.<\/p>\n<p textalign=\"left\" class=\"\">Isra\u00ebl fait d\u00e9j\u00e0 face \u00e0 une condamnation croissante pour sa guerre g\u00e9nocidaire \u00e0 Gaza, o\u00f9 plus de 61 000 Palestiniens ont \u00e9t\u00e9 tu\u00e9s depuis octobre 2023.<\/p>\n","protected":false},"excerpt":{"rendered":"\u201cCette escalade de l\u2019occupation militaire isra\u00e9lienne de Gaza ne fera qu\u2019apporter plus de morts, plus de souffrances, compliquera&hellip;\n","protected":false},"author":2,"featured_media":311916,"comment_status":"","ping_status":"","sticky":false,"template":"","format":"standard","meta":{"footnotes":""},"categories":[1586],"tags":[11,1777,674,1779,1011,27,12,25,1778,364],"class_list":{"0":"post-311915","1":"post","2":"type-post","3":"status-publish","4":"format-standard","5":"has-post-thumbnail","7":"category-europe","8":"tag-actualites","9":"tag-eu","10":"tag-europe","11":"tag-european-union","12":"tag-fr","13":"tag-france","14":"tag-news","15":"tag-republique-francaise","16":"tag-ue","17":"tag-union-europeenne"},"share_on_mastodon":{"url":"https:\/\/pubeurope.com\/@fr\/115010922330490598","error":""},"_links":{"self":[{"href":"https:\/\/www.europesays.com\/fr\/wp-json\/wp\/v2\/posts\/311915","targetHints":{"allow":["GET"]}}],"collection":[{"href":"https:\/\/www.europesays.com\/fr\/wp-json\/wp\/v2\/posts"}],"about":[{"href":"https:\/\/www.europesays.com\/fr\/wp-json\/wp\/v2\/types\/post"}],"author":[{"embeddable":true,"href":"https:\/\/www.europesays.com\/fr\/wp-json\/wp\/v2\/users\/2"}],"replies":[{"embeddable":true,"href":"https:\/\/www.europesays.com\/fr\/wp-json\/wp\/v2\/comments?post=311915"}],"version-history":[{"count":0,"href":"https:\/\/www.europesays.com\/fr\/wp-json\/wp\/v2\/posts\/311915\/revisions"}],"wp:featuredmedia":[{"embeddable":true,"href":"https:\/\/www.europesays.com\/fr\/wp-json\/wp\/v2\/media\/311916"}],"wp:attachment":[{"href":"https:\/\/www.europesays.com\/fr\/wp-json\/wp\/v2\/media?parent=311915"}],"wp:term":[{"taxonomy":"category","embeddable":true,"href":"https:\/\/www.europesays.com\/fr\/wp-json\/wp\/v2\/categories?post=311915"},{"taxonomy":"post_tag","embeddable":true,"href":"https:\/\/www.europesays.com\/fr\/wp-json\/wp\/v2\/tags?post=311915"}],"curies":[{"name":"wp","href":"https:\/\/api.w.org\/{rel}","templated":true}]}}