{"id":311917,"date":"2025-08-11T15:49:10","date_gmt":"2025-08-11T15:49:10","guid":{"rendered":"https:\/\/www.europesays.com\/fr\/311917\/"},"modified":"2025-08-11T15:49:10","modified_gmt":"2025-08-11T15:49:10","slug":"donald-trump-va-deployer-800-militaires-de-la-garde-nationale-a-washington","status":"publish","type":"post","link":"https:\/\/www.europesays.com\/fr\/311917\/","title":{"rendered":"Donald Trump va d\u00e9ployer 800 militaires de la Garde nationale \u00e0 Washington"},"content":{"rendered":"<p>Le pr\u00e9sident am\u00e9ricain a annonc\u00e9 ce lundi qu\u2019il pla\u00e7ait le maintien de l\u2019ordre dans la capitale am\u00e9ricaine sous contr\u00f4le f\u00e9d\u00e9ral.<\/p>\n<p class=\"fig-paragraph\">Le pr\u00e9sident am\u00e9ricain\u00a0<a href=\"http:\/\/www.lefigaro.fr\/international\/donald-trump-exige-que-les-universites-americaines-communiquent-les-donnees-sur-l-ethnie-de-leurs-candidats-20250808\" target=\"_blank\" data-fig-type=\"NewsFlash\" rel=\"noopener nofollow\" data-gtm-custom-categorie=\"navigation\" data-gtm-custom-action=\"crossclick\" data-gtm-custom-label=\"Contextuel\" data-gtm-event=\"customEventSPE\" data-fig-domain=\"LEFIGARO\">Donald Trump<\/a>\u00a0a annonc\u00e9 lundi 11 ao\u00fbt 2025 qu\u2019il allait d\u00e9ployer 800 militaires de la garde nationale \u00e0 Washington et qu\u2019il pla\u00e7ait le maintien de l\u2019ordre dans la capitale am\u00e9ricaine sous contr\u00f4le f\u00e9d\u00e9ral, des mesures exceptionnelles pour cette ville qu\u2019il dit\u00abenvahie par des gangs violents\u00bb.<\/p>\n<p class=\"fig-paragraph\">Alors que les statistiques officielles montrent une baisse de la criminalit\u00e9 violente \u00e0 Washington, le pr\u00e9sident am\u00e9ricain a d\u00e9clar\u00e9 invoquer une mesure qui l\u2019autorise \u00e0 prendre le contr\u00f4le de la police de cette ville au statut particulier aux\u00a0<a href=\"http:\/\/www.lefigaro.fr\/international\/etats-unis-un-homme-pousse-sur-les-rails-du-metro-new-yorkais-survit-a-sa-chute-20250811\" target=\"_blank\" data-fig-type=\"NewsFlash\" rel=\"noopener nofollow\" data-gtm-custom-categorie=\"navigation\" data-gtm-custom-action=\"crossclick\" data-gtm-custom-label=\"Contextuel\" data-gtm-event=\"customEventSPE\" data-fig-domain=\"LEFIGARO\">\u00c9tats-Unis.<\/a><\/p>\n<p>                                    <a class=\"fig-a11y-skip a11y-hidden\" href=\"#fig-a11y-skip-main-inarticle\"><br \/>\n        Passer la publicit\u00e9<br \/>\n    <\/a><\/p>\n<p>\u00abNous allons-nous d\u00e9barrasser des bidonvilles\u00bb<\/p>\n<p class=\"fig-paragraph\">\u00abC\u2019est devenu une situation d\u2019anarchie compl\u00e8te et totale, et nous allons-nous d\u00e9barrasser des bidonvilles\u00bb, a affirm\u00e9 Donald Trump lors d\u2019une conf\u00e9rence de presse \u00e0 la Maison-Blanche, apr\u00e8s avoir somm\u00e9 les\u00a0<a href=\"http:\/\/www.lefigaro.fr\/flash-actu\/trump-somme-les-sans-abri-de-partir-loin-de-washington-20250810\" target=\"_blank\" data-fig-type=\"NewsFlash\" rel=\"noopener nofollow\" data-gtm-custom-categorie=\"navigation\" data-gtm-custom-action=\"crossclick\" data-gtm-custom-label=\"Contextuel\" data-gtm-event=\"customEventSPE\" data-fig-domain=\"LEFIGARO\">sans-abri<\/a>\u00a0de Washington de partir \u00abloin\u00bb de la ville dans une publication la veille sur sa plateforme Truth Social.<\/p>\n<p class=\"fig-paragraph\">Le pr\u00e9sident r\u00e9publicain a aussi promis que son initiative ne s\u2019arr\u00eaterait pas \u00e0 Washington, o\u00f9 il a d\u00e9cr\u00e9t\u00e9 un \u00e9tat d\u2019urgence. \u00ab\u00c7a va aller plus loin. Nous commen\u00e7ons de mani\u00e8re tr\u00e8s forte \u00e0 (Washington) et nous allons nettoyer \u00e7a bien rapidement\u00bb, a-t-il d\u00e9clar\u00e9. Donald Trump a aussi dit d\u00e9ployer la Garde nationale, un corps de militaires de r\u00e9serve, \u00abafin de r\u00e9tablir la loi, l\u2019ordre, et la s\u00e9curit\u00e9 publique\u00bb.<\/p>\n<p class=\"fig-paragraph\">Il avait d\u00e9j\u00e0 mobilis\u00e9 en juin\u00a0<a href=\"http:\/\/www.lefigaro.fr\/international\/californie-heurts-et-arrestations-en-marge-d-une-operation-de-la-police-de-l-immigration-20250608\" target=\"_blank\" data-fig-type=\"NewsFlash\" rel=\"noopener nofollow\" data-gtm-custom-categorie=\"navigation\" data-gtm-custom-action=\"crossclick\" data-gtm-custom-label=\"Contextuel\" data-gtm-event=\"customEventSPE\" data-fig-domain=\"LEFIGARO\">la Garde nationale en Californie<\/a>, contre l\u2019avis du gouverneur d\u00e9mocrate, Gavin Newsom, affirmant vouloir ainsi r\u00e9tablir l\u2019ordre \u00e0 Los Angeles apr\u00e8s des manifestations contre des arrestations d\u2019immigr\u00e9s par la police f\u00e9d\u00e9rale de l\u2019immigration (ICE).<\/p>\n","protected":false},"excerpt":{"rendered":"Le pr\u00e9sident am\u00e9ricain a annonc\u00e9 ce lundi qu\u2019il pla\u00e7ait le maintien de l\u2019ordre dans la capitale am\u00e9ricaine sous&hellip;\n","protected":false},"author":2,"featured_media":311918,"comment_status":"","ping_status":"","sticky":false,"template":"","format":"standard","meta":{"footnotes":""},"categories":[2],"tags":[11,75,73,1011,27,12,25,656],"class_list":{"0":"post-311917","1":"post","2":"type-post","3":"status-publish","4":"format-standard","5":"has-post-thumbnail","7":"category-actualites","8":"tag-actualites","9":"tag-donald-trump","10":"tag-etats-unis","11":"tag-fr","12":"tag-france","13":"tag-news","14":"tag-republique-francaise","15":"tag-securite"},"share_on_mastodon":{"url":"https:\/\/pubeurope.com\/@fr\/115010926313531905","error":""},"_links":{"self":[{"href":"https:\/\/www.europesays.com\/fr\/wp-json\/wp\/v2\/posts\/311917","targetHints":{"allow":["GET"]}}],"collection":[{"href":"https:\/\/www.europesays.com\/fr\/wp-json\/wp\/v2\/posts"}],"about":[{"href":"https:\/\/www.europesays.com\/fr\/wp-json\/wp\/v2\/types\/post"}],"author":[{"embeddable":true,"href":"https:\/\/www.europesays.com\/fr\/wp-json\/wp\/v2\/users\/2"}],"replies":[{"embeddable":true,"href":"https:\/\/www.europesays.com\/fr\/wp-json\/wp\/v2\/comments?post=311917"}],"version-history":[{"count":0,"href":"https:\/\/www.europesays.com\/fr\/wp-json\/wp\/v2\/posts\/311917\/revisions"}],"wp:featuredmedia":[{"embeddable":true,"href":"https:\/\/www.europesays.com\/fr\/wp-json\/wp\/v2\/media\/311918"}],"wp:attachment":[{"href":"https:\/\/www.europesays.com\/fr\/wp-json\/wp\/v2\/media?parent=311917"}],"wp:term":[{"taxonomy":"category","embeddable":true,"href":"https:\/\/www.europesays.com\/fr\/wp-json\/wp\/v2\/categories?post=311917"},{"taxonomy":"post_tag","embeddable":true,"href":"https:\/\/www.europesays.com\/fr\/wp-json\/wp\/v2\/tags?post=311917"}],"curies":[{"name":"wp","href":"https:\/\/api.w.org\/{rel}","templated":true}]}}