{"id":311919,"date":"2025-08-11T15:50:18","date_gmt":"2025-08-11T15:50:18","guid":{"rendered":"https:\/\/www.europesays.com\/fr\/311919\/"},"modified":"2025-08-11T15:50:18","modified_gmt":"2025-08-11T15:50:18","slug":"psg-tottenham-lequipe-probable-des-parisiens-en-supercoupe-avec-chevalier-et-sans-neves-suspendu","status":"publish","type":"post","link":"https:\/\/www.europesays.com\/fr\/311919\/","title":{"rendered":"PSG-Tottenham : l\u2019\u00e9quipe probable des Parisiens en Supercoupe avec Chevalier et sans Neves, suspendu"},"content":{"rendered":"<p class=\"paragraph text_align_left lp-f-body-02\">Pas le temps de gamberger, ni de prendre la temp\u00e9rature de son nouvel environnement. A d\u00e9faut de pr\u00e9sentation en grandes pompes au Parc des Princes, c\u2019est par un plongeon, directement dans le grand bain, <a href=\"https:\/\/www.leparisien.fr\/sports\/football\/psg\/coco-on-degage-le-grand-parce-que-tu-es-meilleur-le-defi-colossal-de-lucas-chevalier-au-psg-09-08-2025-PKP6MQQH4VGFBG4U2BK2HVTVHA.php\" target=\"_blank\" rel=\"noreferrer nofollow noopener\">que Lucas Chevalier pourrait lancer son aventure parisienne<\/a>. Quatre jours apr\u00e8s l\u2019officialisation de son arriv\u00e9e pour cinq ans au PSG, l\u2019ex-gardien de Lille pourrait en effet faire ses d\u00e9buts sous ses nouvelles couleurs ce mercredi \u00e0 Udine, \u00e0 l\u2019occasion de la Supercoupe d\u2019Europe qui opposera le vainqueur de la Ligue des champions \u00e0 Tottenham, sacr\u00e9 lui en Europa League. <\/p>\n<p class=\"paragraph text_align_left lp-f-body-02\">Deux mois apr\u00e8s la victoire historique devant l\u2019Inter Milan (5-0) et ce couronnement continental dont il a \u00e9t\u00e9 un des artisans majeurs, Gianluigi Donnarumma ne devrait pas se voir offrir l\u2019opportunit\u00e9 de disputer cette nouvelle \u00ab finale \u00bb dans la cage du club qu\u2019il a rejoint en 2021. Puisque la signature de Lucas Chevalier, promis \u00e0 endosser le costume de num\u00e9ro un, fait office d\u2019invitation au d\u00e9part pour le Transalpin, ce dernier pourrait m\u00eame ne pas faire le d\u00e9placement dans le nord de l\u2019Italie pour ce premier match officiel de la saison. <\/p>\n<p class=\"paragraph text_align_left lp-f-body-02\">Seule certitude, il faudra \u00e0 Luis Enrique \u00eatre \u00e0 l\u2019\u00e9coute de ses troupes au moment de composer son onze de d\u00e9part face aux Anglais. Alors que les Spurs ont, eux, repris le chemin de l\u2019entra\u00eenement d\u00e9but juillet, les Parisiens n\u2019auront m\u00eame pas une semaine de pr\u00e9paration derri\u00e8re eux lorsqu\u2019ils s\u2019envoleront vers l\u2019Italie ce mardi. <\/p>\n<p class=\"paragraph text_align_left lp-f-body-02\">Tous ayant n\u00e9anmoins eu un programme de remise en route individualis\u00e9 \u00e0 suivre pendant les cong\u00e9s, les six jours de boulot effectu\u00e9s depuis la reprise au Campus mercredi dernier donnent toutefois l\u2019espoir au coach espagnol d\u2019aligner un onze comp\u00e9titif.<\/p>\n<p class=\"paragraph text_align_left lp-f-body-02\"><b>L\u2019\u00e9quipe possible du PSG contre Tottenham :<\/b><\/p>\n<p class=\"paragraph text_align_left lp-f-body-02\">Chevalier &#8211; Hakimi, Marquinhos (cap.), Pacho, Mendes &#8211; Za\u00efre Emery, Vitinha, Ruiz &#8211; Dou\u00e9, Demb\u00e9l\u00e9, Kvaratskhelia. <\/p>\n<p class=\"paragraph text_align_left lp-f-body-02\">Une \u00e9quipe de d\u00e9part qui sera amput\u00e9e de Joao Neves, le milieu portugais <a href=\"https:\/\/www.leparisien.fr\/sports\/football\/psg\/psg-suspendu-joao-neves-sera-prive-de-supercoupe-deurope-contre-tottenham-10-08-2025-WTXN5URHVNG6TNZBXFVTFXIQOQ.php\" target=\"_blank\" rel=\"noreferrer nofollow noopener\">ayant \u00e9cop\u00e9 de deux matchs de suspension<\/a> &#8211; contre Tottenham mercredi et Nantes dimanche en L1 &#8211; suite \u00e0 son expulsion en finale de la Coupe du monde des clubs perdue (3-0) contre Chelsea le 13 juillet. Une absence qui devrait logiquement permettre \u00e0 Warren Za\u00efre Emery de commencer dans l\u2019entrejeu aux c\u00f4t\u00e9s des in\u00e9vitables Vitinha et Ruiz. <\/p>\n<p class=\"paragraph text_align_left lp-f-body-02\">Derri\u00e8re, outre donc la premi\u00e8re titularisation de Lucas Chevalier, la d\u00e9fense devrait ressembler \u00e0 celle qui a termin\u00e9 la campagne europ\u00e9enne. Suspendu pour la finale contre les Blues \u00e0 New-York, Pacho devrait ainsi effectuer son retour et reformer son duo avec Marquinhos alors que les flancs seront d\u00e9volus \u00e0 Hakimi et Mendes. <\/p>\n<p class=\"paragraph text_align_left lp-f-body-02\">La recrue ukrainienne Illia Zabarnyi, \u00e0 Paris pour signer son contrat ce lundi, pourrait faire le d\u00e9placement avec ses nouveaux co\u00e9quipiers mais, sans s\u00e9ance d\u2019entra\u00eenement collective avec le groupe, difficile de l\u2019imaginer jouer mercredi soir.<\/p>\n<p class=\"paragraph text_align_left lp-f-body-02\">En attaque, le trident d\u2019attaque nomm\u00e9 parmi les 30 au Ballon d\u2019or, Dou\u00e9 &#8211; Demb\u00e9l\u00e9 &#8211; Kvaratskhelia, pourrait \u00eatre invit\u00e9 \u00e0 ouvrir le bal. <\/p>\n","protected":false},"excerpt":{"rendered":"Pas le temps de gamberger, ni de prendre la temp\u00e9rature de son nouvel environnement. A d\u00e9faut de pr\u00e9sentation&hellip;\n","protected":false},"author":2,"featured_media":311920,"comment_status":"","ping_status":"","sticky":false,"template":"","format":"standard","meta":{"footnotes":""},"categories":[2],"tags":[11,63,1011,27,12,93,25,60],"class_list":{"0":"post-311919","1":"post","2":"type-post","3":"status-publish","4":"format-standard","5":"has-post-thumbnail","7":"category-actualites","8":"tag-actualites","9":"tag-football","10":"tag-fr","11":"tag-france","12":"tag-news","13":"tag-psg","14":"tag-republique-francaise","15":"tag-sports"},"share_on_mastodon":{"url":"https:\/\/pubeurope.com\/@fr\/115010930197549269","error":""},"_links":{"self":[{"href":"https:\/\/www.europesays.com\/fr\/wp-json\/wp\/v2\/posts\/311919","targetHints":{"allow":["GET"]}}],"collection":[{"href":"https:\/\/www.europesays.com\/fr\/wp-json\/wp\/v2\/posts"}],"about":[{"href":"https:\/\/www.europesays.com\/fr\/wp-json\/wp\/v2\/types\/post"}],"author":[{"embeddable":true,"href":"https:\/\/www.europesays.com\/fr\/wp-json\/wp\/v2\/users\/2"}],"replies":[{"embeddable":true,"href":"https:\/\/www.europesays.com\/fr\/wp-json\/wp\/v2\/comments?post=311919"}],"version-history":[{"count":0,"href":"https:\/\/www.europesays.com\/fr\/wp-json\/wp\/v2\/posts\/311919\/revisions"}],"wp:featuredmedia":[{"embeddable":true,"href":"https:\/\/www.europesays.com\/fr\/wp-json\/wp\/v2\/media\/311920"}],"wp:attachment":[{"href":"https:\/\/www.europesays.com\/fr\/wp-json\/wp\/v2\/media?parent=311919"}],"wp:term":[{"taxonomy":"category","embeddable":true,"href":"https:\/\/www.europesays.com\/fr\/wp-json\/wp\/v2\/categories?post=311919"},{"taxonomy":"post_tag","embeddable":true,"href":"https:\/\/www.europesays.com\/fr\/wp-json\/wp\/v2\/tags?post=311919"}],"curies":[{"name":"wp","href":"https:\/\/api.w.org\/{rel}","templated":true}]}}