{"id":311923,"date":"2025-08-11T15:53:10","date_gmt":"2025-08-11T15:53:10","guid":{"rendered":"https:\/\/www.europesays.com\/fr\/311923\/"},"modified":"2025-08-11T15:53:10","modified_gmt":"2025-08-11T15:53:10","slug":"beach-volley-a-balaruc-le-real-corniche-met-les-pieds-dans-le-sable","status":"publish","type":"post","link":"https:\/\/www.europesays.com\/fr\/311923\/","title":{"rendered":"Beach-volley\u00a0: \u00e0 Balaruc, le R\u00e9al Corniche met les pieds dans le sable"},"content":{"rendered":"<p>\n                                                                Nouvelle association, lancement d\u2019un tournoi nocturne, on innove dans la cit\u00e9 thermale.\n                            <\/p>\n<p>Ce vendredi 1er\u00a0ao\u00fbt, les terrains de beach-volley de Balaruc-les-Bains ont vibr\u00e9 au rythme du premier tournoi nocturne organis\u00e9 par le RCVB (R\u00e9al Corniche Volley Balarucois), une jeune association \u00e0 peine cr\u00e9\u00e9e.<\/p>\n<p>Malgr\u00e9 un d\u00e9lai serr\u00e9 d\u2019une semaine pour tout pr\u00e9parer, les dirigeants du club ont relev\u00e9 le d\u00e9fi avec brio, soutenus par la municipalit\u00e9 qui a mis \u00e0 disposition ses installations face \u00e0 l\u2019\u00e9tang de Thau. Un cadre qui, au passage, avait d\u00e9j\u00e0 fait ses preuves pour avoir notamment servi \u00e0 la pr\u00e9paration de l\u2019\u00e9quipe cubaine de beach-volley.<\/p>\n<p>Un pari r\u00e9ussi pour le jeune club<\/p>\n<p>Initialement pr\u00e9vu pour seize \u00e9quipes, l\u2019engouement a \u00e9t\u00e9 tel que vingt-six formations, compos\u00e9es de joueurs \u00e2g\u00e9s de 14 \u00e0 65 ans et venant de tout le bassin de Thau, se sont affront\u00e9es sur huit terrains sp\u00e9cialement am\u00e9nag\u00e9s.<\/p>\n<p>Au final, c\u2019est l\u2019\u00e9quipe agathoise justement nomm\u00e9e \u00ab\u00a0Les Bains de Minuit\u00a0\u00bb\u00a0qui a remport\u00e9 le troph\u00e9e apr\u00e8s un duel serr\u00e9, s\u2019imposant sur le score fleuve de 34-32 face \u00e0 ses adversaires montpelli\u00e9rains.<\/p>\n<p>Les joueurs et le public, venu nombreux pour l\u2019occasion, ont salu\u00e9 l\u2019organisation et l\u2019atmosph\u00e8re unique de cette premi\u00e8re \u00e9dition sous les \u00e9toiles.<\/p>\n<p>Une suite est d\u00e9j\u00e0 pr\u00e9vue pour septembre<\/p>\n<p>Forts de ce succ\u00e8s, les organisateurs ont d\u2019ores et d\u00e9j\u00e0 annonc\u00e9 l\u2019organisation d\u2019un nouveau tournoi, cette fois en journ\u00e9e. Il aura lieu le dimanche 7\u00a0septembre et pourra ainsi lancer officiellement la nouvelle saison.<\/p>\n<p>De quoi confirmer la dynamique sportive impuls\u00e9e par le R\u00e9al Corniche Volley Balarucois avec la ville de Balaruc-les-Bains.<\/p>\n","protected":false},"excerpt":{"rendered":"Nouvelle association, lancement d\u2019un tournoi nocturne, on innove dans la cit\u00e9 thermale. Ce vendredi 1er\u00a0ao\u00fbt, les terrains de&hellip;\n","protected":false},"author":2,"featured_media":311924,"comment_status":"","ping_status":"","sticky":false,"template":"","format":"standard","meta":{"footnotes":""},"categories":[1417],"tags":[1011,27,60,1470,1469],"class_list":{"0":"post-311923","1":"post","2":"type-post","3":"status-publish","4":"format-standard","5":"has-post-thumbnail","7":"category-volley","8":"tag-fr","9":"tag-france","10":"tag-sports","11":"tag-volley","12":"tag-volleyball"},"share_on_mastodon":{"url":"https:\/\/pubeurope.com\/@fr\/115010941932095066","error":""},"_links":{"self":[{"href":"https:\/\/www.europesays.com\/fr\/wp-json\/wp\/v2\/posts\/311923","targetHints":{"allow":["GET"]}}],"collection":[{"href":"https:\/\/www.europesays.com\/fr\/wp-json\/wp\/v2\/posts"}],"about":[{"href":"https:\/\/www.europesays.com\/fr\/wp-json\/wp\/v2\/types\/post"}],"author":[{"embeddable":true,"href":"https:\/\/www.europesays.com\/fr\/wp-json\/wp\/v2\/users\/2"}],"replies":[{"embeddable":true,"href":"https:\/\/www.europesays.com\/fr\/wp-json\/wp\/v2\/comments?post=311923"}],"version-history":[{"count":0,"href":"https:\/\/www.europesays.com\/fr\/wp-json\/wp\/v2\/posts\/311923\/revisions"}],"wp:featuredmedia":[{"embeddable":true,"href":"https:\/\/www.europesays.com\/fr\/wp-json\/wp\/v2\/media\/311924"}],"wp:attachment":[{"href":"https:\/\/www.europesays.com\/fr\/wp-json\/wp\/v2\/media?parent=311923"}],"wp:term":[{"taxonomy":"category","embeddable":true,"href":"https:\/\/www.europesays.com\/fr\/wp-json\/wp\/v2\/categories?post=311923"},{"taxonomy":"post_tag","embeddable":true,"href":"https:\/\/www.europesays.com\/fr\/wp-json\/wp\/v2\/tags?post=311923"}],"curies":[{"name":"wp","href":"https:\/\/api.w.org\/{rel}","templated":true}]}}