{"id":311927,"date":"2025-08-11T15:55:16","date_gmt":"2025-08-11T15:55:16","guid":{"rendered":"https:\/\/www.europesays.com\/fr\/311927\/"},"modified":"2025-08-11T15:55:16","modified_gmt":"2025-08-11T15:55:16","slug":"novak-djokovic-a-quoi-ressemble-sa-spectaculaire-villa-a-marbella","status":"publish","type":"post","link":"https:\/\/www.europesays.com\/fr\/311927\/","title":{"rendered":"Novak Djokovic : \u00e0 quoi ressemble sa spectaculaire villa \u00e0 Marbella ?"},"content":{"rendered":"<p data-start=\"213\" data-end=\"763\">Durant la pand\u00e9mie de COVID,<br \/>\nNovak Djokovic et sa famille ont emm\u00e9nag\u00e9 dans une magnifique<br \/>\nr\u00e9sidence \u00e0 Marbella. Ce n\u2019\u00e9tait, \u00e0 l\u2019origine, qu\u2019une maison lou\u00e9e<br \/>\npour le <strong>confinement<\/strong>. Mais le coup de c\u0153ur a pouss\u00e9<br \/>\nle p\u00e8re de famille \u00e0 l\u2019acheter fin 2020. Prix de cette villa ultra<br \/>\nluxueuse ? Environ <strong data-start=\"555\" data-end=\"578\">10<br \/>\nmillions d\u2019euros,<\/strong> une somme colossale, mais d\u00e9risoire face<br \/>\n\u00e0 ses <strong data-start=\"628\" data-end=\"665\">123 millions de gains<br \/>\nen carri\u00e8re<\/strong> (hors sponsors). Il y vit d\u00e9sormais avec<br \/>\n<a href=\"https:\/\/www.closermag.fr\/people\/novak-djokovic-qui-est-sa-femme-jelena-1181595#item=1\" rel=\"nofollow noopener\" target=\"_blank\"><br \/>\nson \u00e9pouse Jelena<\/a> et leurs deux enfants, <strong>Stefan et<br \/>\nTara.<\/strong><\/p>\n<p data-start=\"765\" data-end=\"1101\">La villa compte<br \/>\n<strong data-start=\"781\" data-end=\"798\">neuf chambres<\/strong>,<br \/>\n<strong data-start=\"800\" data-end=\"824\">huit salles de<br \/>\nbains<\/strong>, un <strong data-start=\"829\" data-end=\"854\">court de<br \/>\ntennis priv\u00e9<\/strong>, une <strong data-start=\"860\" data-end=\"878\">salle de sport<\/strong>, un <strong data-start=\"883\" data-end=\"920\">spa avec hammam, sauna et jacuzzi<\/strong>, une<br \/>\n<strong data-start=\"926\" data-end=\"948\">piscine ext\u00e9rieure<\/strong><br \/>\net un <strong data-start=\"955\" data-end=\"978\">home cin\u00e9ma de<br \/>\nluxe<\/strong>. Le tout ? Avec une vue panoramique entre <strong>mer<br \/>\net montagnes.\u00a0<\/strong><\/p>\n<p>Une salle de cin\u00e9ma priv\u00e9e,<br \/>\nun spa, une piscine\u2026 tout y est dans la r\u00e9sidence de Novak<br \/>\nDjokovic<\/p>\n<p data-start=\"1173\" data-end=\"1609\">L\u2019int\u00e9rieur de la maison de<br \/>\nNovak Djokovic impressionne par ses volumes et son style. Le salon<br \/>\nm\u00eale <strong data-start=\"1255\" data-end=\"1273\">mobilier<br \/>\nblanc<\/strong>, <strong data-start=\"1275\" data-end=\"1299\">chemin\u00e9e<br \/>\nmajestueuse<\/strong> et <strong data-start=\"1303\" data-end=\"1320\">lustre design<\/strong>. La cuisine, toute de <strong>blanc<br \/>\nlaqu\u00e9,<\/strong> compl\u00e8te ce d\u00e9cor \u00e9pur\u00e9. Mais la pi\u00e8ce la plus<br \/>\nmarquante reste la <strong data-start=\"1422\" data-end=\"1441\">salle<br \/>\nde cin\u00e9ma<\/strong> : <strong data-start=\"1444\" data-end=\"1459\">grand \u00e9cran<\/strong>, <strong data-start=\"1461\" data-end=\"1483\">canap\u00e9 rouge g\u00e9ant<\/strong>, <strong data-start=\"1485\" data-end=\"1499\">projecteur<\/strong>, <strong data-start=\"1501\" data-end=\"1522\">lumi\u00e8res tamis\u00e9es<\/strong> et <strong data-start=\"1526\" data-end=\"1554\">affiches de films cultes<\/strong>.<\/p>\n<p data-start=\"1611\" data-end=\"1965\">\u00c0 l\u2019ext\u00e9rieur, la<br \/>\n<strong data-start=\"1629\" data-end=\"1666\">piscine surplombe la<br \/>\nM\u00e9diterran\u00e9e<\/strong>. En \u00e9t\u00e9, c\u2019est le lieu pr\u00e9f\u00e9r\u00e9 de la famille.<br \/>\nEt lorsque l\u2019adversaire de <a href=\"https:\/\/www.closermag.fr\/people\/rafael-nadal-qui-est-sa-femme-xisca-1181584#item=1\" rel=\"nofollow noopener\" target=\"_blank\"><br \/>\nRafael Nadal<\/a> ne voyage pas pour un tournoi, Novak Djokovic<br \/>\nentretient sa forme dans sa <strong>salle de sport<\/strong> ou sur<br \/>\nson <strong data-start=\"1817\" data-end=\"1842\">court de tennis<br \/>\npriv\u00e9<\/strong>, install\u00e9 dans le jardin. Cette maison ? Un<br \/>\n<strong data-start=\"1899\" data-end=\"1922\">sanctuaire<br \/>\nfamilial<\/strong> et un <strong data-start=\"1929\" data-end=\"1964\">centre d\u2019entra\u00eenement personnel<\/strong>.<\/p>\n<p>Un<br \/>\npatrimoine immobilier XXL pour le num\u00e9ro 1 mondial<\/p>\n<p data-start=\"2031\" data-end=\"2537\">Mais cette propri\u00e9t\u00e9 n\u2019est<br \/>\nqu\u2019une pi\u00e8ce du puzzle immobilier de Novak Djokovic. En plus de<br \/>\nMarbella, le Serbe poss\u00e8de un bien \u00e0 <strong data-start=\"2155\" data-end=\"2170\">Monte-Carlo<\/strong>, o\u00f9 il a v\u00e9cu avant le<br \/>\nconfinement. Il en a \u00e9galement <strong data-start=\"2207\" data-end=\"2221\">\u00e0 Belgrade<\/strong> o\u00f9 ses parents vivent dans son penthouse<br \/>\n\u00e0 425 000 \u20ac, <strong data-start=\"2285\" data-end=\"2296\">\u00e0<br \/>\nDuba\u00ef<\/strong> et <strong data-start=\"2300\" data-end=\"2314\">\u00e0 New<br \/>\nYork<\/strong>. Il a aussi vendu, en 2023, son spectaculaire<br \/>\nappartement \u00e0 <strong data-start=\"2375\" data-end=\"2384\">Miami<\/strong> pour pr\u00e8s de 4 millions d\u2019euros :<br \/>\n<strong data-start=\"2419\" data-end=\"2452\">piscine chauff\u00e9e de 17<br \/>\nm\u00e8tres<\/strong>, <strong data-start=\"2454\" data-end=\"2490\">terrasse<br \/>\nde 25 pieds sur l\u2019oc\u00e9an<\/strong>, <strong data-start=\"2492\" data-end=\"2515\">design bois naturel<\/strong> et baies vitr\u00e9es<br \/>\nXXL.<\/p>\n<p data-start=\"2539\" data-end=\"2748\">\u00c0 travers ses choix<br \/>\nimmobiliers, Novak Djokovic r\u00e9v\u00e8le une vie aussi soign\u00e9e que sa<br \/>\ncarri\u00e8re : entre <strong data-start=\"2634\" data-end=\"2668\">prestige, calme et performance<\/strong>, il fa\u00e7onne des<br \/>\nlieux \u00e0 son image.<\/p>\n<p>Diaporama<br \/>\n<img decoding=\"async\" class=\"diapo_img img-responsive lazy-load\" loading=\"lazy\" src=\"https:\/\/www.europesays.com\/fr\/wp-content\/uploads\/2025\/08\/bestimage_00508348_000003-scaled.jpg\"\/><\/p>\n<p>BESTIMAGE<\/p>\n<p>1\/6 Novak Djokovic : piscine et court de<br \/>\ntennis&#8230; A quoi ressemble sa spectaculaire villa \u00e0 Marbella ?<\/p>\n<p>Novak Djokovic a achet\u00e9 une propri\u00e9t\u00e9 \u00e0 Marbella pour 10<br \/>\nmillions d&rsquo;euros. C&rsquo;est la m\u00eame maison dans laquelle il a pass\u00e9 le<br \/>\nconfinement avec sa famille.<\/p>\n<p>Novak Djokovic a achet\u00e9 une propri\u00e9t\u00e9 \u00e0 Marbella pour 10<br \/>\nmillions d&rsquo;euros. C&rsquo;est la m\u00eame maison dans laquelle il a pass\u00e9 le<br \/>\nconfinement avec sa famille.<\/p>\n<p><img decoding=\"async\" class=\"diapo_img img-responsive lazy-load\" loading=\"lazy\" src=\"https:\/\/www.europesays.com\/fr\/wp-content\/uploads\/2025\/08\/bestimage_00508348_000007-scaled.jpg\"\/><\/p>\n<p>BESTIMAGE<\/p>\n<p>2\/6 Novak Djokovic : piscine et court de<br \/>\ntennis&#8230; A quoi ressemble sa spectaculaire villa \u00e0 Marbella ?<\/p>\n<p>Il vit \u00e0 Marbella avec son \u00e9pouse Jelena et leurs deux enfants,<br \/>\nStefan et Tara.<\/p>\n<p>Il vit \u00e0 Marbella avec son \u00e9pouse Jelena et leurs deux enfants,<br \/>\nStefan et Tara.<\/p>\n<p><img decoding=\"async\" class=\"diapo_img img-responsive lazy-load\" loading=\"lazy\" src=\"https:\/\/www.europesays.com\/fr\/wp-content\/uploads\/2025\/08\/bestimage_00555362_000023-scaled.jpg\"\/><\/p>\n<p>BESTIMAGE<\/p>\n<p>3\/6 Novak Djokovic : piscine et court de<br \/>\ntennis&#8230; A quoi ressemble sa spectaculaire villa \u00e0 Marbella ?<\/p>\n<p>La villa compte neuf chambres, huit salles de bains, un court de<br \/>\ntennis priv\u00e9, une salle de sport, un spa avec hammam, sauna et<br \/>\njacuzzi, une piscine ext\u00e9rieure et un home cin\u00e9ma de luxe.<\/p>\n<p>La villa compte neuf chambres, huit salles de bains, un court de<br \/>\ntennis priv\u00e9, une salle de sport, un spa avec hammam, sauna et<br \/>\njacuzzi, une piscine ext\u00e9rieure et un home cin\u00e9ma de luxe.<\/p>\n<p><img decoding=\"async\" class=\"diapo_img img-responsive lazy-load\" loading=\"lazy\" src=\"https:\/\/www.europesays.com\/fr\/wp-content\/uploads\/2025\/08\/bestimage_00555362_000010-scaled.jpg\"\/><\/p>\n<p>BESTIMAGE<\/p>\n<p>4\/6 Novak Djokovic : piscine et court de<br \/>\ntennis&#8230; A quoi ressemble sa spectaculaire villa \u00e0 Marbella ?<\/p>\n<p>Novak Djokovic entretient sa forme dans sa salle de sport ou sur<br \/>\nson court de tennis priv\u00e9, install\u00e9 dans le jardin. Cette maison ?<br \/>\nUn sanctuaire familial et un centre d\u2019entra\u00eenement personnel.<\/p>\n<p>Novak Djokovic entretient sa forme dans sa salle de sport ou sur<br \/>\nson court de tennis priv\u00e9, install\u00e9 dans le jardin. Cette maison ?<br \/>\nUn sanctuaire familial et un centre d\u2019entra\u00eenement personnel.<\/p>\n<p><img decoding=\"async\" class=\"diapo_img img-responsive lazy-load\" loading=\"lazy\" src=\"https:\/\/www.europesays.com\/fr\/wp-content\/uploads\/2025\/08\/bestimage_00534778_000023-scaled.jpg\"\/><\/p>\n<p>BESTIMAGE<\/p>\n<p>5\/6 Novak Djokovic : piscine et court de<br \/>\ntennis&#8230; A quoi ressemble sa spectaculaire villa \u00e0 Marbella ?<\/p>\n<p>En plus de Marbella, le Serbe poss\u00e8de un bien \u00e0 Monte-Carlo, \u00e0<br \/>\nBelgrade, \u00e0 Duba\u00ef et \u00e0 New York<\/p>\n<p>En plus de Marbella, le Serbe poss\u00e8de un bien \u00e0 Monte-Carlo, \u00e0<br \/>\nBelgrade, \u00e0 Duba\u00ef et \u00e0 New York<\/p>\n<p><img decoding=\"async\" class=\"diapo_img img-responsive lazy-load\" loading=\"lazy\" src=\"https:\/\/www.europesays.com\/fr\/wp-content\/uploads\/2025\/08\/bestimage_00534778_000003-scaled.jpg\"\/><\/p>\n<p>BESTIMAGE<\/p>\n<p>6\/6 Novak Djokovic : piscine et court de<br \/>\ntennis&#8230; A quoi ressemble sa spectaculaire villa \u00e0 Marbella ?<\/p>\n<p>Il a aussi vendu, en 2023, son spectaculaire appartement \u00e0 Miami<br \/>\npour pr\u00e8s de 4 millions d\u2019euros : piscine chauff\u00e9e de 17 m\u00e8tres,<br \/>\nterrasse de 25 pieds sur l\u2019oc\u00e9an, design bois naturel et baies<br \/>\nvitr\u00e9es XXL.<\/p>\n<p>Il a aussi vendu, en 2023, son spectaculaire appartement \u00e0 Miami<br \/>\npour pr\u00e8s de 4 millions d\u2019euros : piscine chauff\u00e9e de 17 m\u00e8tres,<br \/>\nterrasse de 25 pieds sur l\u2019oc\u00e9an, design bois naturel et baies<br \/>\nvitr\u00e9es XXL.<\/p>\n","protected":false},"excerpt":{"rendered":"Durant la pand\u00e9mie de COVID, Novak Djokovic et sa famille ont emm\u00e9nag\u00e9 dans une magnifique r\u00e9sidence \u00e0 Marbella.&hellip;\n","protected":false},"author":2,"featured_media":311928,"comment_status":"","ping_status":"","sticky":false,"template":"","format":"standard","meta":{"footnotes":""},"categories":[1415],"tags":[1011,27,1638,6433,6055,60,1467],"class_list":{"0":"post-311927","1":"post","2":"type-post","3":"status-publish","4":"format-standard","5":"has-post-thumbnail","7":"category-tennis","8":"tag-fr","9":"tag-france","10":"tag-has_diapo","11":"tag-novak-djokovic","12":"tag-republishing","13":"tag-sports","14":"tag-tennis"},"share_on_mastodon":{"url":"https:\/\/pubeurope.com\/@fr\/115010949969542040","error":""},"_links":{"self":[{"href":"https:\/\/www.europesays.com\/fr\/wp-json\/wp\/v2\/posts\/311927","targetHints":{"allow":["GET"]}}],"collection":[{"href":"https:\/\/www.europesays.com\/fr\/wp-json\/wp\/v2\/posts"}],"about":[{"href":"https:\/\/www.europesays.com\/fr\/wp-json\/wp\/v2\/types\/post"}],"author":[{"embeddable":true,"href":"https:\/\/www.europesays.com\/fr\/wp-json\/wp\/v2\/users\/2"}],"replies":[{"embeddable":true,"href":"https:\/\/www.europesays.com\/fr\/wp-json\/wp\/v2\/comments?post=311927"}],"version-history":[{"count":0,"href":"https:\/\/www.europesays.com\/fr\/wp-json\/wp\/v2\/posts\/311927\/revisions"}],"wp:featuredmedia":[{"embeddable":true,"href":"https:\/\/www.europesays.com\/fr\/wp-json\/wp\/v2\/media\/311928"}],"wp:attachment":[{"href":"https:\/\/www.europesays.com\/fr\/wp-json\/wp\/v2\/media?parent=311927"}],"wp:term":[{"taxonomy":"category","embeddable":true,"href":"https:\/\/www.europesays.com\/fr\/wp-json\/wp\/v2\/categories?post=311927"},{"taxonomy":"post_tag","embeddable":true,"href":"https:\/\/www.europesays.com\/fr\/wp-json\/wp\/v2\/tags?post=311927"}],"curies":[{"name":"wp","href":"https:\/\/api.w.org\/{rel}","templated":true}]}}