{"id":311929,"date":"2025-08-11T15:57:16","date_gmt":"2025-08-11T15:57:16","guid":{"rendered":"https:\/\/www.europesays.com\/fr\/311929\/"},"modified":"2025-08-11T15:57:16","modified_gmt":"2025-08-11T15:57:16","slug":"motogp-pit-beirer-ktm-nous-ne-sommes-pas-satisfaits-de-nos-performances-avec-brad-binder-il-a-de-plus-en-plus-de-mal-a-faire-fonctionner-ce-package","status":"publish","type":"post","link":"https:\/\/www.europesays.com\/fr\/311929\/","title":{"rendered":"MotoGP, Pit Beirer KTM : \u00ab\u00a0nous ne sommes pas satisfaits de nos performances avec Brad Binder. Il a de plus en plus de mal \u00e0 faire fonctionner ce package\u00a0\u00bb"},"content":{"rendered":"<p><strong>Brad Binder, pilote KTM, ne connait plus le podium en<br \/>\nMotoGP depuis un an et demi, apr\u00e8s avoir fait une impressionnante<br \/>\ndeuxi\u00e8me place lors de l\u2019ouverture de la saison 2024 au Qatar.<br \/>\nMalgr\u00e9 des r\u00e9sultats r\u00e9guliers l\u2019an dernier, o\u00f9 il a termin\u00e9<br \/>\ncinqui\u00e8me du Championnat du monde, la saison actuelle s\u2019av\u00e8re bien<br \/>\nplus complexe pour le Sud-Africain. Apr\u00e8s douze des 22 week-ends de<br \/>\ncourse, Binder pointe \u00e0 la douzi\u00e8me place du classement g\u00e9n\u00e9ral,<br \/>\navec une sixi\u00e8me place comme meilleur r\u00e9sultat, \u00e0 la fois en sprint<br \/>\nau Sachsenring et en Grand Prix \u00e0 Jerez.<\/strong><\/p>\n<p><strong>Binder<\/strong> a partag\u00e9 ses frustrations quant aux<br \/>\ndifficult\u00e9s rencontr\u00e9es cette saison : \u00ab honn\u00eatement, la plus<br \/>\ngrande contrainte est difficile \u00e0 identifier \u00bb, a-t-il<br \/>\nexpliqu\u00e9. \u00ab Je pense que cela d\u00e9pend beaucoup du circuit. Sur<br \/>\ncertains circuits, nous sommes tr\u00e8s performants, mais sur d\u2019autres,<br \/>\nnous peinons. \u00bb Malgr\u00e9 des performances mitig\u00e9es,<br \/>\n<strong>Binder<\/strong> a constat\u00e9 des progr\u00e8s sur certains aspects<br \/>\nde la moto : \u00ab mais je dirais que quelque chose a chang\u00e9 ces<br \/>\ndeux ou trois derni\u00e8res courses, et <strong>nous semblons trouver<br \/>\nla bonne voie<\/strong>. \u00bb<\/p>\n<p>L\u2019un des probl\u00e8mes majeurs rencontr\u00e9s par<br \/>\n<strong>Binder<\/strong> a \u00e9t\u00e9 le broutage intense de la roue<br \/>\narri\u00e8re, puis de la roue avant. Cependant, il estime avoir mieux<br \/>\nma\u00eetris\u00e9 ce probl\u00e8me au fil de la saison. Ce qui lui manque<br \/>\nd\u00e9sormais, c\u2019est un peu plus d\u2019adh\u00e9rence \u00e0 l\u2019avant de la moto : \u00ab<br \/>\nce qui nous aiderait vraiment en ce moment, <strong>c\u2019est un<br \/>\npeu plus d\u2019adh\u00e9rence \u00e0 l\u2019avant<\/strong> ; c\u2019est exactement ce que<br \/>\nnous recherchons. Le probl\u00e8me, c\u2019est qu\u2019il est tr\u00e8s facile de<br \/>\nd\u00e9s\u00e9quilibrer la moto. \u00bb<\/p>\n<p><img decoding=\"async\" class=\"aligncenter\" src=\"https:\/\/www.europesays.com\/fr\/wp-content\/uploads\/2025\/08\/342975_w620_h500.webp\" alt=\"Photo de couverture pour les nouvelles : Brad Binder, Luca Marini\"\/><\/p>\n<p><strong>Pit Beirer\u00a0:<br \/>\n\u00ab\u00a0nous savons clairement que nous devons aider Brad<br \/>\nBinder\u00a0\u00bb<\/strong><\/p>\n<p>L\u2019adaptation aux nouveaux compos\u00e9s de pneus de <a href=\"https:\/\/www.paddock-gp.com\/motogp-test-aragon-michelin-va-prendre-une-grande-decision-ce-lundi\/\" rel=\"nofollow noopener\" target=\"_blank\"><br \/>\n<strong>Michelin<\/strong><\/a> en 2024 a \u00e9t\u00e9 particuli\u00e8rement<br \/>\ndifficile pour <strong>Binder<\/strong>, avec des vibrations<br \/>\nparticuli\u00e8rement fortes sur la <strong>KTM<\/strong>, ce qui n\u2019a pas<br \/>\nfacilit\u00e9 son adaptation. En revanche, <strong>Maverick<br \/>\nVi\u00f1ales<\/strong> a trouv\u00e9 de meilleures performances gr\u00e2ce \u00e0 une<br \/>\nconfiguration diff\u00e9rente et une r\u00e9partition du poids modifi\u00e9e, ce<br \/>\nqui a donn\u00e9 un ton \u00e0 <strong>KTM<\/strong> pour cette ann\u00e9e.<\/p>\n<p><a href=\"https:\/\/www.paddock-gp.com\/motogp-ktm-verrouille-son-avenir-pit-beirer-confirme-pilotes-et-motos-pour-2026-acosta-reste-tech3-aussi\/\" rel=\"nofollow noopener\" target=\"_blank\"><br \/>\n<strong>Pit Beirer<\/strong><\/a>, directeur de <a href=\"https:\/\/www.paddock-gp.com\/street-ktm-est-clair-sur-la-responsabilite-de-sa-crise-les-velos-electriques\/\" rel=\"nofollow noopener\" target=\"_blank\"><br \/>\n<strong>KTM Motorsport<\/strong><\/a>, a promis un soutien continu<br \/>\npour aider <strong>Binder<\/strong> \u00e0 s\u2019adapter : \u00ab parce que<br \/>\ndans cette cat\u00e9gorie, impossible de concourir sans confiance.<br \/>\n\u00bb <strong>Beirer<\/strong> reconna\u00eet que <strong>Binder<\/strong> a<br \/>\nde plus en plus de mal \u00e0 faire fonctionner la moto actuelle : \u00ab<br \/>\nnous savons donc clairement que nous devons aider Brad.<br \/>\nEffectivement, nous ne sommes pas satisfaits de nos performances<br \/>\navec Brad. \u00bb<\/p>\n<p>Avant la pause estivale, <strong>Binder<\/strong> a v\u00e9cu une<br \/>\njourn\u00e9e difficile \u00e0 <strong>Brno<\/strong>, o\u00f9 il avait marqu\u00e9<br \/>\nl\u2019histoire en 2020 en offrant \u00e0 <strong>KTM<\/strong> sa premi\u00e8re<br \/>\nvictoire en MotoGP. En 2025, la situation \u00e9tait moins favorable, et<br \/>\n<strong>Binder<\/strong> n\u2019a termin\u00e9 que 19e lors des<br \/>\nqualifications. Cependant, <strong>KTM<\/strong> a montr\u00e9 une bonne<br \/>\nforme \u00e0 Brno, avec <strong>Pedro Acosta<\/strong> et <strong>Enea<br \/>\nBastianini<\/strong> prenant les deuxi\u00e8me et troisi\u00e8me places du<br \/>\nsprint, et <strong>Binder<\/strong> remontant \u00e0 la dixi\u00e8me place<br \/>\nlors de la course.<\/p>\n<p><strong>Binder<\/strong> a termin\u00e9 huiti\u00e8me lors de la course du<br \/>\ndimanche, apr\u00e8s \u00eatre parti loin sur la grille, et a exprim\u00e9 sa<br \/>\nsatisfaction relative : \u00ab honn\u00eatement, je ne peux pas demander<br \/>\nmieux, vu mon point de d\u00e9part. \u00bb Le Sud-Africain a \u00e9galement<br \/>\nmentionn\u00e9 qu\u2019il ressentait des am\u00e9liorations dans certaines parties<br \/>\nde la course : \u00ab <strong>nous avons fait un peu<br \/>\nmieux<\/strong>. Je pense que nous avons trouv\u00e9 le moyen<br \/>\nd\u2019\u00eatre un peu plus performants en milieu de virage et en sortie de<br \/>\nvirage. \u00bb<\/p>\n<p><strong>Binder<\/strong> est convaincu que, s\u2019il parvient \u00e0<br \/>\ntrouver un \u00e9quilibre dans son pilotage, les r\u00e9sultats suivront<br \/>\nnaturellement : \u00ab si nous y parvenons, je suis convaincu que<br \/>\nnous pourrons envisager un avenir prometteur. \u00bb Il cherche \u00e0<br \/>\nobtenir une meilleure sensation de la roue avant et \u00e0 am\u00e9liorer ses<br \/>\nfreinages et entr\u00e9es de virage. L\u2019objectif est de garantir que le<br \/>\npneu avant soit bien coll\u00e9 au sol, et si cela se concr\u00e9tise,<br \/>\n<strong>Binder<\/strong> est confiant dans le potentiel de la<br \/>\n<strong>KTM<\/strong> et son propre avenir en <a href=\"https:\/\/www.motogp.com\/en\" rel=\"nofollow noopener\" target=\"_blank\">MotoGP<\/a>.<\/p>\n<p><img decoding=\"async\" class=\"aligncenter\" src=\"https:\/\/www.europesays.com\/fr\/wp-content\/uploads\/2025\/08\/w620_h500_314572.jpg\" alt=\"Pit Beirer\"\/><\/p>\n<p>\u00a0<\/p>\n","protected":false},"excerpt":{"rendered":"Brad Binder, pilote KTM, ne connait plus le podium en MotoGP depuis un an et demi, apr\u00e8s avoir&hellip;\n","protected":false},"author":2,"featured_media":311930,"comment_status":"","ping_status":"","sticky":false,"template":"","format":"standard","meta":{"footnotes":""},"categories":[1413],"tags":[1011,27,1457,1456,60],"class_list":{"0":"post-311929","1":"post","2":"type-post","3":"status-publish","4":"format-standard","5":"has-post-thumbnail","7":"category-moto","8":"tag-fr","9":"tag-france","10":"tag-moto","11":"tag-motocycle","12":"tag-sports"},"share_on_mastodon":{"url":"https:\/\/pubeurope.com\/@fr\/115010958049365686","error":""},"_links":{"self":[{"href":"https:\/\/www.europesays.com\/fr\/wp-json\/wp\/v2\/posts\/311929","targetHints":{"allow":["GET"]}}],"collection":[{"href":"https:\/\/www.europesays.com\/fr\/wp-json\/wp\/v2\/posts"}],"about":[{"href":"https:\/\/www.europesays.com\/fr\/wp-json\/wp\/v2\/types\/post"}],"author":[{"embeddable":true,"href":"https:\/\/www.europesays.com\/fr\/wp-json\/wp\/v2\/users\/2"}],"replies":[{"embeddable":true,"href":"https:\/\/www.europesays.com\/fr\/wp-json\/wp\/v2\/comments?post=311929"}],"version-history":[{"count":0,"href":"https:\/\/www.europesays.com\/fr\/wp-json\/wp\/v2\/posts\/311929\/revisions"}],"wp:featuredmedia":[{"embeddable":true,"href":"https:\/\/www.europesays.com\/fr\/wp-json\/wp\/v2\/media\/311930"}],"wp:attachment":[{"href":"https:\/\/www.europesays.com\/fr\/wp-json\/wp\/v2\/media?parent=311929"}],"wp:term":[{"taxonomy":"category","embeddable":true,"href":"https:\/\/www.europesays.com\/fr\/wp-json\/wp\/v2\/categories?post=311929"},{"taxonomy":"post_tag","embeddable":true,"href":"https:\/\/www.europesays.com\/fr\/wp-json\/wp\/v2\/tags?post=311929"}],"curies":[{"name":"wp","href":"https:\/\/api.w.org\/{rel}","templated":true}]}}