{"id":311933,"date":"2025-08-11T15:59:11","date_gmt":"2025-08-11T15:59:11","guid":{"rendered":"https:\/\/www.europesays.com\/fr\/311933\/"},"modified":"2025-08-11T15:59:11","modified_gmt":"2025-08-11T15:59:11","slug":"coup-de-mou-ou-vraie-lassitude-tadej-pogacar-compte-deja-les-annees-jusqua-la-retraite","status":"publish","type":"post","link":"https:\/\/www.europesays.com\/fr\/311933\/","title":{"rendered":"Coup de mou ou vraie lassitude\u00a0? Tadej Pogacar \u00ab\u00a0compte d\u00e9j\u00e0 les ann\u00e9es jusqu\u2019\u00e0 la retraite\u00a0\u00bb"},"content":{"rendered":"<p>On ne sait jamais trop sur quel pied danser avec lui. Apparu d\u2019une facilit\u00e9 d\u00e9concertante pour aller chercher son quatri\u00e8me Tour de France cet \u00e9t\u00e9, <a href=\"https:\/\/www.20minutes.fr\/sport\/tadej-pogacar\/\" target=\"_blank\" class=\"color-ultramarine c-link\" rel=\"noopener\">Tadej Pogacar<\/a> a sembl\u00e9 <a href=\"https:\/\/www.20minutes.fr\/sport\/cyclisme\/tour-de-france\/4167056-20250807-tour-france-2025-pogacar-volontairement-leve-pied-troisieme-semaine-faire-taire-critiques\" target=\"_blank\" class=\"color-ultramarine c-link\" rel=\"noopener\">lever le pied en derni\u00e8re semaine<\/a>, comme pour ne pas \u00e9veiller plus de doutes et de soup\u00e7ons quant \u00e0 la question lancinante du dopage qui entoure r\u00e9guli\u00e8rement ses performances. Mais le Slov\u00e8ne a aussi montr\u00e9 d\u2019\u00e9tonnants signes de lassitude, comme s\u2019il avait un peu perdu la flamme qui faisait de lui un coureur aim\u00e9 et respect\u00e9 du grand public dans les premi\u00e8res ann\u00e9es de carri\u00e8re.<\/p>\n<p>Interrog\u00e9 en marge du crit\u00e9rium de Komanda qui porte son nom et qu\u2019il a remport\u00e9 dans sa vielle natale, le leader d\u2019UAE Team Emirates n\u2019a pas d\u00e9menti ce constat. \u00ab\u00a0Le fait est que je compte d\u00e9j\u00e0 les ann\u00e9es jusqu\u2019\u00e0 la retraite, a-t-il d\u00e9clar\u00e9 ce week-end. J\u2019ai commenc\u00e9 \u00e0 gagner t\u00f4t, et il peut y avoir des r\u00e9sultats moins bons, je suis pr\u00eat \u00e0 tout. Je participerai probablement encore \u00e0 quelques Tours, m\u00eame si on ne peut jamais \u00eatre s\u00fbr d\u2019y participer. Le Tour est la course la plus importante et je doute que l\u2019\u00e9quipe me laisse \u00e0 la maison pendant encore quelques ann\u00e9es.\u00a0\u00bb<\/p>\n<p class=\"mb-xxl@xs color-ultramarine font-weight-semi-bold@xs font-source-serif-pro heading-s@xs\">L\u2019acc\u00e8s \u00e0 ce contenu a \u00e9t\u00e9 bloqu\u00e9 afin de respecter votre choix de consentement<\/p>\n<p class=\"mb-m@xs text-l@xs\">En cliquant sur\u00ab J\u2019accepte \u00bb, vous acceptez le d\u00e9p\u00f4t de cookies par des services externes et aurez ainsi acc\u00e8s aux contenus de nos partenaires.<\/p>\n<p class=\"mb-xl@xs text-s@xs\">Plus d\u2019informations sur la page<a href=\"https:\/\/www.20minutes.fr\/gestion-cookies\" class=\"mx-xxs@xs color-ultramarine\" target=\"_blank\" rel=\"noopener\">Politique de gestion des cookies<\/a><\/p>\n<p>J\u2019accepte<\/p>\n<p>Au lendemain de sa victoire \u00e0 Paris, \u00ab\u00a0Poggi\u00a0\u00bb avait d\u00e9j\u00e0 confi\u00e9 \u00e0 nos confr\u00e8res de <a href=\"https:\/\/www.lequipe.fr\/Cyclisme-sur-route\/Article\/Tadej-pogacar-fait-le-bilan-apres-son-quatrieme-sacre-sur-le-tour-de-france-je-ne-pense-pas-arreter-tout-de-suite-mais\/1581262\" rel=\"nofollow noopener\" target=\"_blank\" class=\"color-ultramarine c-link\">L\u2019Equipe<\/a> qu\u2019il pourrait envisager de remiser le v\u00e9lo au placard apr\u00e8s les Jeux olympiques de Los Angeles, en\u00a02028.<\/p>\n<\/p>\n<p>En attendant, en plus des Classiques canadiennes (GP de Qu\u00e9bec le 12\u00a0septembre, GP de Montr\u00e9al le 14), des Championnats du monde au Rwanda (21-18 septembre) et du Tour de Lombardie (11\u00a0octobre), Pogacar est attendu aux championnats d\u2019Europe qui devraient faire la part belle aux grimpeurs et se tiendront en France le 5\u00a0octobre prochain.<\/p>\n","protected":false},"excerpt":{"rendered":"On ne sait jamais trop sur quel pied danser avec lui. Apparu d\u2019une facilit\u00e9 d\u00e9concertante pour aller chercher&hellip;\n","protected":false},"author":2,"featured_media":311934,"comment_status":"","ping_status":"","sticky":false,"template":"","format":"standard","meta":{"footnotes":""},"categories":[1411],"tags":[1154,207,1011,27,21170,517,60,1138,210],"class_list":{"0":"post-311933","1":"post","2":"type-post","3":"status-publish","4":"format-standard","5":"has-post-thumbnail","7":"category-cyclisme","8":"tag-cycling","9":"tag-cyclisme","10":"tag-fr","11":"tag-france","12":"tag-slovenie","13":"tag-sport","14":"tag-sports","15":"tag-tadej-pogacar","16":"tag-tour-de-france"},"share_on_mastodon":{"url":"https:\/\/pubeurope.com\/@fr\/115010965635030166","error":""},"_links":{"self":[{"href":"https:\/\/www.europesays.com\/fr\/wp-json\/wp\/v2\/posts\/311933","targetHints":{"allow":["GET"]}}],"collection":[{"href":"https:\/\/www.europesays.com\/fr\/wp-json\/wp\/v2\/posts"}],"about":[{"href":"https:\/\/www.europesays.com\/fr\/wp-json\/wp\/v2\/types\/post"}],"author":[{"embeddable":true,"href":"https:\/\/www.europesays.com\/fr\/wp-json\/wp\/v2\/users\/2"}],"replies":[{"embeddable":true,"href":"https:\/\/www.europesays.com\/fr\/wp-json\/wp\/v2\/comments?post=311933"}],"version-history":[{"count":0,"href":"https:\/\/www.europesays.com\/fr\/wp-json\/wp\/v2\/posts\/311933\/revisions"}],"wp:featuredmedia":[{"embeddable":true,"href":"https:\/\/www.europesays.com\/fr\/wp-json\/wp\/v2\/media\/311934"}],"wp:attachment":[{"href":"https:\/\/www.europesays.com\/fr\/wp-json\/wp\/v2\/media?parent=311933"}],"wp:term":[{"taxonomy":"category","embeddable":true,"href":"https:\/\/www.europesays.com\/fr\/wp-json\/wp\/v2\/categories?post=311933"},{"taxonomy":"post_tag","embeddable":true,"href":"https:\/\/www.europesays.com\/fr\/wp-json\/wp\/v2\/tags?post=311933"}],"curies":[{"name":"wp","href":"https:\/\/api.w.org\/{rel}","templated":true}]}}