{"id":311937,"date":"2025-08-11T16:01:11","date_gmt":"2025-08-11T16:01:11","guid":{"rendered":"https:\/\/www.europesays.com\/fr\/311937\/"},"modified":"2025-08-11T16:01:11","modified_gmt":"2025-08-11T16:01:11","slug":"avec-larrivee-de-cyril-hanouna-la-chaine-va-faire-un-grand-changement","status":"publish","type":"post","link":"https:\/\/www.europesays.com\/fr\/311937\/","title":{"rendered":"Avec l\u2019arriv\u00e9e de Cyril Hanouna, la cha\u00eene va faire un grand changement"},"content":{"rendered":"<p>Une arriv\u00e9e en fanfare sur <a href=\"https:\/\/www.20minutes.fr\/dossier\/w9\" class=\"color-ultramarine c-link\" rel=\"nofollow noopener\" target=\"_blank\">W9<\/a> qui va passer par un gros changement pour les <a href=\"https:\/\/www.20minutes.fr\/arts-stars\/television\/\" class=\"color-ultramarine c-link\" rel=\"nofollow noopener\" target=\"_blank\">t\u00e9l\u00e9spectateurs<\/a>. La nouvelle \u00e9mission de <a href=\"https:\/\/www.20minutes.fr\/arts-stars\/television\/cyril_hanouna\/\" class=\"color-ultramarine c-link\" rel=\"nofollow noopener\" target=\"_blank\">Cyril Hanouna<\/a>, \u00ab\u00a0Tout beau, tout neuf promet\u00a0\u00bb, d\u2019\u00eatre un rendez-vous \u00ab\u00a0concentr\u00e9 d\u2019\u00e9nergie, de libert\u00e9 et de bonne humeur\u00a0\u00bb, m\u00ealant actualit\u00e9s, chroniques et happenings impr\u00e9visibles. Un gros programme pour une dur\u00e9e de trois heures du lundi au vendredi.<\/p>\n<p>Yann Barth\u00e8s en ligne de mire<\/p>\n<p>Si la cha\u00eene du groupe <a href=\"https:\/\/www.20minutes.fr\/dossier\/m6\" class=\"color-ultramarine c-link\" rel=\"nofollow noopener\" target=\"_blank\">M6<\/a> n\u2019a pas encore pr\u00e9cis\u00e9 si l\u2019\u00e9mission sera en direct ou avec un l\u00e9ger diff\u00e9r\u00e9, ce lancement s\u2019accompagne d\u2019une nouveaut\u00e9 significative pour les soir\u00e9es de W9. D\u00e8s le soir du 1er\u00a0septembre, l\u2019horaire des prime time sera modifi\u00e9. Les films ou \u00e9missions sur la cha\u00eene d\u00e9buteront d\u00e9sormais \u00e0 21h25 au lieu de 21h10. Ce d\u00e9calage strat\u00e9gique permettra \u00e0 Cyril Hanouna de prendre l\u2019antenne \u00e0 18h45 et de la rendre en m\u00eame temps que son concurrent direct, \u00ab\u00a0Quotidien\u00a0\u00bb de <a href=\"https:\/\/www.20minutes.fr\/dossier\/yann_barthes\" class=\"color-ultramarine c-link\" rel=\"nofollow noopener\" target=\"_blank\">Yann Barth\u00e8s<\/a> sur <a href=\"https:\/\/www.20minutes.fr\/television\/tmc\/\" class=\"color-ultramarine c-link\" rel=\"nofollow noopener\" target=\"_blank\">TMC<\/a>.<\/p>\n<p>L\u2019ancien de groupe <a href=\"https:\/\/www.20minutes.fr\/arts-stars\/medias\/canal_plus\/\" class=\"color-ultramarine c-link\" rel=\"nofollow noopener\" target=\"_blank\">Canal<\/a> a r\u00e9uni neuf chroniqueurs\u00a0: cinq visages connus comme Raymond, G\u00e9raldine Maillet, Olivier Dartigolles et Val\u00e9rie Bena\u00efm et quatre nouveaux. Ce transfert, tr\u00e8s attendu, marque une nouvelle \u00e8re pour l\u2019animateur apr\u00e8s la fin controvers\u00e9e de C8, et promet de secouer le paysage audiovisuel.<\/p>\n","protected":false},"excerpt":{"rendered":"Une arriv\u00e9e en fanfare sur W9 qui va passer par un gros changement pour les t\u00e9l\u00e9spectateurs. La nouvelle&hellip;\n","protected":false},"author":2,"featured_media":311938,"comment_status":"","ping_status":"","sticky":false,"template":"","format":"standard","meta":{"footnotes":""},"categories":[1359],"tags":[7278,1083,58,4739,59,1011,27,494,973,1404,252,2395,1405],"class_list":{"0":"post-311937","1":"post","2":"type-post","3":"status-publish","4":"format-standard","5":"has-post-thumbnail","7":"category-people","8":"tag-c8","9":"tag-cyril-hanouna","10":"tag-divertissement","11":"tag-emission-de-television","12":"tag-entertainment","13":"tag-fr","14":"tag-france","15":"tag-m6","16":"tag-people","17":"tag-quotidien","18":"tag-television","19":"tag-w9","20":"tag-yann-barthes"},"share_on_mastodon":{"url":"https:\/\/pubeurope.com\/@fr\/115010973431922843","error":""},"_links":{"self":[{"href":"https:\/\/www.europesays.com\/fr\/wp-json\/wp\/v2\/posts\/311937","targetHints":{"allow":["GET"]}}],"collection":[{"href":"https:\/\/www.europesays.com\/fr\/wp-json\/wp\/v2\/posts"}],"about":[{"href":"https:\/\/www.europesays.com\/fr\/wp-json\/wp\/v2\/types\/post"}],"author":[{"embeddable":true,"href":"https:\/\/www.europesays.com\/fr\/wp-json\/wp\/v2\/users\/2"}],"replies":[{"embeddable":true,"href":"https:\/\/www.europesays.com\/fr\/wp-json\/wp\/v2\/comments?post=311937"}],"version-history":[{"count":0,"href":"https:\/\/www.europesays.com\/fr\/wp-json\/wp\/v2\/posts\/311937\/revisions"}],"wp:featuredmedia":[{"embeddable":true,"href":"https:\/\/www.europesays.com\/fr\/wp-json\/wp\/v2\/media\/311938"}],"wp:attachment":[{"href":"https:\/\/www.europesays.com\/fr\/wp-json\/wp\/v2\/media?parent=311937"}],"wp:term":[{"taxonomy":"category","embeddable":true,"href":"https:\/\/www.europesays.com\/fr\/wp-json\/wp\/v2\/categories?post=311937"},{"taxonomy":"post_tag","embeddable":true,"href":"https:\/\/www.europesays.com\/fr\/wp-json\/wp\/v2\/tags?post=311937"}],"curies":[{"name":"wp","href":"https:\/\/api.w.org\/{rel}","templated":true}]}}